{"id":1012834,"date":"2026-02-18T14:37:05","date_gmt":"2026-02-18T13:37:05","guid":{"rendered":"https:\/\/carl-humann.de\/gesegnete-fastenzeit\/"},"modified":"2026-02-18T14:37:55","modified_gmt":"2026-02-18T13:37:55","slug":"gesegnete-fastenzeit","status":"publish","type":"post","link":"https:\/\/carl-humann.de\/en\/gesegnete-fastenzeit\/","title":{"rendered":"Gesegnete Fastenzeit!"},"content":{"rendered":"<div class=\"vgblk-rw-wrapper limit-wrapper\">\n<p style=\"font-weight: 400;\">In diesem Jahr fasten Christen und Muslime ab dem 18. Februar gleichzeitig- die Christen vierzig Tage lang bis Ostern, die Muslime einen Monat lang bis zum Zuckerfest. W\u00e4hrend das Osterfest jedes Jahr am Sonntag nach dem ersten Fr\u00fchlingsvollmond gefeiert wird und sich dadurch auch die Fastenzeit innerhalb des Fr\u00fchjahrs verschiebt, richtet sich der Ramadan nach dem Mondkalender und kann zu unterschiedlichen Jahreszeiten stattfinden. 2026 also gleichzeitig \u2013 aber es gibt nicht nur zeitliche, sondern auch inhaltliche Parallelen!<\/p>\n<p style=\"font-weight: 400;\">Das christliche Kirchenjahr kennt eine Abwechslung von Alltags- und Feierzeiten. Man kann nicht durchgehend feiern \u2013 die Gew\u00f6hnung w\u00fcrde zu Langeweile f\u00fchren, das Fest an Intensit\u00e4t verlieren. Vor Ostern, dem h\u00f6chsten christlichen Fest, beginnt daher mit dem Aschermittwoch eine Zeit des Nicht-Feierns, des sich-Einschr\u00e4nkens, des Nachdenkens, des Betens und der Solidarit\u00e4t. Um sich darauf zu besinnen, was wirklich wichtig ist, verzichten Christen auf etwas \u2013 auf Luxus, auf gutes Essen, auf Fleisch, Alkohol oder auf \u00fcberm\u00e4\u00dfigen Medienkonsum. Dabei wird jedes Jahr noch ein besonderer Akzent gesetzt. So stellt die evangelische Kirche die Fastenzeit 2026 unter das Motto \u201eSieben Wochen ohne H\u00e4rte\u201c \u2013 wie kann ich meinem Mitmenschen anders begegnen als hart, wie kann ich barmherzig und mitf\u00fchlend sein? Katholische Christen richten ihren Blick mit dem Hilfswerk MISEREOR auf Menschen in Not, auf die Sensibilisierung f\u00fcr Gerechtigkeit, in diesem Jahr unter dem Motto \u201eHier f\u00e4ngt Zukunft an\u201c auf Jugendliche in Kamerun, die kein Geld f\u00fcr eine Ausbildung haben.<\/p>\n<p style=\"font-weight: 400;\">F\u00fcr Muslime ist das Fasten eine der f\u00fcnf S\u00e4ulen ihrer Religion. Von der Morgend\u00e4mmerung bis zum Sonnenuntergang verzichten sie auf Essen und Trinken, Erwachsene auch auf das Rauchen. Damit \u00fcben sie Selbstbeherrschung. Erst im Dunkeln versammeln sie sich zum Fastenbrechen, dem gemeinsamen Essen, das die Gemeinschaft zusammenf\u00fchrt. Auch im Islam dient die Fastenzeit dazu, sich zu besinnen, sich Gott anzun\u00e4hern und Mitgef\u00fchl f\u00fcr andere zu entwickeln.<\/p>\n<p style=\"font-weight: 400;\">In beiden Religionen geht es also um bewussten Verzicht und um Solidarit\u00e4t.<\/p>\n<p style=\"font-weight: 400;\">In diesem Sinne w\u00fcnschen wir der ganzen Schulgemeinschaft<br \/>\neine gesegnete Fastenzeit und Ramadan mubarak.<\/p>\n<p style=\"font-weight: 400;\">F\u00fcr die Schulseelsorge<br \/>\nDr. Sabine Felbecker<\/p>\n<p style=\"font-weight: 400;\"><img fetchpriority=\"high\" decoding=\"async\" class=\"alignnone size-full wp-image-1012825\" src=\"https:\/\/carl-humann.de\/wp-content\/uploads\/2026\/02\/2ramadan.jpg\" alt=\"\" width=\"225\" height=\"225\" srcset=\"https:\/\/carl-humann.de\/wp-content\/uploads\/2026\/02\/2ramadan.jpg 225w, https:\/\/carl-humann.de\/wp-content\/uploads\/2026\/02\/2ramadan-150x150.jpg 150w\" sizes=\"(max-width: 225px) 100vw, 225px\" \/><\/p>\n<p style=\"font-weight: 400;\"><img decoding=\"async\" class=\"alignnone size-full wp-image-1012827\" src=\"https:\/\/carl-humann.de\/wp-content\/uploads\/2026\/02\/3aschermittwoch2.jpg\" alt=\"\" width=\"300\" height=\"168\" \/><\/p>\n<p style=\"font-weight: 400;\"><img decoding=\"async\" class=\"alignnone size-full wp-image-1012829\" src=\"https:\/\/carl-humann.de\/wp-content\/uploads\/2026\/02\/4OhneHaerte.png\" alt=\"\" width=\"299\" height=\"168\" \/><\/p>\n<p style=\"font-weight: 400;\"><img loading=\"lazy\" decoding=\"async\" class=\"alignnone size-full wp-image-1012831\" src=\"https:\/\/carl-humann.de\/wp-content\/uploads\/2026\/02\/5Misereor2026.jpg\" alt=\"\" width=\"686\" height=\"386\" srcset=\"https:\/\/carl-humann.de\/wp-content\/uploads\/2026\/02\/5Misereor2026.jpg 686w, https:\/\/carl-humann.de\/wp-content\/uploads\/2026\/02\/5Misereor2026-300x169.jpg 300w\" sizes=\"(max-width: 686px) 100vw, 686px\" \/><\/p>\n<\/div>\n<p><!-- .vgblk-rw-wrapper --><\/p>\n","protected":false},"excerpt":{"rendered":"<p>In diesem Jahr fasten Christen und Muslime ab dem 18. Februar gleichzeitig- die Christen vierzig Tage lang bis Ostern, die Muslime einen Monat lang bis zum Zuckerfest. W\u00e4hrend das Osterfest jedes Jahr am Sonntag nach dem ersten Fr\u00fchlingsvollmond gefeiert wird und sich dadurch auch die Fastenzeit innerhalb des Fr\u00fchjahrs verschiebt, richtet sich der Ramadan nach&#8230;<\/p>\n","protected":false},"author":5,"featured_media":1012824,"comment_status":"closed","ping_status":"closed","sticky":false,"template":"","format":"standard","meta":{"inline_featured_image":false,"footnotes":""},"categories":[],"tags":[],"class_list":["post-1012834","post","type-post","status-publish","format-standard","has-post-thumbnail","hentry"],"yoast_head":"<!-- This site is optimized with the Yoast SEO plugin v27.4 - https:\/\/yoast.com\/product\/yoast-seo-wordpress\/ -->\n<title>Gesegnete Fastenzeit! - Carl-Humann-Gymnasium Essen<\/title>\n<meta name=\"robots\" content=\"index, follow, max-snippet:-1, max-image-preview:large, max-video-preview:-1\" \/>\n<link rel=\"canonical\" href=\"https:\/\/carl-humann.de\/en\/gesegnete-fastenzeit\/\" \/>\n<meta property=\"og:locale\" content=\"en_US\" \/>\n<meta property=\"og:type\" content=\"article\" \/>\n<meta property=\"og:title\" content=\"Gesegnete Fastenzeit! - Carl-Humann-Gymnasium Essen\" \/>\n<meta property=\"og:description\" content=\"In diesem Jahr fasten Christen und Muslime ab dem 18. Februar gleichzeitig- die Christen vierzig Tage lang bis Ostern, die Muslime einen Monat lang bis zum Zuckerfest. W\u00e4hrend das Osterfest jedes Jahr am Sonntag nach dem ersten Fr\u00fchlingsvollmond gefeiert wird und sich dadurch auch die Fastenzeit innerhalb des Fr\u00fchjahrs verschiebt, richtet sich der Ramadan nach...\" \/>\n<meta property=\"og:url\" content=\"https:\/\/carl-humann.de\/en\/gesegnete-fastenzeit\/\" \/>\n<meta property=\"og:site_name\" content=\"Carl-Humann-Gymnasium Essen\" \/>\n<meta property=\"article:published_time\" content=\"2026-02-18T13:37:05+00:00\" \/>\n<meta property=\"article:modified_time\" content=\"2026-02-18T13:37:55+00:00\" \/>\n<meta property=\"og:image\" content=\"https:\/\/carl-humann.de\/wp-content\/uploads\/2026\/02\/1Fastenzeit7.jpg\" \/>\n\t<meta property=\"og:image:width\" content=\"1024\" \/>\n\t<meta property=\"og:image:height\" content=\"768\" \/>\n\t<meta property=\"og:image:type\" content=\"image\/jpeg\" \/>\n<meta name=\"author\" content=\"Max Baukrowitz\" \/>\n<meta name=\"twitter:card\" content=\"summary_large_image\" \/>\n<meta name=\"twitter:label1\" content=\"Written by\" \/>\n\t<meta name=\"twitter:data1\" content=\"Max Baukrowitz\" \/>\n\t<meta name=\"twitter:label2\" content=\"Est. reading time\" \/>\n\t<meta name=\"twitter:data2\" content=\"3 minutes\" \/>\n<script type=\"application\/ld+json\" class=\"yoast-schema-graph\">{\"@context\":\"https:\\\/\\\/schema.org\",\"@graph\":[{\"@type\":\"Article\",\"@id\":\"https:\\\/\\\/carl-humann.de\\\/en\\\/gesegnete-fastenzeit\\\/#article\",\"isPartOf\":{\"@id\":\"https:\\\/\\\/carl-humann.de\\\/en\\\/gesegnete-fastenzeit\\\/\"},\"author\":{\"name\":\"Max Baukrowitz\",\"@id\":\"https:\\\/\\\/carl-humann.de\\\/#\\\/schema\\\/person\\\/11e850f41ea9f13a02e91c11f24dfb74\"},\"headline\":\"Gesegnete Fastenzeit!\",\"datePublished\":\"2026-02-18T13:37:05+00:00\",\"dateModified\":\"2026-02-18T13:37:55+00:00\",\"mainEntityOfPage\":{\"@id\":\"https:\\\/\\\/carl-humann.de\\\/en\\\/gesegnete-fastenzeit\\\/\"},\"wordCount\":354,\"publisher\":{\"@id\":\"https:\\\/\\\/carl-humann.de\\\/#organization\"},\"image\":{\"@id\":\"https:\\\/\\\/carl-humann.de\\\/en\\\/gesegnete-fastenzeit\\\/#primaryimage\"},\"thumbnailUrl\":\"https:\\\/\\\/carl-humann.de\\\/wp-content\\\/uploads\\\/2026\\\/02\\\/1Fastenzeit7.jpg\",\"inLanguage\":\"en-US\"},{\"@type\":\"WebPage\",\"@id\":\"https:\\\/\\\/carl-humann.de\\\/en\\\/gesegnete-fastenzeit\\\/\",\"url\":\"https:\\\/\\\/carl-humann.de\\\/en\\\/gesegnete-fastenzeit\\\/\",\"name\":\"Gesegnete Fastenzeit! - Carl-Humann-Gymnasium Essen\",\"isPartOf\":{\"@id\":\"https:\\\/\\\/carl-humann.de\\\/#website\"},\"primaryImageOfPage\":{\"@id\":\"https:\\\/\\\/carl-humann.de\\\/en\\\/gesegnete-fastenzeit\\\/#primaryimage\"},\"image\":{\"@id\":\"https:\\\/\\\/carl-humann.de\\\/en\\\/gesegnete-fastenzeit\\\/#primaryimage\"},\"thumbnailUrl\":\"https:\\\/\\\/carl-humann.de\\\/wp-content\\\/uploads\\\/2026\\\/02\\\/1Fastenzeit7.jpg\",\"datePublished\":\"2026-02-18T13:37:05+00:00\",\"dateModified\":\"2026-02-18T13:37:55+00:00\",\"breadcrumb\":{\"@id\":\"https:\\\/\\\/carl-humann.de\\\/en\\\/gesegnete-fastenzeit\\\/#breadcrumb\"},\"inLanguage\":\"en-US\",\"potentialAction\":[{\"@type\":\"ReadAction\",\"target\":[\"https:\\\/\\\/carl-humann.de\\\/en\\\/gesegnete-fastenzeit\\\/\"]}]},{\"@type\":\"ImageObject\",\"inLanguage\":\"en-US\",\"@id\":\"https:\\\/\\\/carl-humann.de\\\/en\\\/gesegnete-fastenzeit\\\/#primaryimage\",\"url\":\"https:\\\/\\\/carl-humann.de\\\/wp-content\\\/uploads\\\/2026\\\/02\\\/1Fastenzeit7.jpg\",\"contentUrl\":\"https:\\\/\\\/carl-humann.de\\\/wp-content\\\/uploads\\\/2026\\\/02\\\/1Fastenzeit7.jpg\",\"width\":1024,\"height\":768},{\"@type\":\"BreadcrumbList\",\"@id\":\"https:\\\/\\\/carl-humann.de\\\/en\\\/gesegnete-fastenzeit\\\/#breadcrumb\",\"itemListElement\":[{\"@type\":\"ListItem\",\"position\":1,\"name\":\"Startseite\",\"item\":\"https:\\\/\\\/carl-humann.de\\\/\"},{\"@type\":\"ListItem\",\"position\":2,\"name\":\"Gesegnete Fastenzeit!\"}]},{\"@type\":\"WebSite\",\"@id\":\"https:\\\/\\\/carl-humann.de\\\/#website\",\"url\":\"https:\\\/\\\/carl-humann.de\\\/\",\"name\":\"Carl-Humann-Gymnasium Essen\",\"description\":\"\",\"publisher\":{\"@id\":\"https:\\\/\\\/carl-humann.de\\\/#organization\"},\"potentialAction\":[{\"@type\":\"SearchAction\",\"target\":{\"@type\":\"EntryPoint\",\"urlTemplate\":\"https:\\\/\\\/carl-humann.de\\\/?s={search_term_string}\"},\"query-input\":{\"@type\":\"PropertyValueSpecification\",\"valueRequired\":true,\"valueName\":\"search_term_string\"}}],\"inLanguage\":\"en-US\"},{\"@type\":\"Organization\",\"@id\":\"https:\\\/\\\/carl-humann.de\\\/#organization\",\"name\":\"Carl-Humann-Gymnasium Essen\",\"url\":\"https:\\\/\\\/carl-humann.de\\\/\",\"logo\":{\"@type\":\"ImageObject\",\"inLanguage\":\"en-US\",\"@id\":\"https:\\\/\\\/carl-humann.de\\\/#\\\/schema\\\/logo\\\/image\\\/\",\"url\":\"https:\\\/\\\/carl-humann.de\\\/wp-content\\\/uploads\\\/2021\\\/09\\\/Logo_1c_222x85mm-1.png\",\"contentUrl\":\"https:\\\/\\\/carl-humann.de\\\/wp-content\\\/uploads\\\/2021\\\/09\\\/Logo_1c_222x85mm-1.png\",\"width\":2622,\"height\":1004,\"caption\":\"Carl-Humann-Gymnasium Essen\"},\"image\":{\"@id\":\"https:\\\/\\\/carl-humann.de\\\/#\\\/schema\\\/logo\\\/image\\\/\"}},{\"@type\":\"Person\",\"@id\":\"https:\\\/\\\/carl-humann.de\\\/#\\\/schema\\\/person\\\/11e850f41ea9f13a02e91c11f24dfb74\",\"name\":\"Max Baukrowitz\",\"url\":\"https:\\\/\\\/carl-humann.de\\\/en\\\/author\\\/max-baukrowitz\\\/\"}]}<\/script>\n<!-- \/ Yoast SEO plugin. -->","yoast_head_json":{"title":"Gesegnete Fastenzeit! - Carl-Humann-Gymnasium Essen","robots":{"index":"index","follow":"follow","max-snippet":"max-snippet:-1","max-image-preview":"max-image-preview:large","max-video-preview":"max-video-preview:-1"},"canonical":"https:\/\/carl-humann.de\/en\/gesegnete-fastenzeit\/","og_locale":"en_US","og_type":"article","og_title":"Gesegnete Fastenzeit! - Carl-Humann-Gymnasium Essen","og_description":"In diesem Jahr fasten Christen und Muslime ab dem 18. Februar gleichzeitig- die Christen vierzig Tage lang bis Ostern, die Muslime einen Monat lang bis zum Zuckerfest. W\u00e4hrend das Osterfest jedes Jahr am Sonntag nach dem ersten Fr\u00fchlingsvollmond gefeiert wird und sich dadurch auch die Fastenzeit innerhalb des Fr\u00fchjahrs verschiebt, richtet sich der Ramadan nach...","og_url":"https:\/\/carl-humann.de\/en\/gesegnete-fastenzeit\/","og_site_name":"Carl-Humann-Gymnasium Essen","article_published_time":"2026-02-18T13:37:05+00:00","article_modified_time":"2026-02-18T13:37:55+00:00","og_image":[{"width":1024,"height":768,"url":"https:\/\/carl-humann.de\/wp-content\/uploads\/2026\/02\/1Fastenzeit7.jpg","type":"image\/jpeg"}],"author":"Max Baukrowitz","twitter_card":"summary_large_image","twitter_misc":{"Written by":"Max Baukrowitz","Est. reading time":"3 minutes"},"schema":{"@context":"https:\/\/schema.org","@graph":[{"@type":"Article","@id":"https:\/\/carl-humann.de\/en\/gesegnete-fastenzeit\/#article","isPartOf":{"@id":"https:\/\/carl-humann.de\/en\/gesegnete-fastenzeit\/"},"author":{"name":"Max Baukrowitz","@id":"https:\/\/carl-humann.de\/#\/schema\/person\/11e850f41ea9f13a02e91c11f24dfb74"},"headline":"Gesegnete Fastenzeit!","datePublished":"2026-02-18T13:37:05+00:00","dateModified":"2026-02-18T13:37:55+00:00","mainEntityOfPage":{"@id":"https:\/\/carl-humann.de\/en\/gesegnete-fastenzeit\/"},"wordCount":354,"publisher":{"@id":"https:\/\/carl-humann.de\/#organization"},"image":{"@id":"https:\/\/carl-humann.de\/en\/gesegnete-fastenzeit\/#primaryimage"},"thumbnailUrl":"https:\/\/carl-humann.de\/wp-content\/uploads\/2026\/02\/1Fastenzeit7.jpg","inLanguage":"en-US"},{"@type":"WebPage","@id":"https:\/\/carl-humann.de\/en\/gesegnete-fastenzeit\/","url":"https:\/\/carl-humann.de\/en\/gesegnete-fastenzeit\/","name":"Gesegnete Fastenzeit! - Carl-Humann-Gymnasium Essen","isPartOf":{"@id":"https:\/\/carl-humann.de\/#website"},"primaryImageOfPage":{"@id":"https:\/\/carl-humann.de\/en\/gesegnete-fastenzeit\/#primaryimage"},"image":{"@id":"https:\/\/carl-humann.de\/en\/gesegnete-fastenzeit\/#primaryimage"},"thumbnailUrl":"https:\/\/carl-humann.de\/wp-content\/uploads\/2026\/02\/1Fastenzeit7.jpg","datePublished":"2026-02-18T13:37:05+00:00","dateModified":"2026-02-18T13:37:55+00:00","breadcrumb":{"@id":"https:\/\/carl-humann.de\/en\/gesegnete-fastenzeit\/#breadcrumb"},"inLanguage":"en-US","potentialAction":[{"@type":"ReadAction","target":["https:\/\/carl-humann.de\/en\/gesegnete-fastenzeit\/"]}]},{"@type":"ImageObject","inLanguage":"en-US","@id":"https:\/\/carl-humann.de\/en\/gesegnete-fastenzeit\/#primaryimage","url":"https:\/\/carl-humann.de\/wp-content\/uploads\/2026\/02\/1Fastenzeit7.jpg","contentUrl":"https:\/\/carl-humann.de\/wp-content\/uploads\/2026\/02\/1Fastenzeit7.jpg","width":1024,"height":768},{"@type":"BreadcrumbList","@id":"https:\/\/carl-humann.de\/en\/gesegnete-fastenzeit\/#breadcrumb","itemListElement":[{"@type":"ListItem","position":1,"name":"Startseite","item":"https:\/\/carl-humann.de\/"},{"@type":"ListItem","position":2,"name":"Gesegnete Fastenzeit!"}]},{"@type":"WebSite","@id":"https:\/\/carl-humann.de\/#website","url":"https:\/\/carl-humann.de\/","name":"Carl-Humann-Gymnasium Essen","description":"","publisher":{"@id":"https:\/\/carl-humann.de\/#organization"},"potentialAction":[{"@type":"SearchAction","target":{"@type":"EntryPoint","urlTemplate":"https:\/\/carl-humann.de\/?s={search_term_string}"},"query-input":{"@type":"PropertyValueSpecification","valueRequired":true,"valueName":"search_term_string"}}],"inLanguage":"en-US"},{"@type":"Organization","@id":"https:\/\/carl-humann.de\/#organization","name":"Carl-Humann-Gymnasium Essen","url":"https:\/\/carl-humann.de\/","logo":{"@type":"ImageObject","inLanguage":"en-US","@id":"https:\/\/carl-humann.de\/#\/schema\/logo\/image\/","url":"https:\/\/carl-humann.de\/wp-content\/uploads\/2021\/09\/Logo_1c_222x85mm-1.png","contentUrl":"https:\/\/carl-humann.de\/wp-content\/uploads\/2021\/09\/Logo_1c_222x85mm-1.png","width":2622,"height":1004,"caption":"Carl-Humann-Gymnasium Essen"},"image":{"@id":"https:\/\/carl-humann.de\/#\/schema\/logo\/image\/"}},{"@type":"Person","@id":"https:\/\/carl-humann.de\/#\/schema\/person\/11e850f41ea9f13a02e91c11f24dfb74","name":"Max Baukrowitz","url":"https:\/\/carl-humann.de\/en\/author\/max-baukrowitz\/"}]}},"_links":{"self":[{"href":"https:\/\/carl-humann.de\/en\/wp-json\/wp\/v2\/posts\/1012834","targetHints":{"allow":["GET"]}}],"collection":[{"href":"https:\/\/carl-humann.de\/en\/wp-json\/wp\/v2\/posts"}],"about":[{"href":"https:\/\/carl-humann.de\/en\/wp-json\/wp\/v2\/types\/post"}],"author":[{"embeddable":true,"href":"https:\/\/carl-humann.de\/en\/wp-json\/wp\/v2\/users\/5"}],"replies":[{"embeddable":true,"href":"https:\/\/carl-humann.de\/en\/wp-json\/wp\/v2\/comments?post=1012834"}],"version-history":[{"count":1,"href":"https:\/\/carl-humann.de\/en\/wp-json\/wp\/v2\/posts\/1012834\/revisions"}],"predecessor-version":[{"id":1012835,"href":"https:\/\/carl-humann.de\/en\/wp-json\/wp\/v2\/posts\/1012834\/revisions\/1012835"}],"wp:featuredmedia":[{"embeddable":true,"href":"https:\/\/carl-humann.de\/en\/wp-json\/wp\/v2\/media\/1012824"}],"wp:attachment":[{"href":"https:\/\/carl-humann.de\/en\/wp-json\/wp\/v2\/media?parent=1012834"}],"wp:term":[{"taxonomy":"category","embeddable":true,"href":"https:\/\/carl-humann.de\/en\/wp-json\/wp\/v2\/categories?post=1012834"},{"taxonomy":"post_tag","embeddable":true,"href":"https:\/\/carl-humann.de\/en\/wp-json\/wp\/v2\/tags?post=1012834"}],"curies":[{"name":"wp","href":"https:\/\/api.w.org\/{rel}","templated":true}]}}