{"id":1012781,"date":"2026-02-04T09:44:20","date_gmt":"2026-02-04T08:44:20","guid":{"rendered":"https:\/\/carl-humann.de\/?p=1012781"},"modified":"2026-02-04T09:44:20","modified_gmt":"2026-02-04T08:44:20","slug":"cinefete-ein-besuch-des-astra-theaters-im-rahmen-des-franzoesischen-jugendfilmfestivals-2","status":"publish","type":"post","link":"https:\/\/carl-humann.de\/en\/cinefete-ein-besuch-des-astra-theaters-im-rahmen-des-franzoesischen-jugendfilmfestivals-2\/","title":{"rendered":"Cin\u00e9f\u00eate \u2013 ein Besuch des Astra Theaters im Rahmen des franz\u00f6sischen Jugendfilmfestivals"},"content":{"rendered":"<div class=\"vgblk-rw-wrapper limit-wrapper\">\n<p style=\"font-weight: 400;\">Im Januar waren wir mit den drei 10. Klassen und an einem anderen Tag mit der EF Franz\u00f6sisch im Astra Theater in Essen und haben uns im Rahmen der Cin\u00e9f\u00eate die Filme Le Panache und Un p\u2019tit truc en plus angesehen. Cin\u00e9f\u00eate findet regelm\u00e4\u00dfig statt und ist eigens f\u00fcr franz\u00f6sischlernende Jugendliche konzipiert. Es werden nur Filme ausgew\u00e4hlt, die sich mit gesellschaftskritischen oder jugendspezifischen Themen auseinandersetzen und im Originalton mit deutschem Untertitel pr\u00e4sentiert, so dass neben dem Kinogenuss auch das H\u00f6rverstehen gezielt geschult wird.<\/p>\n<p style=\"font-weight: 400;\">In Le Panache geht es um Colin, einen Jungen, der sich an seiner neuen Schule, die er nach der Scheidung seiner Eltern besucht, ausgeschlossen und allein f\u00fchlt. Hinzu kommt zu seinen weiteren Problemen, dass er stottert. Seinem engagierten Lehrer M.Devarseau, der in ihm schauspielerisches Potenzial sieht, ist es zu verdanken, dass er in einer Theaterauff\u00fchrung von \u201eCyrano de Bergerac\u201c eine Rolle bekommt. Um auf der B\u00fchne stehen und bestehen zu k\u00f6nnen, muss Colin nicht nur sein Stottern in den Griff bekommen.<\/p>\n<p style=\"font-weight: 400;\">Un p\u2019tit truc en plus handelt von einer Gruppe eingeschr\u00e4nkter Menschen, deren Betreuer und Betreuerinnen und Paulo und seinem Vater. Paulo und sein Vater Lucien sind Bankr\u00e4uber, aber nach einem Raubzug geht etwas schief. Sie schlie\u00dfen sich deswegen einer Reisegruppe eingeschr\u00e4nkter Menschen an und geben sich als Betreuer und Sch\u00fctzling aus. Eigentlich m\u00fcssen sie dieses Spiel nur ein paar Tage aufrecht erhalten, bis der Raub vergessen ist, aber sie untersch\u00e4tzen die Auffassungsgabe ihrer Mitreisenden.<\/p>\n<p style=\"font-weight: 400;\">Eine tolle Erfahrung, Franz\u00f6sisch auch mal au\u00dferhalb des Unterrichts zu h\u00f6ren und franz\u00f6sisches Kino zu erleben.<\/p>\n<p style=\"font-weight: 400;\">\u00c0 l\u2019ann\u00e9e prochaine !<\/p>\n<p style=\"font-weight: 400;\"><img fetchpriority=\"high\" decoding=\"async\" class=\"alignnone size-full wp-image-1012779\" src=\"https:\/\/carl-humann.de\/wp-content\/uploads\/2026\/02\/Screenshot-2026-02-03-204555-1.png\" alt=\"\" width=\"604\" height=\"878\" srcset=\"https:\/\/carl-humann.de\/wp-content\/uploads\/2026\/02\/Screenshot-2026-02-03-204555-1.png 604w, https:\/\/carl-humann.de\/wp-content\/uploads\/2026\/02\/Screenshot-2026-02-03-204555-1-206x300.png 206w\" sizes=\"(max-width: 604px) 100vw, 604px\" \/><\/p>\n<\/div>\n<p><!-- .vgblk-rw-wrapper --><\/p>\n","protected":false},"excerpt":{"rendered":"<p>Im Januar waren wir mit den drei 10. Klassen und an einem anderen Tag mit der EF Franz\u00f6sisch im Astra Theater in Essen und haben uns im Rahmen der Cin\u00e9f\u00eate die Filme Le Panache und Un p\u2019tit truc en plus angesehen. Cin\u00e9f\u00eate findet regelm\u00e4\u00dfig statt und ist eigens f\u00fcr franz\u00f6sischlernende Jugendliche konzipiert. Es werden nur&#8230;<\/p>\n","protected":false},"author":5,"featured_media":1012778,"comment_status":"closed","ping_status":"closed","sticky":false,"template":"","format":"standard","meta":{"inline_featured_image":false,"footnotes":""},"categories":[],"tags":[],"class_list":["post-1012781","post","type-post","status-publish","format-standard","has-post-thumbnail","hentry"],"yoast_head":"<!-- This site is optimized with the Yoast SEO plugin v27.4 - https:\/\/yoast.com\/product\/yoast-seo-wordpress\/ -->\n<title>Cin\u00e9f\u00eate \u2013 ein Besuch des Astra Theaters im Rahmen des franz\u00f6sischen Jugendfilmfestivals - Carl-Humann-Gymnasium Essen<\/title>\n<meta name=\"robots\" content=\"index, follow, max-snippet:-1, max-image-preview:large, max-video-preview:-1\" \/>\n<link rel=\"canonical\" href=\"https:\/\/carl-humann.de\/en\/cinefete-ein-besuch-des-astra-theaters-im-rahmen-des-franzoesischen-jugendfilmfestivals-2\/\" \/>\n<meta property=\"og:locale\" content=\"en_US\" \/>\n<meta property=\"og:type\" content=\"article\" \/>\n<meta property=\"og:title\" content=\"Cin\u00e9f\u00eate \u2013 ein Besuch des Astra Theaters im Rahmen des franz\u00f6sischen Jugendfilmfestivals - Carl-Humann-Gymnasium Essen\" \/>\n<meta property=\"og:description\" content=\"Im Januar waren wir mit den drei 10. Klassen und an einem anderen Tag mit der EF Franz\u00f6sisch im Astra Theater in Essen und haben uns im Rahmen der Cin\u00e9f\u00eate die Filme Le Panache und Un p\u2019tit truc en plus angesehen. Cin\u00e9f\u00eate findet regelm\u00e4\u00dfig statt und ist eigens f\u00fcr franz\u00f6sischlernende Jugendliche konzipiert. Es werden nur...\" \/>\n<meta property=\"og:url\" content=\"https:\/\/carl-humann.de\/en\/cinefete-ein-besuch-des-astra-theaters-im-rahmen-des-franzoesischen-jugendfilmfestivals-2\/\" \/>\n<meta property=\"og:site_name\" content=\"Carl-Humann-Gymnasium Essen\" \/>\n<meta property=\"article:published_time\" content=\"2026-02-04T08:44:20+00:00\" \/>\n<meta property=\"og:image\" content=\"https:\/\/carl-humann.de\/wp-content\/uploads\/2026\/02\/Screenshot-2026-02-03-204555-1.png\" \/>\n\t<meta property=\"og:image:width\" content=\"604\" \/>\n\t<meta property=\"og:image:height\" content=\"878\" \/>\n\t<meta property=\"og:image:type\" content=\"image\/png\" \/>\n<meta name=\"author\" content=\"Max Baukrowitz\" \/>\n<meta name=\"twitter:card\" content=\"summary_large_image\" \/>\n<meta name=\"twitter:label1\" content=\"Written by\" \/>\n\t<meta name=\"twitter:data1\" content=\"Max Baukrowitz\" \/>\n\t<meta name=\"twitter:label2\" content=\"Est. reading time\" \/>\n\t<meta name=\"twitter:data2\" content=\"2 minutes\" \/>\n<script type=\"application\/ld+json\" class=\"yoast-schema-graph\">{\"@context\":\"https:\\\/\\\/schema.org\",\"@graph\":[{\"@type\":\"Article\",\"@id\":\"https:\\\/\\\/carl-humann.de\\\/en\\\/cinefete-ein-besuch-des-astra-theaters-im-rahmen-des-franzoesischen-jugendfilmfestivals-2\\\/#article\",\"isPartOf\":{\"@id\":\"https:\\\/\\\/carl-humann.de\\\/en\\\/cinefete-ein-besuch-des-astra-theaters-im-rahmen-des-franzoesischen-jugendfilmfestivals-2\\\/\"},\"author\":{\"name\":\"Max Baukrowitz\",\"@id\":\"https:\\\/\\\/carl-humann.de\\\/#\\\/schema\\\/person\\\/11e850f41ea9f13a02e91c11f24dfb74\"},\"headline\":\"Cin\u00e9f\u00eate \u2013 ein Besuch des Astra Theaters im Rahmen des franz\u00f6sischen Jugendfilmfestivals\",\"datePublished\":\"2026-02-04T08:44:20+00:00\",\"mainEntityOfPage\":{\"@id\":\"https:\\\/\\\/carl-humann.de\\\/en\\\/cinefete-ein-besuch-des-astra-theaters-im-rahmen-des-franzoesischen-jugendfilmfestivals-2\\\/\"},\"wordCount\":300,\"publisher\":{\"@id\":\"https:\\\/\\\/carl-humann.de\\\/#organization\"},\"image\":{\"@id\":\"https:\\\/\\\/carl-humann.de\\\/en\\\/cinefete-ein-besuch-des-astra-theaters-im-rahmen-des-franzoesischen-jugendfilmfestivals-2\\\/#primaryimage\"},\"thumbnailUrl\":\"https:\\\/\\\/carl-humann.de\\\/wp-content\\\/uploads\\\/2026\\\/02\\\/Screenshot-2026-02-03-204555.png\",\"inLanguage\":\"en-US\"},{\"@type\":\"WebPage\",\"@id\":\"https:\\\/\\\/carl-humann.de\\\/en\\\/cinefete-ein-besuch-des-astra-theaters-im-rahmen-des-franzoesischen-jugendfilmfestivals-2\\\/\",\"url\":\"https:\\\/\\\/carl-humann.de\\\/en\\\/cinefete-ein-besuch-des-astra-theaters-im-rahmen-des-franzoesischen-jugendfilmfestivals-2\\\/\",\"name\":\"Cin\u00e9f\u00eate \u2013 ein Besuch des Astra Theaters im Rahmen des franz\u00f6sischen Jugendfilmfestivals - Carl-Humann-Gymnasium Essen\",\"isPartOf\":{\"@id\":\"https:\\\/\\\/carl-humann.de\\\/#website\"},\"primaryImageOfPage\":{\"@id\":\"https:\\\/\\\/carl-humann.de\\\/en\\\/cinefete-ein-besuch-des-astra-theaters-im-rahmen-des-franzoesischen-jugendfilmfestivals-2\\\/#primaryimage\"},\"image\":{\"@id\":\"https:\\\/\\\/carl-humann.de\\\/en\\\/cinefete-ein-besuch-des-astra-theaters-im-rahmen-des-franzoesischen-jugendfilmfestivals-2\\\/#primaryimage\"},\"thumbnailUrl\":\"https:\\\/\\\/carl-humann.de\\\/wp-content\\\/uploads\\\/2026\\\/02\\\/Screenshot-2026-02-03-204555.png\",\"datePublished\":\"2026-02-04T08:44:20+00:00\",\"breadcrumb\":{\"@id\":\"https:\\\/\\\/carl-humann.de\\\/en\\\/cinefete-ein-besuch-des-astra-theaters-im-rahmen-des-franzoesischen-jugendfilmfestivals-2\\\/#breadcrumb\"},\"inLanguage\":\"en-US\",\"potentialAction\":[{\"@type\":\"ReadAction\",\"target\":[\"https:\\\/\\\/carl-humann.de\\\/en\\\/cinefete-ein-besuch-des-astra-theaters-im-rahmen-des-franzoesischen-jugendfilmfestivals-2\\\/\"]}]},{\"@type\":\"ImageObject\",\"inLanguage\":\"en-US\",\"@id\":\"https:\\\/\\\/carl-humann.de\\\/en\\\/cinefete-ein-besuch-des-astra-theaters-im-rahmen-des-franzoesischen-jugendfilmfestivals-2\\\/#primaryimage\",\"url\":\"https:\\\/\\\/carl-humann.de\\\/wp-content\\\/uploads\\\/2026\\\/02\\\/Screenshot-2026-02-03-204555.png\",\"contentUrl\":\"https:\\\/\\\/carl-humann.de\\\/wp-content\\\/uploads\\\/2026\\\/02\\\/Screenshot-2026-02-03-204555.png\",\"width\":603,\"height\":492},{\"@type\":\"BreadcrumbList\",\"@id\":\"https:\\\/\\\/carl-humann.de\\\/en\\\/cinefete-ein-besuch-des-astra-theaters-im-rahmen-des-franzoesischen-jugendfilmfestivals-2\\\/#breadcrumb\",\"itemListElement\":[{\"@type\":\"ListItem\",\"position\":1,\"name\":\"Startseite\",\"item\":\"https:\\\/\\\/carl-humann.de\\\/\"},{\"@type\":\"ListItem\",\"position\":2,\"name\":\"Cin\u00e9f\u00eate \u2013 ein Besuch des Astra Theaters im Rahmen des franz\u00f6sischen Jugendfilmfestivals\"}]},{\"@type\":\"WebSite\",\"@id\":\"https:\\\/\\\/carl-humann.de\\\/#website\",\"url\":\"https:\\\/\\\/carl-humann.de\\\/\",\"name\":\"Carl-Humann-Gymnasium Essen\",\"description\":\"\",\"publisher\":{\"@id\":\"https:\\\/\\\/carl-humann.de\\\/#organization\"},\"potentialAction\":[{\"@type\":\"SearchAction\",\"target\":{\"@type\":\"EntryPoint\",\"urlTemplate\":\"https:\\\/\\\/carl-humann.de\\\/?s={search_term_string}\"},\"query-input\":{\"@type\":\"PropertyValueSpecification\",\"valueRequired\":true,\"valueName\":\"search_term_string\"}}],\"inLanguage\":\"en-US\"},{\"@type\":\"Organization\",\"@id\":\"https:\\\/\\\/carl-humann.de\\\/#organization\",\"name\":\"Carl-Humann-Gymnasium Essen\",\"url\":\"https:\\\/\\\/carl-humann.de\\\/\",\"logo\":{\"@type\":\"ImageObject\",\"inLanguage\":\"en-US\",\"@id\":\"https:\\\/\\\/carl-humann.de\\\/#\\\/schema\\\/logo\\\/image\\\/\",\"url\":\"https:\\\/\\\/carl-humann.de\\\/wp-content\\\/uploads\\\/2021\\\/09\\\/Logo_1c_222x85mm-1.png\",\"contentUrl\":\"https:\\\/\\\/carl-humann.de\\\/wp-content\\\/uploads\\\/2021\\\/09\\\/Logo_1c_222x85mm-1.png\",\"width\":2622,\"height\":1004,\"caption\":\"Carl-Humann-Gymnasium Essen\"},\"image\":{\"@id\":\"https:\\\/\\\/carl-humann.de\\\/#\\\/schema\\\/logo\\\/image\\\/\"}},{\"@type\":\"Person\",\"@id\":\"https:\\\/\\\/carl-humann.de\\\/#\\\/schema\\\/person\\\/11e850f41ea9f13a02e91c11f24dfb74\",\"name\":\"Max Baukrowitz\",\"url\":\"https:\\\/\\\/carl-humann.de\\\/en\\\/author\\\/max-baukrowitz\\\/\"}]}<\/script>\n<!-- \/ Yoast SEO plugin. -->","yoast_head_json":{"title":"Cin\u00e9f\u00eate \u2013 ein Besuch des Astra Theaters im Rahmen des franz\u00f6sischen Jugendfilmfestivals - Carl-Humann-Gymnasium Essen","robots":{"index":"index","follow":"follow","max-snippet":"max-snippet:-1","max-image-preview":"max-image-preview:large","max-video-preview":"max-video-preview:-1"},"canonical":"https:\/\/carl-humann.de\/en\/cinefete-ein-besuch-des-astra-theaters-im-rahmen-des-franzoesischen-jugendfilmfestivals-2\/","og_locale":"en_US","og_type":"article","og_title":"Cin\u00e9f\u00eate \u2013 ein Besuch des Astra Theaters im Rahmen des franz\u00f6sischen Jugendfilmfestivals - Carl-Humann-Gymnasium Essen","og_description":"Im Januar waren wir mit den drei 10. Klassen und an einem anderen Tag mit der EF Franz\u00f6sisch im Astra Theater in Essen und haben uns im Rahmen der Cin\u00e9f\u00eate die Filme Le Panache und Un p\u2019tit truc en plus angesehen. Cin\u00e9f\u00eate findet regelm\u00e4\u00dfig statt und ist eigens f\u00fcr franz\u00f6sischlernende Jugendliche konzipiert. Es werden nur...","og_url":"https:\/\/carl-humann.de\/en\/cinefete-ein-besuch-des-astra-theaters-im-rahmen-des-franzoesischen-jugendfilmfestivals-2\/","og_site_name":"Carl-Humann-Gymnasium Essen","article_published_time":"2026-02-04T08:44:20+00:00","og_image":[{"width":604,"height":878,"url":"https:\/\/carl-humann.de\/wp-content\/uploads\/2026\/02\/Screenshot-2026-02-03-204555-1.png","type":"image\/png"}],"author":"Max Baukrowitz","twitter_card":"summary_large_image","twitter_misc":{"Written by":"Max Baukrowitz","Est. reading time":"2 minutes"},"schema":{"@context":"https:\/\/schema.org","@graph":[{"@type":"Article","@id":"https:\/\/carl-humann.de\/en\/cinefete-ein-besuch-des-astra-theaters-im-rahmen-des-franzoesischen-jugendfilmfestivals-2\/#article","isPartOf":{"@id":"https:\/\/carl-humann.de\/en\/cinefete-ein-besuch-des-astra-theaters-im-rahmen-des-franzoesischen-jugendfilmfestivals-2\/"},"author":{"name":"Max Baukrowitz","@id":"https:\/\/carl-humann.de\/#\/schema\/person\/11e850f41ea9f13a02e91c11f24dfb74"},"headline":"Cin\u00e9f\u00eate \u2013 ein Besuch des Astra Theaters im Rahmen des franz\u00f6sischen Jugendfilmfestivals","datePublished":"2026-02-04T08:44:20+00:00","mainEntityOfPage":{"@id":"https:\/\/carl-humann.de\/en\/cinefete-ein-besuch-des-astra-theaters-im-rahmen-des-franzoesischen-jugendfilmfestivals-2\/"},"wordCount":300,"publisher":{"@id":"https:\/\/carl-humann.de\/#organization"},"image":{"@id":"https:\/\/carl-humann.de\/en\/cinefete-ein-besuch-des-astra-theaters-im-rahmen-des-franzoesischen-jugendfilmfestivals-2\/#primaryimage"},"thumbnailUrl":"https:\/\/carl-humann.de\/wp-content\/uploads\/2026\/02\/Screenshot-2026-02-03-204555.png","inLanguage":"en-US"},{"@type":"WebPage","@id":"https:\/\/carl-humann.de\/en\/cinefete-ein-besuch-des-astra-theaters-im-rahmen-des-franzoesischen-jugendfilmfestivals-2\/","url":"https:\/\/carl-humann.de\/en\/cinefete-ein-besuch-des-astra-theaters-im-rahmen-des-franzoesischen-jugendfilmfestivals-2\/","name":"Cin\u00e9f\u00eate \u2013 ein Besuch des Astra Theaters im Rahmen des franz\u00f6sischen Jugendfilmfestivals - Carl-Humann-Gymnasium Essen","isPartOf":{"@id":"https:\/\/carl-humann.de\/#website"},"primaryImageOfPage":{"@id":"https:\/\/carl-humann.de\/en\/cinefete-ein-besuch-des-astra-theaters-im-rahmen-des-franzoesischen-jugendfilmfestivals-2\/#primaryimage"},"image":{"@id":"https:\/\/carl-humann.de\/en\/cinefete-ein-besuch-des-astra-theaters-im-rahmen-des-franzoesischen-jugendfilmfestivals-2\/#primaryimage"},"thumbnailUrl":"https:\/\/carl-humann.de\/wp-content\/uploads\/2026\/02\/Screenshot-2026-02-03-204555.png","datePublished":"2026-02-04T08:44:20+00:00","breadcrumb":{"@id":"https:\/\/carl-humann.de\/en\/cinefete-ein-besuch-des-astra-theaters-im-rahmen-des-franzoesischen-jugendfilmfestivals-2\/#breadcrumb"},"inLanguage":"en-US","potentialAction":[{"@type":"ReadAction","target":["https:\/\/carl-humann.de\/en\/cinefete-ein-besuch-des-astra-theaters-im-rahmen-des-franzoesischen-jugendfilmfestivals-2\/"]}]},{"@type":"ImageObject","inLanguage":"en-US","@id":"https:\/\/carl-humann.de\/en\/cinefete-ein-besuch-des-astra-theaters-im-rahmen-des-franzoesischen-jugendfilmfestivals-2\/#primaryimage","url":"https:\/\/carl-humann.de\/wp-content\/uploads\/2026\/02\/Screenshot-2026-02-03-204555.png","contentUrl":"https:\/\/carl-humann.de\/wp-content\/uploads\/2026\/02\/Screenshot-2026-02-03-204555.png","width":603,"height":492},{"@type":"BreadcrumbList","@id":"https:\/\/carl-humann.de\/en\/cinefete-ein-besuch-des-astra-theaters-im-rahmen-des-franzoesischen-jugendfilmfestivals-2\/#breadcrumb","itemListElement":[{"@type":"ListItem","position":1,"name":"Startseite","item":"https:\/\/carl-humann.de\/"},{"@type":"ListItem","position":2,"name":"Cin\u00e9f\u00eate \u2013 ein Besuch des Astra Theaters im Rahmen des franz\u00f6sischen Jugendfilmfestivals"}]},{"@type":"WebSite","@id":"https:\/\/carl-humann.de\/#website","url":"https:\/\/carl-humann.de\/","name":"Carl-Humann-Gymnasium Essen","description":"","publisher":{"@id":"https:\/\/carl-humann.de\/#organization"},"potentialAction":[{"@type":"SearchAction","target":{"@type":"EntryPoint","urlTemplate":"https:\/\/carl-humann.de\/?s={search_term_string}"},"query-input":{"@type":"PropertyValueSpecification","valueRequired":true,"valueName":"search_term_string"}}],"inLanguage":"en-US"},{"@type":"Organization","@id":"https:\/\/carl-humann.de\/#organization","name":"Carl-Humann-Gymnasium Essen","url":"https:\/\/carl-humann.de\/","logo":{"@type":"ImageObject","inLanguage":"en-US","@id":"https:\/\/carl-humann.de\/#\/schema\/logo\/image\/","url":"https:\/\/carl-humann.de\/wp-content\/uploads\/2021\/09\/Logo_1c_222x85mm-1.png","contentUrl":"https:\/\/carl-humann.de\/wp-content\/uploads\/2021\/09\/Logo_1c_222x85mm-1.png","width":2622,"height":1004,"caption":"Carl-Humann-Gymnasium Essen"},"image":{"@id":"https:\/\/carl-humann.de\/#\/schema\/logo\/image\/"}},{"@type":"Person","@id":"https:\/\/carl-humann.de\/#\/schema\/person\/11e850f41ea9f13a02e91c11f24dfb74","name":"Max Baukrowitz","url":"https:\/\/carl-humann.de\/en\/author\/max-baukrowitz\/"}]}},"_links":{"self":[{"href":"https:\/\/carl-humann.de\/en\/wp-json\/wp\/v2\/posts\/1012781","targetHints":{"allow":["GET"]}}],"collection":[{"href":"https:\/\/carl-humann.de\/en\/wp-json\/wp\/v2\/posts"}],"about":[{"href":"https:\/\/carl-humann.de\/en\/wp-json\/wp\/v2\/types\/post"}],"author":[{"embeddable":true,"href":"https:\/\/carl-humann.de\/en\/wp-json\/wp\/v2\/users\/5"}],"replies":[{"embeddable":true,"href":"https:\/\/carl-humann.de\/en\/wp-json\/wp\/v2\/comments?post=1012781"}],"version-history":[{"count":1,"href":"https:\/\/carl-humann.de\/en\/wp-json\/wp\/v2\/posts\/1012781\/revisions"}],"predecessor-version":[{"id":1012782,"href":"https:\/\/carl-humann.de\/en\/wp-json\/wp\/v2\/posts\/1012781\/revisions\/1012782"}],"wp:featuredmedia":[{"embeddable":true,"href":"https:\/\/carl-humann.de\/en\/wp-json\/wp\/v2\/media\/1012778"}],"wp:attachment":[{"href":"https:\/\/carl-humann.de\/en\/wp-json\/wp\/v2\/media?parent=1012781"}],"wp:term":[{"taxonomy":"category","embeddable":true,"href":"https:\/\/carl-humann.de\/en\/wp-json\/wp\/v2\/categories?post=1012781"},{"taxonomy":"post_tag","embeddable":true,"href":"https:\/\/carl-humann.de\/en\/wp-json\/wp\/v2\/tags?post=1012781"}],"curies":[{"name":"wp","href":"https:\/\/api.w.org\/{rel}","templated":true}]}}