{"id":1012559,"date":"2025-12-17T16:26:36","date_gmt":"2025-12-17T15:26:36","guid":{"rendered":"https:\/\/carl-humann.de\/1403-tage-erasmus-am-carl-humann-gymnasium-europa-erleben-vielfalt-leben\/"},"modified":"2025-12-17T16:33:12","modified_gmt":"2025-12-17T15:33:12","slug":"1403-tage-erasmus-am-carl-humann-gymnasium-europa-erleben-vielfalt-leben","status":"publish","type":"post","link":"https:\/\/carl-humann.de\/en\/1403-tage-erasmus-am-carl-humann-gymnasium-europa-erleben-vielfalt-leben\/","title":{"rendered":"1403 Tage Erasmus+ am Carl-Humann-Gymnasium \u2013 Europa erleben, Vielfalt leben"},"content":{"rendered":"\t\t<div data-elementor-type=\"wp-post\" data-elementor-id=\"1012559\" class=\"elementor elementor-1012559\" data-elementor-post-type=\"post\">\n\t\t\t\t\t\t<section class=\"elementor-section elementor-top-section elementor-element elementor-element-324729c4 elementor-section-boxed elementor-section-height-default elementor-section-height-default\" data-id=\"324729c4\" data-element_type=\"section\" data-e-type=\"section\">\n\t\t\t\t\t\t<div class=\"elementor-container elementor-column-gap-default\">\n\t\t\t\t\t<div class=\"elementor-column elementor-col-100 elementor-top-column elementor-element elementor-element-2499fd9f\" data-id=\"2499fd9f\" data-element_type=\"column\" data-e-type=\"column\">\n\t\t\t<div class=\"elementor-widget-wrap elementor-element-populated\">\n\t\t\t\t\t\t<div class=\"elementor-element elementor-element-79a53444 elementor-widget elementor-widget-text-editor\" data-id=\"79a53444\" data-element_type=\"widget\" data-e-type=\"widget\" data-widget_type=\"text-editor.default\">\n\t\t\t\t<div class=\"elementor-widget-container\">\n\t\t\t\t\t\t\t\t\t<div dir=\"ltr\"><div><p>In den vergangenen 1403 Tagen war das Carl-Humann-Gymnasium intensiv im europ\u00e4ischen Austausch aktiv. Im Rahmen des Erasmus+-Programms wurden zahlreiche internationale Begegnungen erm\u00f6glicht, die unsere Schulgemeinschaft nachhaltig gepr\u00e4gt haben.<\/p><\/div><\/div><div dir=\"ltr\"><div><p><strong>Unterwegs in Europa<\/strong><\/p><p>Dank einer Gesamtf\u00f6rderung von 393.908 Euro konnten 385 Sch\u00fcler:innen sowie 22 Kolleg:innen an Mobilit\u00e4ten in 15 europ\u00e4ischen L\u00e4ndern teilnehmen. Neben 12 Job-Shadowings f\u00fcr Lehrkr\u00e4fte wurden auch 6 Langzeitmobilit\u00e4ten f\u00fcr Sch\u00fcler:innen realisiert. Besonders erfreulich ist, dass 101 Sch\u00fcler:innen mit geringeren Chancen aktiv eingebunden werden konnten.<\/p><p>Ein weiterer Schwerpunkt lag auf Nachhaltigkeit: 142 Mobilit\u00e4ten wurden als Green Travel durchgef\u00fchrt und damit m\u00f6glichst umweltfreundlich gestaltet\u00a0 .<\/p><p><strong>Europa zu Gast am CHG<\/strong><\/p><p>Internationaler Austausch fand jedoch nicht nur im Ausland statt. Am Carl-Humann-Gymnasium durften wir 272 Sch\u00fcler:innen und 32 Kolleg:innen aus 13 L\u00e4ndern willkommen hei\u00dfen. Sechs Sch\u00fcler:innen nahmen im Rahmen von Langzeitmobilit\u00e4ten am Schulleben teil. Untergebracht waren die G\u00e4ste in Gastfamilien, im Grend oder im Hotel \u2013 ein wertvoller Beitrag zu interkulturellem Lernen im Alltag\u00a0 .<\/p><p><strong>Begegnungen, die bleiben<\/strong><\/p><p>Neben Zahlen und Fakten geh\u00f6ren auch viele besondere Erlebnisse zu Erasmus+: verlorene Koffer, tausende Fotos, Flugversp\u00e4tungen, unz\u00e4hlige Reisekilometer, internationale WhatsApp-Gruppen \u2013 und sogar ein sezierter Elchkopf. All diese kleinen und gro\u00dfen Geschichten zeigen, wie lebendig und menschlich europ\u00e4ischer Austausch ist\u00a0 .<\/p><p><strong>Engagement und Qualit\u00e4t ausgezeichnet<\/strong><\/p><p>Das gro\u00dfe Engagement des Erasmus+-Teams am CHG wurde im Jahr 2024 offiziell gew\u00fcrdigt:<\/p><p>Unser Programm erhielt das Qualit\u00e4tssiegel Erasmus+ der Kultusministerkonferenz und des P\u00e4dagogischen Austauschdienstes (PAD). Diese Auszeichnung best\u00e4tigt die hohe Qualit\u00e4t, Nachhaltigkeit und p\u00e4dagogische Wirkung unserer internationalen Arbeit\u00a0 .<\/p><p><strong>Danke!<\/strong><\/p><\/div><\/div><div dir=\"ltr\"><div><p>Ein herzliches Dankesch\u00f6n gilt allen beteiligten Sch\u00fcler:innen, Gastfamilien, Kolleg:innen, Partner-schulen sowie den unterst\u00fctzenden Institutionen. Erasmus+ hat am Carl-Humann-Gymnasium gezeigt: Europa ist mehr als ein Ort \u2013 es ist eine gemeinsame Erfahrung.<\/p><\/div><\/div>\t\t\t\t\t\t\t\t<\/div>\n\t\t\t\t<\/div>\n\t\t\t\t<div class=\"elementor-element elementor-element-2f11f0f elementor-widget elementor-widget-gallery\" data-id=\"2f11f0f\" data-element_type=\"widget\" data-e-type=\"widget\" data-settings=\"{&quot;gallery_layout&quot;:&quot;justified&quot;,&quot;lazyload&quot;:&quot;yes&quot;,&quot;ideal_row_height&quot;:{&quot;unit&quot;:&quot;px&quot;,&quot;size&quot;:200,&quot;sizes&quot;:[]},&quot;ideal_row_height_tablet&quot;:{&quot;unit&quot;:&quot;px&quot;,&quot;size&quot;:150,&quot;sizes&quot;:[]},&quot;ideal_row_height_mobile&quot;:{&quot;unit&quot;:&quot;px&quot;,&quot;size&quot;:150,&quot;sizes&quot;:[]},&quot;gap&quot;:{&quot;unit&quot;:&quot;px&quot;,&quot;size&quot;:10,&quot;sizes&quot;:[]},&quot;gap_tablet&quot;:{&quot;unit&quot;:&quot;px&quot;,&quot;size&quot;:10,&quot;sizes&quot;:[]},&quot;gap_mobile&quot;:{&quot;unit&quot;:&quot;px&quot;,&quot;size&quot;:10,&quot;sizes&quot;:[]},&quot;link_to&quot;:&quot;file&quot;,&quot;overlay_background&quot;:&quot;yes&quot;,&quot;content_hover_animation&quot;:&quot;fade-in&quot;}\" data-widget_type=\"gallery.default\">\n\t\t\t\t<div class=\"elementor-widget-container\">\n\t\t\t\t\t\t\t<div class=\"elementor-gallery__container\">\n\t\t\t\t\t\t\t<a class=\"e-gallery-item elementor-gallery-item elementor-animated-content\" href=\"https:\/\/carl-humann.de\/wp-content\/uploads\/2025\/12\/DSC_4394-scaled.jpg\" data-elementor-open-lightbox=\"yes\" data-elementor-lightbox-slideshow=\"2f11f0f\" data-elementor-lightbox-title=\"DSC_4394\" data-e-action-hash=\"#elementor-action%3Aaction%3Dlightbox%26settings%3DeyJpZCI6MTAxMjUyOSwidXJsIjoiaHR0cHM6XC9cL2NhcmwtaHVtYW5uLmRlXC93cC1jb250ZW50XC91cGxvYWRzXC8yMDI1XC8xMlwvRFNDXzQzOTQtc2NhbGVkLmpwZyIsInNsaWRlc2hvdyI6IjJmMTFmMGYifQ%3D%3D\">\n\t\t\t\t\t<div class=\"e-gallery-image elementor-gallery-item__image\" data-thumbnail=\"https:\/\/carl-humann.de\/wp-content\/uploads\/2025\/12\/DSC_4394-300x200.jpg\" data-width=\"300\" data-height=\"200\" aria-label=\"\" role=\"img\" ><\/div>\n\t\t\t\t\t\t\t\t\t\t\t<div class=\"elementor-gallery-item__overlay\"><\/div>\n\t\t\t\t\t\t\t\t\t\t\t\t\t\t<\/a>\n\t\t\t\t\t\t\t<a class=\"e-gallery-item elementor-gallery-item elementor-animated-content\" href=\"https:\/\/carl-humann.de\/wp-content\/uploads\/2025\/12\/DSC_4338-scaled.jpg\" data-elementor-open-lightbox=\"yes\" data-elementor-lightbox-slideshow=\"2f11f0f\" data-elementor-lightbox-title=\"DSC_4338\" data-e-action-hash=\"#elementor-action%3Aaction%3Dlightbox%26settings%3DeyJpZCI6MTAxMjU0NSwidXJsIjoiaHR0cHM6XC9cL2NhcmwtaHVtYW5uLmRlXC93cC1jb250ZW50XC91cGxvYWRzXC8yMDI1XC8xMlwvRFNDXzQzMzgtc2NhbGVkLmpwZyIsInNsaWRlc2hvdyI6IjJmMTFmMGYifQ%3D%3D\">\n\t\t\t\t\t<div class=\"e-gallery-image elementor-gallery-item__image\" data-thumbnail=\"https:\/\/carl-humann.de\/wp-content\/uploads\/2025\/12\/DSC_4338-300x200.jpg\" data-width=\"300\" data-height=\"200\" aria-label=\"\" role=\"img\" ><\/div>\n\t\t\t\t\t\t\t\t\t\t\t<div class=\"elementor-gallery-item__overlay\"><\/div>\n\t\t\t\t\t\t\t\t\t\t\t\t\t\t<\/a>\n\t\t\t\t\t\t\t<a class=\"e-gallery-item elementor-gallery-item elementor-animated-content\" href=\"https:\/\/carl-humann.de\/wp-content\/uploads\/2025\/12\/DSC_4339-scaled.jpg\" data-elementor-open-lightbox=\"yes\" data-elementor-lightbox-slideshow=\"2f11f0f\" data-elementor-lightbox-title=\"DSC_4339\" data-e-action-hash=\"#elementor-action%3Aaction%3Dlightbox%26settings%3DeyJpZCI6MTAxMjU0MywidXJsIjoiaHR0cHM6XC9cL2NhcmwtaHVtYW5uLmRlXC93cC1jb250ZW50XC91cGxvYWRzXC8yMDI1XC8xMlwvRFNDXzQzMzktc2NhbGVkLmpwZyIsInNsaWRlc2hvdyI6IjJmMTFmMGYifQ%3D%3D\">\n\t\t\t\t\t<div class=\"e-gallery-image elementor-gallery-item__image\" data-thumbnail=\"https:\/\/carl-humann.de\/wp-content\/uploads\/2025\/12\/DSC_4339-300x200.jpg\" data-width=\"300\" data-height=\"200\" aria-label=\"\" role=\"img\" ><\/div>\n\t\t\t\t\t\t\t\t\t\t\t<div class=\"elementor-gallery-item__overlay\"><\/div>\n\t\t\t\t\t\t\t\t\t\t\t\t\t\t<\/a>\n\t\t\t\t\t\t\t<a class=\"e-gallery-item elementor-gallery-item elementor-animated-content\" href=\"https:\/\/carl-humann.de\/wp-content\/uploads\/2025\/12\/DSC_4350-scaled.jpg\" data-elementor-open-lightbox=\"yes\" data-elementor-lightbox-slideshow=\"2f11f0f\" data-elementor-lightbox-title=\"DSC_4350\" data-e-action-hash=\"#elementor-action%3Aaction%3Dlightbox%26settings%3DeyJpZCI6MTAxMjU0MSwidXJsIjoiaHR0cHM6XC9cL2NhcmwtaHVtYW5uLmRlXC93cC1jb250ZW50XC91cGxvYWRzXC8yMDI1XC8xMlwvRFNDXzQzNTAtc2NhbGVkLmpwZyIsInNsaWRlc2hvdyI6IjJmMTFmMGYifQ%3D%3D\">\n\t\t\t\t\t<div class=\"e-gallery-image elementor-gallery-item__image\" data-thumbnail=\"https:\/\/carl-humann.de\/wp-content\/uploads\/2025\/12\/DSC_4350-300x200.jpg\" data-width=\"300\" data-height=\"200\" aria-label=\"\" role=\"img\" ><\/div>\n\t\t\t\t\t\t\t\t\t\t\t<div class=\"elementor-gallery-item__overlay\"><\/div>\n\t\t\t\t\t\t\t\t\t\t\t\t\t\t<\/a>\n\t\t\t\t\t\t\t<a class=\"e-gallery-item elementor-gallery-item elementor-animated-content\" href=\"https:\/\/carl-humann.de\/wp-content\/uploads\/2025\/12\/DSC_4357-scaled.jpg\" data-elementor-open-lightbox=\"yes\" data-elementor-lightbox-slideshow=\"2f11f0f\" data-elementor-lightbox-title=\"DSC_4357\" data-e-action-hash=\"#elementor-action%3Aaction%3Dlightbox%26settings%3DeyJpZCI6MTAxMjUzOSwidXJsIjoiaHR0cHM6XC9cL2NhcmwtaHVtYW5uLmRlXC93cC1jb250ZW50XC91cGxvYWRzXC8yMDI1XC8xMlwvRFNDXzQzNTctc2NhbGVkLmpwZyIsInNsaWRlc2hvdyI6IjJmMTFmMGYifQ%3D%3D\">\n\t\t\t\t\t<div class=\"e-gallery-image elementor-gallery-item__image\" data-thumbnail=\"https:\/\/carl-humann.de\/wp-content\/uploads\/2025\/12\/DSC_4357-300x200.jpg\" data-width=\"300\" data-height=\"200\" aria-label=\"\" role=\"img\" ><\/div>\n\t\t\t\t\t\t\t\t\t\t\t<div class=\"elementor-gallery-item__overlay\"><\/div>\n\t\t\t\t\t\t\t\t\t\t\t\t\t\t<\/a>\n\t\t\t\t\t\t\t<a class=\"e-gallery-item elementor-gallery-item elementor-animated-content\" href=\"https:\/\/carl-humann.de\/wp-content\/uploads\/2025\/12\/DSC_4375-scaled.jpg\" data-elementor-open-lightbox=\"yes\" data-elementor-lightbox-slideshow=\"2f11f0f\" data-elementor-lightbox-title=\"DSC_4375\" data-e-action-hash=\"#elementor-action%3Aaction%3Dlightbox%26settings%3DeyJpZCI6MTAxMjUzNywidXJsIjoiaHR0cHM6XC9cL2NhcmwtaHVtYW5uLmRlXC93cC1jb250ZW50XC91cGxvYWRzXC8yMDI1XC8xMlwvRFNDXzQzNzUtc2NhbGVkLmpwZyIsInNsaWRlc2hvdyI6IjJmMTFmMGYifQ%3D%3D\">\n\t\t\t\t\t<div class=\"e-gallery-image elementor-gallery-item__image\" data-thumbnail=\"https:\/\/carl-humann.de\/wp-content\/uploads\/2025\/12\/DSC_4375-300x200.jpg\" data-width=\"300\" data-height=\"200\" aria-label=\"\" role=\"img\" ><\/div>\n\t\t\t\t\t\t\t\t\t\t\t<div class=\"elementor-gallery-item__overlay\"><\/div>\n\t\t\t\t\t\t\t\t\t\t\t\t\t\t<\/a>\n\t\t\t\t\t\t\t<a class=\"e-gallery-item elementor-gallery-item elementor-animated-content\" href=\"https:\/\/carl-humann.de\/wp-content\/uploads\/2025\/12\/DSC_4376-scaled.jpg\" data-elementor-open-lightbox=\"yes\" data-elementor-lightbox-slideshow=\"2f11f0f\" data-elementor-lightbox-title=\"DSC_4376\" data-e-action-hash=\"#elementor-action%3Aaction%3Dlightbox%26settings%3DeyJpZCI6MTAxMjUzNSwidXJsIjoiaHR0cHM6XC9cL2NhcmwtaHVtYW5uLmRlXC93cC1jb250ZW50XC91cGxvYWRzXC8yMDI1XC8xMlwvRFNDXzQzNzYtc2NhbGVkLmpwZyIsInNsaWRlc2hvdyI6IjJmMTFmMGYifQ%3D%3D\">\n\t\t\t\t\t<div class=\"e-gallery-image elementor-gallery-item__image\" data-thumbnail=\"https:\/\/carl-humann.de\/wp-content\/uploads\/2025\/12\/DSC_4376-300x200.jpg\" data-width=\"300\" data-height=\"200\" aria-label=\"\" role=\"img\" ><\/div>\n\t\t\t\t\t\t\t\t\t\t\t<div class=\"elementor-gallery-item__overlay\"><\/div>\n\t\t\t\t\t\t\t\t\t\t\t\t\t\t<\/a>\n\t\t\t\t\t\t\t<a class=\"e-gallery-item elementor-gallery-item elementor-animated-content\" href=\"https:\/\/carl-humann.de\/wp-content\/uploads\/2025\/12\/DSC_4384-scaled.jpg\" data-elementor-open-lightbox=\"yes\" data-elementor-lightbox-slideshow=\"2f11f0f\" data-elementor-lightbox-title=\"DSC_4384\" data-e-action-hash=\"#elementor-action%3Aaction%3Dlightbox%26settings%3DeyJpZCI6MTAxMjUzMywidXJsIjoiaHR0cHM6XC9cL2NhcmwtaHVtYW5uLmRlXC93cC1jb250ZW50XC91cGxvYWRzXC8yMDI1XC8xMlwvRFNDXzQzODQtc2NhbGVkLmpwZyIsInNsaWRlc2hvdyI6IjJmMTFmMGYifQ%3D%3D\">\n\t\t\t\t\t<div class=\"e-gallery-image elementor-gallery-item__image\" data-thumbnail=\"https:\/\/carl-humann.de\/wp-content\/uploads\/2025\/12\/DSC_4384-300x200.jpg\" data-width=\"300\" data-height=\"200\" aria-label=\"\" role=\"img\" ><\/div>\n\t\t\t\t\t\t\t\t\t\t\t<div class=\"elementor-gallery-item__overlay\"><\/div>\n\t\t\t\t\t\t\t\t\t\t\t\t\t\t<\/a>\n\t\t\t\t\t\t\t<a class=\"e-gallery-item elementor-gallery-item elementor-animated-content\" href=\"https:\/\/carl-humann.de\/wp-content\/uploads\/2025\/12\/DSC_4391-scaled.jpg\" data-elementor-open-lightbox=\"yes\" data-elementor-lightbox-slideshow=\"2f11f0f\" data-elementor-lightbox-title=\"DSC_4391\" data-e-action-hash=\"#elementor-action%3Aaction%3Dlightbox%26settings%3DeyJpZCI6MTAxMjUzMSwidXJsIjoiaHR0cHM6XC9cL2NhcmwtaHVtYW5uLmRlXC93cC1jb250ZW50XC91cGxvYWRzXC8yMDI1XC8xMlwvRFNDXzQzOTEtc2NhbGVkLmpwZyIsInNsaWRlc2hvdyI6IjJmMTFmMGYifQ%3D%3D\">\n\t\t\t\t\t<div class=\"e-gallery-image elementor-gallery-item__image\" data-thumbnail=\"https:\/\/carl-humann.de\/wp-content\/uploads\/2025\/12\/DSC_4391-300x200.jpg\" data-width=\"300\" data-height=\"200\" aria-label=\"\" role=\"img\" ><\/div>\n\t\t\t\t\t\t\t\t\t\t\t<div class=\"elementor-gallery-item__overlay\"><\/div>\n\t\t\t\t\t\t\t\t\t\t\t\t\t\t<\/a>\n\t\t\t\t\t\t\t<a class=\"e-gallery-item elementor-gallery-item elementor-animated-content\" href=\"https:\/\/carl-humann.de\/wp-content\/uploads\/2025\/12\/DSC_4395-scaled.jpg\" data-elementor-open-lightbox=\"yes\" data-elementor-lightbox-slideshow=\"2f11f0f\" data-elementor-lightbox-title=\"DSC_4395\" data-e-action-hash=\"#elementor-action%3Aaction%3Dlightbox%26settings%3DeyJpZCI6MTAxMjUyNywidXJsIjoiaHR0cHM6XC9cL2NhcmwtaHVtYW5uLmRlXC93cC1jb250ZW50XC91cGxvYWRzXC8yMDI1XC8xMlwvRFNDXzQzOTUtc2NhbGVkLmpwZyIsInNsaWRlc2hvdyI6IjJmMTFmMGYifQ%3D%3D\">\n\t\t\t\t\t<div class=\"e-gallery-image elementor-gallery-item__image\" data-thumbnail=\"https:\/\/carl-humann.de\/wp-content\/uploads\/2025\/12\/DSC_4395-300x200.jpg\" data-width=\"300\" data-height=\"200\" aria-label=\"\" role=\"img\" ><\/div>\n\t\t\t\t\t\t\t\t\t\t\t<div class=\"elementor-gallery-item__overlay\"><\/div>\n\t\t\t\t\t\t\t\t\t\t\t\t\t\t<\/a>\n\t\t\t\t\t\t\t<a class=\"e-gallery-item elementor-gallery-item elementor-animated-content\" href=\"https:\/\/carl-humann.de\/wp-content\/uploads\/2025\/12\/DSC_4404-scaled.jpg\" data-elementor-open-lightbox=\"yes\" data-elementor-lightbox-slideshow=\"2f11f0f\" data-elementor-lightbox-title=\"DSC_4404\" data-e-action-hash=\"#elementor-action%3Aaction%3Dlightbox%26settings%3DeyJpZCI6MTAxMjUyNSwidXJsIjoiaHR0cHM6XC9cL2NhcmwtaHVtYW5uLmRlXC93cC1jb250ZW50XC91cGxvYWRzXC8yMDI1XC8xMlwvRFNDXzQ0MDQtc2NhbGVkLmpwZyIsInNsaWRlc2hvdyI6IjJmMTFmMGYifQ%3D%3D\">\n\t\t\t\t\t<div class=\"e-gallery-image elementor-gallery-item__image\" data-thumbnail=\"https:\/\/carl-humann.de\/wp-content\/uploads\/2025\/12\/DSC_4404-300x200.jpg\" data-width=\"300\" data-height=\"200\" aria-label=\"\" role=\"img\" ><\/div>\n\t\t\t\t\t\t\t\t\t\t\t<div class=\"elementor-gallery-item__overlay\"><\/div>\n\t\t\t\t\t\t\t\t\t\t\t\t\t\t<\/a>\n\t\t\t\t\t\t\t<a class=\"e-gallery-item elementor-gallery-item elementor-animated-content\" href=\"https:\/\/carl-humann.de\/wp-content\/uploads\/2025\/12\/DSC_4410-scaled.jpg\" data-elementor-open-lightbox=\"yes\" data-elementor-lightbox-slideshow=\"2f11f0f\" data-elementor-lightbox-title=\"DSC_4410\" data-e-action-hash=\"#elementor-action%3Aaction%3Dlightbox%26settings%3DeyJpZCI6MTAxMjUyMywidXJsIjoiaHR0cHM6XC9cL2NhcmwtaHVtYW5uLmRlXC93cC1jb250ZW50XC91cGxvYWRzXC8yMDI1XC8xMlwvRFNDXzQ0MTAtc2NhbGVkLmpwZyIsInNsaWRlc2hvdyI6IjJmMTFmMGYifQ%3D%3D\">\n\t\t\t\t\t<div class=\"e-gallery-image elementor-gallery-item__image\" data-thumbnail=\"https:\/\/carl-humann.de\/wp-content\/uploads\/2025\/12\/DSC_4410-300x200.jpg\" data-width=\"300\" data-height=\"200\" aria-label=\"\" role=\"img\" ><\/div>\n\t\t\t\t\t\t\t\t\t\t\t<div class=\"elementor-gallery-item__overlay\"><\/div>\n\t\t\t\t\t\t\t\t\t\t\t\t\t\t<\/a>\n\t\t\t\t\t\t\t<a class=\"e-gallery-item elementor-gallery-item elementor-animated-content\" href=\"https:\/\/carl-humann.de\/wp-content\/uploads\/2025\/12\/DSC_4411-scaled.jpg\" data-elementor-open-lightbox=\"yes\" data-elementor-lightbox-slideshow=\"2f11f0f\" data-elementor-lightbox-title=\"DSC_4411\" data-e-action-hash=\"#elementor-action%3Aaction%3Dlightbox%26settings%3DeyJpZCI6MTAxMjUyMSwidXJsIjoiaHR0cHM6XC9cL2NhcmwtaHVtYW5uLmRlXC93cC1jb250ZW50XC91cGxvYWRzXC8yMDI1XC8xMlwvRFNDXzQ0MTEtc2NhbGVkLmpwZyIsInNsaWRlc2hvdyI6IjJmMTFmMGYifQ%3D%3D\">\n\t\t\t\t\t<div class=\"e-gallery-image elementor-gallery-item__image\" data-thumbnail=\"https:\/\/carl-humann.de\/wp-content\/uploads\/2025\/12\/DSC_4411-300x200.jpg\" data-width=\"300\" data-height=\"200\" aria-label=\"\" role=\"img\" ><\/div>\n\t\t\t\t\t\t\t\t\t\t\t<div class=\"elementor-gallery-item__overlay\"><\/div>\n\t\t\t\t\t\t\t\t\t\t\t\t\t\t<\/a>\n\t\t\t\t\t\t\t<a class=\"e-gallery-item elementor-gallery-item elementor-animated-content\" href=\"https:\/\/carl-humann.de\/wp-content\/uploads\/2025\/12\/DSC_4419-scaled.jpg\" data-elementor-open-lightbox=\"yes\" data-elementor-lightbox-slideshow=\"2f11f0f\" data-elementor-lightbox-title=\"DSC_4419\" data-e-action-hash=\"#elementor-action%3Aaction%3Dlightbox%26settings%3DeyJpZCI6MTAxMjUxOSwidXJsIjoiaHR0cHM6XC9cL2NhcmwtaHVtYW5uLmRlXC93cC1jb250ZW50XC91cGxvYWRzXC8yMDI1XC8xMlwvRFNDXzQ0MTktc2NhbGVkLmpwZyIsInNsaWRlc2hvdyI6IjJmMTFmMGYifQ%3D%3D\">\n\t\t\t\t\t<div class=\"e-gallery-image elementor-gallery-item__image\" data-thumbnail=\"https:\/\/carl-humann.de\/wp-content\/uploads\/2025\/12\/DSC_4419-300x200.jpg\" data-width=\"300\" data-height=\"200\" aria-label=\"\" role=\"img\" ><\/div>\n\t\t\t\t\t\t\t\t\t\t\t<div class=\"elementor-gallery-item__overlay\"><\/div>\n\t\t\t\t\t\t\t\t\t\t\t\t\t\t<\/a>\n\t\t\t\t\t\t\t<a class=\"e-gallery-item elementor-gallery-item elementor-animated-content\" href=\"https:\/\/carl-humann.de\/wp-content\/uploads\/2025\/12\/DSC_4427-scaled.jpg\" data-elementor-open-lightbox=\"yes\" data-elementor-lightbox-slideshow=\"2f11f0f\" data-elementor-lightbox-title=\"DSC_4427\" data-e-action-hash=\"#elementor-action%3Aaction%3Dlightbox%26settings%3DeyJpZCI6MTAxMjUxNywidXJsIjoiaHR0cHM6XC9cL2NhcmwtaHVtYW5uLmRlXC93cC1jb250ZW50XC91cGxvYWRzXC8yMDI1XC8xMlwvRFNDXzQ0Mjctc2NhbGVkLmpwZyIsInNsaWRlc2hvdyI6IjJmMTFmMGYifQ%3D%3D\">\n\t\t\t\t\t<div class=\"e-gallery-image elementor-gallery-item__image\" data-thumbnail=\"https:\/\/carl-humann.de\/wp-content\/uploads\/2025\/12\/DSC_4427-300x200.jpg\" data-width=\"300\" data-height=\"200\" aria-label=\"\" role=\"img\" ><\/div>\n\t\t\t\t\t\t\t\t\t\t\t<div class=\"elementor-gallery-item__overlay\"><\/div>\n\t\t\t\t\t\t\t\t\t\t\t\t\t\t<\/a>\n\t\t\t\t\t\t\t<a class=\"e-gallery-item elementor-gallery-item elementor-animated-content\" href=\"https:\/\/carl-humann.de\/wp-content\/uploads\/2025\/12\/DSC_4440-scaled.jpg\" data-elementor-open-lightbox=\"yes\" data-elementor-lightbox-slideshow=\"2f11f0f\" data-elementor-lightbox-title=\"DSC_4440\" data-e-action-hash=\"#elementor-action%3Aaction%3Dlightbox%26settings%3DeyJpZCI6MTAxMjUxNSwidXJsIjoiaHR0cHM6XC9cL2NhcmwtaHVtYW5uLmRlXC93cC1jb250ZW50XC91cGxvYWRzXC8yMDI1XC8xMlwvRFNDXzQ0NDAtc2NhbGVkLmpwZyIsInNsaWRlc2hvdyI6IjJmMTFmMGYifQ%3D%3D\">\n\t\t\t\t\t<div class=\"e-gallery-image elementor-gallery-item__image\" data-thumbnail=\"https:\/\/carl-humann.de\/wp-content\/uploads\/2025\/12\/DSC_4440-300x200.jpg\" data-width=\"300\" data-height=\"200\" aria-label=\"\" role=\"img\" ><\/div>\n\t\t\t\t\t\t\t\t\t\t\t<div class=\"elementor-gallery-item__overlay\"><\/div>\n\t\t\t\t\t\t\t\t\t\t\t\t\t\t<\/a>\n\t\t\t\t\t\t\t<a class=\"e-gallery-item elementor-gallery-item elementor-animated-content\" href=\"https:\/\/carl-humann.de\/wp-content\/uploads\/2025\/12\/DSC_4444-scaled.jpg\" data-elementor-open-lightbox=\"yes\" data-elementor-lightbox-slideshow=\"2f11f0f\" data-elementor-lightbox-title=\"DSC_4444\" data-e-action-hash=\"#elementor-action%3Aaction%3Dlightbox%26settings%3DeyJpZCI6MTAxMjUxMywidXJsIjoiaHR0cHM6XC9cL2NhcmwtaHVtYW5uLmRlXC93cC1jb250ZW50XC91cGxvYWRzXC8yMDI1XC8xMlwvRFNDXzQ0NDQtc2NhbGVkLmpwZyIsInNsaWRlc2hvdyI6IjJmMTFmMGYifQ%3D%3D\">\n\t\t\t\t\t<div class=\"e-gallery-image elementor-gallery-item__image\" data-thumbnail=\"https:\/\/carl-humann.de\/wp-content\/uploads\/2025\/12\/DSC_4444-300x200.jpg\" data-width=\"300\" data-height=\"200\" aria-label=\"\" role=\"img\" ><\/div>\n\t\t\t\t\t\t\t\t\t\t\t<div class=\"elementor-gallery-item__overlay\"><\/div>\n\t\t\t\t\t\t\t\t\t\t\t\t\t\t<\/a>\n\t\t\t\t\t\t\t<a class=\"e-gallery-item elementor-gallery-item elementor-animated-content\" href=\"https:\/\/carl-humann.de\/wp-content\/uploads\/2025\/12\/DSC_4446-scaled.jpg\" data-elementor-open-lightbox=\"yes\" data-elementor-lightbox-slideshow=\"2f11f0f\" data-elementor-lightbox-title=\"DSC_4446\" data-e-action-hash=\"#elementor-action%3Aaction%3Dlightbox%26settings%3DeyJpZCI6MTAxMjUxMSwidXJsIjoiaHR0cHM6XC9cL2NhcmwtaHVtYW5uLmRlXC93cC1jb250ZW50XC91cGxvYWRzXC8yMDI1XC8xMlwvRFNDXzQ0NDYtc2NhbGVkLmpwZyIsInNsaWRlc2hvdyI6IjJmMTFmMGYifQ%3D%3D\">\n\t\t\t\t\t<div class=\"e-gallery-image elementor-gallery-item__image\" data-thumbnail=\"https:\/\/carl-humann.de\/wp-content\/uploads\/2025\/12\/DSC_4446-300x200.jpg\" data-width=\"300\" data-height=\"200\" aria-label=\"\" role=\"img\" ><\/div>\n\t\t\t\t\t\t\t\t\t\t\t<div class=\"elementor-gallery-item__overlay\"><\/div>\n\t\t\t\t\t\t\t\t\t\t\t\t\t\t<\/a>\n\t\t\t\t\t\t\t<a class=\"e-gallery-item elementor-gallery-item elementor-animated-content\" href=\"https:\/\/carl-humann.de\/wp-content\/uploads\/2025\/12\/DSC_4470-scaled.jpg\" data-elementor-open-lightbox=\"yes\" data-elementor-lightbox-slideshow=\"2f11f0f\" data-elementor-lightbox-title=\"DSC_4470\" data-e-action-hash=\"#elementor-action%3Aaction%3Dlightbox%26settings%3DeyJpZCI6MTAxMjUwOSwidXJsIjoiaHR0cHM6XC9cL2NhcmwtaHVtYW5uLmRlXC93cC1jb250ZW50XC91cGxvYWRzXC8yMDI1XC8xMlwvRFNDXzQ0NzAtc2NhbGVkLmpwZyIsInNsaWRlc2hvdyI6IjJmMTFmMGYifQ%3D%3D\">\n\t\t\t\t\t<div class=\"e-gallery-image elementor-gallery-item__image\" data-thumbnail=\"https:\/\/carl-humann.de\/wp-content\/uploads\/2025\/12\/DSC_4470-300x200.jpg\" data-width=\"300\" data-height=\"200\" aria-label=\"\" role=\"img\" ><\/div>\n\t\t\t\t\t\t\t\t\t\t\t<div class=\"elementor-gallery-item__overlay\"><\/div>\n\t\t\t\t\t\t\t\t\t\t\t\t\t\t<\/a>\n\t\t\t\t\t\t\t<a class=\"e-gallery-item elementor-gallery-item elementor-animated-content\" href=\"https:\/\/carl-humann.de\/wp-content\/uploads\/2025\/12\/DSC_4472-scaled.jpg\" data-elementor-open-lightbox=\"yes\" data-elementor-lightbox-slideshow=\"2f11f0f\" data-elementor-lightbox-title=\"DSC_4472\" data-e-action-hash=\"#elementor-action%3Aaction%3Dlightbox%26settings%3DeyJpZCI6MTAxMjUwNywidXJsIjoiaHR0cHM6XC9cL2NhcmwtaHVtYW5uLmRlXC93cC1jb250ZW50XC91cGxvYWRzXC8yMDI1XC8xMlwvRFNDXzQ0NzItc2NhbGVkLmpwZyIsInNsaWRlc2hvdyI6IjJmMTFmMGYifQ%3D%3D\">\n\t\t\t\t\t<div class=\"e-gallery-image elementor-gallery-item__image\" data-thumbnail=\"https:\/\/carl-humann.de\/wp-content\/uploads\/2025\/12\/DSC_4472-300x200.jpg\" data-width=\"300\" data-height=\"200\" aria-label=\"\" role=\"img\" ><\/div>\n\t\t\t\t\t\t\t\t\t\t\t<div class=\"elementor-gallery-item__overlay\"><\/div>\n\t\t\t\t\t\t\t\t\t\t\t\t\t\t<\/a>\n\t\t\t\t\t\t\t<a class=\"e-gallery-item elementor-gallery-item elementor-animated-content\" href=\"https:\/\/carl-humann.de\/wp-content\/uploads\/2025\/12\/DSC_4486-scaled.jpg\" data-elementor-open-lightbox=\"yes\" data-elementor-lightbox-slideshow=\"2f11f0f\" data-elementor-lightbox-title=\"DSC_4486\" data-e-action-hash=\"#elementor-action%3Aaction%3Dlightbox%26settings%3DeyJpZCI6MTAxMjUwNSwidXJsIjoiaHR0cHM6XC9cL2NhcmwtaHVtYW5uLmRlXC93cC1jb250ZW50XC91cGxvYWRzXC8yMDI1XC8xMlwvRFNDXzQ0ODYtc2NhbGVkLmpwZyIsInNsaWRlc2hvdyI6IjJmMTFmMGYifQ%3D%3D\">\n\t\t\t\t\t<div class=\"e-gallery-image elementor-gallery-item__image\" data-thumbnail=\"https:\/\/carl-humann.de\/wp-content\/uploads\/2025\/12\/DSC_4486-300x200.jpg\" data-width=\"300\" data-height=\"200\" aria-label=\"\" role=\"img\" ><\/div>\n\t\t\t\t\t\t\t\t\t\t\t<div class=\"elementor-gallery-item__overlay\"><\/div>\n\t\t\t\t\t\t\t\t\t\t\t\t\t\t<\/a>\n\t\t\t\t\t\t\t<a class=\"e-gallery-item elementor-gallery-item elementor-animated-content\" href=\"https:\/\/carl-humann.de\/wp-content\/uploads\/2025\/12\/DSC_4489-scaled.jpg\" data-elementor-open-lightbox=\"yes\" data-elementor-lightbox-slideshow=\"2f11f0f\" data-elementor-lightbox-title=\"DSC_4489\" data-e-action-hash=\"#elementor-action%3Aaction%3Dlightbox%26settings%3DeyJpZCI6MTAxMjUwMywidXJsIjoiaHR0cHM6XC9cL2NhcmwtaHVtYW5uLmRlXC93cC1jb250ZW50XC91cGxvYWRzXC8yMDI1XC8xMlwvRFNDXzQ0ODktc2NhbGVkLmpwZyIsInNsaWRlc2hvdyI6IjJmMTFmMGYifQ%3D%3D\">\n\t\t\t\t\t<div class=\"e-gallery-image elementor-gallery-item__image\" data-thumbnail=\"https:\/\/carl-humann.de\/wp-content\/uploads\/2025\/12\/DSC_4489-300x200.jpg\" data-width=\"300\" data-height=\"200\" aria-label=\"\" role=\"img\" ><\/div>\n\t\t\t\t\t\t\t\t\t\t\t<div class=\"elementor-gallery-item__overlay\"><\/div>\n\t\t\t\t\t\t\t\t\t\t\t\t\t\t<\/a>\n\t\t\t\t\t\t\t<a class=\"e-gallery-item elementor-gallery-item elementor-animated-content\" href=\"https:\/\/carl-humann.de\/wp-content\/uploads\/2025\/12\/DSC_4511-scaled.jpg\" data-elementor-open-lightbox=\"yes\" data-elementor-lightbox-slideshow=\"2f11f0f\" data-elementor-lightbox-title=\"DSC_4511\" data-e-action-hash=\"#elementor-action%3Aaction%3Dlightbox%26settings%3DeyJpZCI6MTAxMjUwMSwidXJsIjoiaHR0cHM6XC9cL2NhcmwtaHVtYW5uLmRlXC93cC1jb250ZW50XC91cGxvYWRzXC8yMDI1XC8xMlwvRFNDXzQ1MTEtc2NhbGVkLmpwZyIsInNsaWRlc2hvdyI6IjJmMTFmMGYifQ%3D%3D\">\n\t\t\t\t\t<div class=\"e-gallery-image elementor-gallery-item__image\" data-thumbnail=\"https:\/\/carl-humann.de\/wp-content\/uploads\/2025\/12\/DSC_4511-300x200.jpg\" data-width=\"300\" data-height=\"200\" aria-label=\"\" role=\"img\" ><\/div>\n\t\t\t\t\t\t\t\t\t\t\t<div class=\"elementor-gallery-item__overlay\"><\/div>\n\t\t\t\t\t\t\t\t\t\t\t\t\t\t<\/a>\n\t\t\t\t\t<\/div>\n\t\t\t\t\t<\/div>\n\t\t\t\t<\/div>\n\t\t\t\t\t<\/div>\n\t\t<\/div>\n\t\t\t\t\t<\/div>\n\t\t<\/section>\n\t\t\t\t<\/div>\n\t\t","protected":false},"excerpt":{"rendered":"<p>In den vergangenen 1403 Tagen war das Carl-Humann-Gymnasium intensiv im europ\u00e4ischen Austausch aktiv. Im Rahmen des Erasmus+-Programms wurden zahlreiche internationale Begegnungen erm\u00f6glicht, die unsere Schulgemeinschaft nachhaltig gepr\u00e4gt haben. Unterwegs in Europa Dank einer Gesamtf\u00f6rderung von 393.908 Euro konnten 385 Sch\u00fcler:innen sowie 22 Kolleg:innen an Mobilit\u00e4ten in 15 europ\u00e4ischen L\u00e4ndern teilnehmen. Neben 12 Job-Shadowings f\u00fcr Lehrkr\u00e4fte&#8230;<\/p>\n","protected":false},"author":5,"featured_media":1012536,"comment_status":"closed","ping_status":"closed","sticky":false,"template":"","format":"standard","meta":{"inline_featured_image":false,"footnotes":""},"categories":[144],"tags":[],"class_list":["post-1012559","post","type-post","status-publish","format-standard","has-post-thumbnail","hentry","category-erasmus-en"],"yoast_head":"<!-- This site is optimized with the Yoast SEO plugin v27.4 - https:\/\/yoast.com\/product\/yoast-seo-wordpress\/ -->\n<title>1403 Tage Erasmus+ am Carl-Humann-Gymnasium \u2013 Europa erleben, Vielfalt leben - Carl-Humann-Gymnasium Essen<\/title>\n<meta name=\"robots\" content=\"index, follow, max-snippet:-1, max-image-preview:large, max-video-preview:-1\" \/>\n<link rel=\"canonical\" href=\"https:\/\/carl-humann.de\/en\/1403-tage-erasmus-am-carl-humann-gymnasium-europa-erleben-vielfalt-leben\/\" \/>\n<meta property=\"og:locale\" content=\"en_US\" \/>\n<meta property=\"og:type\" content=\"article\" \/>\n<meta property=\"og:title\" content=\"1403 Tage Erasmus+ am Carl-Humann-Gymnasium \u2013 Europa erleben, Vielfalt leben - Carl-Humann-Gymnasium Essen\" \/>\n<meta property=\"og:description\" content=\"In den vergangenen 1403 Tagen war das Carl-Humann-Gymnasium intensiv im europ\u00e4ischen Austausch aktiv. Im Rahmen des Erasmus+-Programms wurden zahlreiche internationale Begegnungen erm\u00f6glicht, die unsere Schulgemeinschaft nachhaltig gepr\u00e4gt haben. Unterwegs in Europa Dank einer Gesamtf\u00f6rderung von 393.908 Euro konnten 385 Sch\u00fcler:innen sowie 22 Kolleg:innen an Mobilit\u00e4ten in 15 europ\u00e4ischen L\u00e4ndern teilnehmen. Neben 12 Job-Shadowings f\u00fcr Lehrkr\u00e4fte...\" \/>\n<meta property=\"og:url\" content=\"https:\/\/carl-humann.de\/en\/1403-tage-erasmus-am-carl-humann-gymnasium-europa-erleben-vielfalt-leben\/\" \/>\n<meta property=\"og:site_name\" content=\"Carl-Humann-Gymnasium Essen\" \/>\n<meta property=\"article:published_time\" content=\"2025-12-17T15:26:36+00:00\" \/>\n<meta property=\"article:modified_time\" content=\"2025-12-17T15:33:12+00:00\" \/>\n<meta property=\"og:image\" content=\"https:\/\/carl-humann.de\/wp-content\/uploads\/2025\/12\/DSC_4376-scaled.jpg\" \/>\n\t<meta property=\"og:image:width\" content=\"2560\" \/>\n\t<meta property=\"og:image:height\" content=\"1707\" \/>\n\t<meta property=\"og:image:type\" content=\"image\/jpeg\" \/>\n<meta name=\"author\" content=\"Max Baukrowitz\" \/>\n<meta name=\"twitter:card\" content=\"summary_large_image\" \/>\n<meta name=\"twitter:label1\" content=\"Written by\" \/>\n\t<meta name=\"twitter:data1\" content=\"Max Baukrowitz\" \/>\n\t<meta name=\"twitter:label2\" content=\"Est. reading time\" \/>\n\t<meta name=\"twitter:data2\" content=\"2 minutes\" \/>\n<script type=\"application\/ld+json\" class=\"yoast-schema-graph\">{\"@context\":\"https:\\\/\\\/schema.org\",\"@graph\":[{\"@type\":\"Article\",\"@id\":\"https:\\\/\\\/carl-humann.de\\\/en\\\/1403-tage-erasmus-am-carl-humann-gymnasium-europa-erleben-vielfalt-leben\\\/#article\",\"isPartOf\":{\"@id\":\"https:\\\/\\\/carl-humann.de\\\/en\\\/1403-tage-erasmus-am-carl-humann-gymnasium-europa-erleben-vielfalt-leben\\\/\"},\"author\":{\"name\":\"Max Baukrowitz\",\"@id\":\"https:\\\/\\\/carl-humann.de\\\/#\\\/schema\\\/person\\\/11e850f41ea9f13a02e91c11f24dfb74\"},\"headline\":\"1403 Tage Erasmus+ am Carl-Humann-Gymnasium \u2013 Europa erleben, Vielfalt leben\",\"datePublished\":\"2025-12-17T15:26:36+00:00\",\"dateModified\":\"2025-12-17T15:33:12+00:00\",\"mainEntityOfPage\":{\"@id\":\"https:\\\/\\\/carl-humann.de\\\/en\\\/1403-tage-erasmus-am-carl-humann-gymnasium-europa-erleben-vielfalt-leben\\\/\"},\"wordCount\":311,\"publisher\":{\"@id\":\"https:\\\/\\\/carl-humann.de\\\/#organization\"},\"image\":{\"@id\":\"https:\\\/\\\/carl-humann.de\\\/en\\\/1403-tage-erasmus-am-carl-humann-gymnasium-europa-erleben-vielfalt-leben\\\/#primaryimage\"},\"thumbnailUrl\":\"https:\\\/\\\/carl-humann.de\\\/wp-content\\\/uploads\\\/2025\\\/12\\\/DSC_4376-scaled.jpg\",\"articleSection\":[\"Erasmus\"],\"inLanguage\":\"en-US\"},{\"@type\":\"WebPage\",\"@id\":\"https:\\\/\\\/carl-humann.de\\\/en\\\/1403-tage-erasmus-am-carl-humann-gymnasium-europa-erleben-vielfalt-leben\\\/\",\"url\":\"https:\\\/\\\/carl-humann.de\\\/en\\\/1403-tage-erasmus-am-carl-humann-gymnasium-europa-erleben-vielfalt-leben\\\/\",\"name\":\"1403 Tage Erasmus+ am Carl-Humann-Gymnasium \u2013 Europa erleben, Vielfalt leben - Carl-Humann-Gymnasium Essen\",\"isPartOf\":{\"@id\":\"https:\\\/\\\/carl-humann.de\\\/#website\"},\"primaryImageOfPage\":{\"@id\":\"https:\\\/\\\/carl-humann.de\\\/en\\\/1403-tage-erasmus-am-carl-humann-gymnasium-europa-erleben-vielfalt-leben\\\/#primaryimage\"},\"image\":{\"@id\":\"https:\\\/\\\/carl-humann.de\\\/en\\\/1403-tage-erasmus-am-carl-humann-gymnasium-europa-erleben-vielfalt-leben\\\/#primaryimage\"},\"thumbnailUrl\":\"https:\\\/\\\/carl-humann.de\\\/wp-content\\\/uploads\\\/2025\\\/12\\\/DSC_4376-scaled.jpg\",\"datePublished\":\"2025-12-17T15:26:36+00:00\",\"dateModified\":\"2025-12-17T15:33:12+00:00\",\"breadcrumb\":{\"@id\":\"https:\\\/\\\/carl-humann.de\\\/en\\\/1403-tage-erasmus-am-carl-humann-gymnasium-europa-erleben-vielfalt-leben\\\/#breadcrumb\"},\"inLanguage\":\"en-US\",\"potentialAction\":[{\"@type\":\"ReadAction\",\"target\":[\"https:\\\/\\\/carl-humann.de\\\/en\\\/1403-tage-erasmus-am-carl-humann-gymnasium-europa-erleben-vielfalt-leben\\\/\"]}]},{\"@type\":\"ImageObject\",\"inLanguage\":\"en-US\",\"@id\":\"https:\\\/\\\/carl-humann.de\\\/en\\\/1403-tage-erasmus-am-carl-humann-gymnasium-europa-erleben-vielfalt-leben\\\/#primaryimage\",\"url\":\"https:\\\/\\\/carl-humann.de\\\/wp-content\\\/uploads\\\/2025\\\/12\\\/DSC_4376-scaled.jpg\",\"contentUrl\":\"https:\\\/\\\/carl-humann.de\\\/wp-content\\\/uploads\\\/2025\\\/12\\\/DSC_4376-scaled.jpg\",\"width\":2560,\"height\":1707},{\"@type\":\"BreadcrumbList\",\"@id\":\"https:\\\/\\\/carl-humann.de\\\/en\\\/1403-tage-erasmus-am-carl-humann-gymnasium-europa-erleben-vielfalt-leben\\\/#breadcrumb\",\"itemListElement\":[{\"@type\":\"ListItem\",\"position\":1,\"name\":\"Startseite\",\"item\":\"https:\\\/\\\/carl-humann.de\\\/\"},{\"@type\":\"ListItem\",\"position\":2,\"name\":\"1403 Tage Erasmus+ am Carl-Humann-Gymnasium \u2013 Europa erleben, Vielfalt leben\"}]},{\"@type\":\"WebSite\",\"@id\":\"https:\\\/\\\/carl-humann.de\\\/#website\",\"url\":\"https:\\\/\\\/carl-humann.de\\\/\",\"name\":\"Carl-Humann-Gymnasium Essen\",\"description\":\"\",\"publisher\":{\"@id\":\"https:\\\/\\\/carl-humann.de\\\/#organization\"},\"potentialAction\":[{\"@type\":\"SearchAction\",\"target\":{\"@type\":\"EntryPoint\",\"urlTemplate\":\"https:\\\/\\\/carl-humann.de\\\/?s={search_term_string}\"},\"query-input\":{\"@type\":\"PropertyValueSpecification\",\"valueRequired\":true,\"valueName\":\"search_term_string\"}}],\"inLanguage\":\"en-US\"},{\"@type\":\"Organization\",\"@id\":\"https:\\\/\\\/carl-humann.de\\\/#organization\",\"name\":\"Carl-Humann-Gymnasium Essen\",\"url\":\"https:\\\/\\\/carl-humann.de\\\/\",\"logo\":{\"@type\":\"ImageObject\",\"inLanguage\":\"en-US\",\"@id\":\"https:\\\/\\\/carl-humann.de\\\/#\\\/schema\\\/logo\\\/image\\\/\",\"url\":\"https:\\\/\\\/carl-humann.de\\\/wp-content\\\/uploads\\\/2021\\\/09\\\/Logo_1c_222x85mm-1.png\",\"contentUrl\":\"https:\\\/\\\/carl-humann.de\\\/wp-content\\\/uploads\\\/2021\\\/09\\\/Logo_1c_222x85mm-1.png\",\"width\":2622,\"height\":1004,\"caption\":\"Carl-Humann-Gymnasium Essen\"},\"image\":{\"@id\":\"https:\\\/\\\/carl-humann.de\\\/#\\\/schema\\\/logo\\\/image\\\/\"}},{\"@type\":\"Person\",\"@id\":\"https:\\\/\\\/carl-humann.de\\\/#\\\/schema\\\/person\\\/11e850f41ea9f13a02e91c11f24dfb74\",\"name\":\"Max Baukrowitz\",\"url\":\"https:\\\/\\\/carl-humann.de\\\/en\\\/author\\\/max-baukrowitz\\\/\"}]}<\/script>\n<!-- \/ Yoast SEO plugin. -->","yoast_head_json":{"title":"1403 Tage Erasmus+ am Carl-Humann-Gymnasium \u2013 Europa erleben, Vielfalt leben - Carl-Humann-Gymnasium Essen","robots":{"index":"index","follow":"follow","max-snippet":"max-snippet:-1","max-image-preview":"max-image-preview:large","max-video-preview":"max-video-preview:-1"},"canonical":"https:\/\/carl-humann.de\/en\/1403-tage-erasmus-am-carl-humann-gymnasium-europa-erleben-vielfalt-leben\/","og_locale":"en_US","og_type":"article","og_title":"1403 Tage Erasmus+ am Carl-Humann-Gymnasium \u2013 Europa erleben, Vielfalt leben - Carl-Humann-Gymnasium Essen","og_description":"In den vergangenen 1403 Tagen war das Carl-Humann-Gymnasium intensiv im europ\u00e4ischen Austausch aktiv. Im Rahmen des Erasmus+-Programms wurden zahlreiche internationale Begegnungen erm\u00f6glicht, die unsere Schulgemeinschaft nachhaltig gepr\u00e4gt haben. Unterwegs in Europa Dank einer Gesamtf\u00f6rderung von 393.908 Euro konnten 385 Sch\u00fcler:innen sowie 22 Kolleg:innen an Mobilit\u00e4ten in 15 europ\u00e4ischen L\u00e4ndern teilnehmen. Neben 12 Job-Shadowings f\u00fcr Lehrkr\u00e4fte...","og_url":"https:\/\/carl-humann.de\/en\/1403-tage-erasmus-am-carl-humann-gymnasium-europa-erleben-vielfalt-leben\/","og_site_name":"Carl-Humann-Gymnasium Essen","article_published_time":"2025-12-17T15:26:36+00:00","article_modified_time":"2025-12-17T15:33:12+00:00","og_image":[{"width":2560,"height":1707,"url":"https:\/\/carl-humann.de\/wp-content\/uploads\/2025\/12\/DSC_4376-scaled.jpg","type":"image\/jpeg"}],"author":"Max Baukrowitz","twitter_card":"summary_large_image","twitter_misc":{"Written by":"Max Baukrowitz","Est. reading time":"2 minutes"},"schema":{"@context":"https:\/\/schema.org","@graph":[{"@type":"Article","@id":"https:\/\/carl-humann.de\/en\/1403-tage-erasmus-am-carl-humann-gymnasium-europa-erleben-vielfalt-leben\/#article","isPartOf":{"@id":"https:\/\/carl-humann.de\/en\/1403-tage-erasmus-am-carl-humann-gymnasium-europa-erleben-vielfalt-leben\/"},"author":{"name":"Max Baukrowitz","@id":"https:\/\/carl-humann.de\/#\/schema\/person\/11e850f41ea9f13a02e91c11f24dfb74"},"headline":"1403 Tage Erasmus+ am Carl-Humann-Gymnasium \u2013 Europa erleben, Vielfalt leben","datePublished":"2025-12-17T15:26:36+00:00","dateModified":"2025-12-17T15:33:12+00:00","mainEntityOfPage":{"@id":"https:\/\/carl-humann.de\/en\/1403-tage-erasmus-am-carl-humann-gymnasium-europa-erleben-vielfalt-leben\/"},"wordCount":311,"publisher":{"@id":"https:\/\/carl-humann.de\/#organization"},"image":{"@id":"https:\/\/carl-humann.de\/en\/1403-tage-erasmus-am-carl-humann-gymnasium-europa-erleben-vielfalt-leben\/#primaryimage"},"thumbnailUrl":"https:\/\/carl-humann.de\/wp-content\/uploads\/2025\/12\/DSC_4376-scaled.jpg","articleSection":["Erasmus"],"inLanguage":"en-US"},{"@type":"WebPage","@id":"https:\/\/carl-humann.de\/en\/1403-tage-erasmus-am-carl-humann-gymnasium-europa-erleben-vielfalt-leben\/","url":"https:\/\/carl-humann.de\/en\/1403-tage-erasmus-am-carl-humann-gymnasium-europa-erleben-vielfalt-leben\/","name":"1403 Tage Erasmus+ am Carl-Humann-Gymnasium \u2013 Europa erleben, Vielfalt leben - Carl-Humann-Gymnasium Essen","isPartOf":{"@id":"https:\/\/carl-humann.de\/#website"},"primaryImageOfPage":{"@id":"https:\/\/carl-humann.de\/en\/1403-tage-erasmus-am-carl-humann-gymnasium-europa-erleben-vielfalt-leben\/#primaryimage"},"image":{"@id":"https:\/\/carl-humann.de\/en\/1403-tage-erasmus-am-carl-humann-gymnasium-europa-erleben-vielfalt-leben\/#primaryimage"},"thumbnailUrl":"https:\/\/carl-humann.de\/wp-content\/uploads\/2025\/12\/DSC_4376-scaled.jpg","datePublished":"2025-12-17T15:26:36+00:00","dateModified":"2025-12-17T15:33:12+00:00","breadcrumb":{"@id":"https:\/\/carl-humann.de\/en\/1403-tage-erasmus-am-carl-humann-gymnasium-europa-erleben-vielfalt-leben\/#breadcrumb"},"inLanguage":"en-US","potentialAction":[{"@type":"ReadAction","target":["https:\/\/carl-humann.de\/en\/1403-tage-erasmus-am-carl-humann-gymnasium-europa-erleben-vielfalt-leben\/"]}]},{"@type":"ImageObject","inLanguage":"en-US","@id":"https:\/\/carl-humann.de\/en\/1403-tage-erasmus-am-carl-humann-gymnasium-europa-erleben-vielfalt-leben\/#primaryimage","url":"https:\/\/carl-humann.de\/wp-content\/uploads\/2025\/12\/DSC_4376-scaled.jpg","contentUrl":"https:\/\/carl-humann.de\/wp-content\/uploads\/2025\/12\/DSC_4376-scaled.jpg","width":2560,"height":1707},{"@type":"BreadcrumbList","@id":"https:\/\/carl-humann.de\/en\/1403-tage-erasmus-am-carl-humann-gymnasium-europa-erleben-vielfalt-leben\/#breadcrumb","itemListElement":[{"@type":"ListItem","position":1,"name":"Startseite","item":"https:\/\/carl-humann.de\/"},{"@type":"ListItem","position":2,"name":"1403 Tage Erasmus+ am Carl-Humann-Gymnasium \u2013 Europa erleben, Vielfalt leben"}]},{"@type":"WebSite","@id":"https:\/\/carl-humann.de\/#website","url":"https:\/\/carl-humann.de\/","name":"Carl-Humann-Gymnasium Essen","description":"","publisher":{"@id":"https:\/\/carl-humann.de\/#organization"},"potentialAction":[{"@type":"SearchAction","target":{"@type":"EntryPoint","urlTemplate":"https:\/\/carl-humann.de\/?s={search_term_string}"},"query-input":{"@type":"PropertyValueSpecification","valueRequired":true,"valueName":"search_term_string"}}],"inLanguage":"en-US"},{"@type":"Organization","@id":"https:\/\/carl-humann.de\/#organization","name":"Carl-Humann-Gymnasium Essen","url":"https:\/\/carl-humann.de\/","logo":{"@type":"ImageObject","inLanguage":"en-US","@id":"https:\/\/carl-humann.de\/#\/schema\/logo\/image\/","url":"https:\/\/carl-humann.de\/wp-content\/uploads\/2021\/09\/Logo_1c_222x85mm-1.png","contentUrl":"https:\/\/carl-humann.de\/wp-content\/uploads\/2021\/09\/Logo_1c_222x85mm-1.png","width":2622,"height":1004,"caption":"Carl-Humann-Gymnasium Essen"},"image":{"@id":"https:\/\/carl-humann.de\/#\/schema\/logo\/image\/"}},{"@type":"Person","@id":"https:\/\/carl-humann.de\/#\/schema\/person\/11e850f41ea9f13a02e91c11f24dfb74","name":"Max Baukrowitz","url":"https:\/\/carl-humann.de\/en\/author\/max-baukrowitz\/"}]}},"_links":{"self":[{"href":"https:\/\/carl-humann.de\/en\/wp-json\/wp\/v2\/posts\/1012559","targetHints":{"allow":["GET"]}}],"collection":[{"href":"https:\/\/carl-humann.de\/en\/wp-json\/wp\/v2\/posts"}],"about":[{"href":"https:\/\/carl-humann.de\/en\/wp-json\/wp\/v2\/types\/post"}],"author":[{"embeddable":true,"href":"https:\/\/carl-humann.de\/en\/wp-json\/wp\/v2\/users\/5"}],"replies":[{"embeddable":true,"href":"https:\/\/carl-humann.de\/en\/wp-json\/wp\/v2\/comments?post=1012559"}],"version-history":[{"count":1,"href":"https:\/\/carl-humann.de\/en\/wp-json\/wp\/v2\/posts\/1012559\/revisions"}],"predecessor-version":[{"id":1012560,"href":"https:\/\/carl-humann.de\/en\/wp-json\/wp\/v2\/posts\/1012559\/revisions\/1012560"}],"wp:featuredmedia":[{"embeddable":true,"href":"https:\/\/carl-humann.de\/en\/wp-json\/wp\/v2\/media\/1012536"}],"wp:attachment":[{"href":"https:\/\/carl-humann.de\/en\/wp-json\/wp\/v2\/media?parent=1012559"}],"wp:term":[{"taxonomy":"category","embeddable":true,"href":"https:\/\/carl-humann.de\/en\/wp-json\/wp\/v2\/categories?post=1012559"},{"taxonomy":"post_tag","embeddable":true,"href":"https:\/\/carl-humann.de\/en\/wp-json\/wp\/v2\/tags?post=1012559"}],"curies":[{"name":"wp","href":"https:\/\/api.w.org\/{rel}","templated":true}]}}