{"id":1011822,"date":"2025-11-10T20:53:01","date_gmt":"2025-11-10T19:53:01","guid":{"rendered":"https:\/\/carl-humann.de\/weihnachtsaktion-2025\/"},"modified":"2025-11-10T20:54:27","modified_gmt":"2025-11-10T19:54:27","slug":"weihnachtsaktion-2025","status":"publish","type":"post","link":"https:\/\/carl-humann.de\/en\/weihnachtsaktion-2025\/","title":{"rendered":"Weihnachtsaktion 2025"},"content":{"rendered":"<div class=\"vgblk-rw-wrapper limit-wrapper\">\n<p style=\"font-weight: 400;\">Liebe Sch\u00fclerinnen und Sch\u00fcler, liebe Eltern,<\/p>\n<p style=\"font-weight: 400;\">in den letzten Tagen haben alle Klassen und die Oberstufe einen Informationsbrief zur Weihnachtsaktion 2025 bekommen. Auch in diesem Jahr wollen wir die Caritas Lipova unterst\u00fctzen, damit sie m\u00f6glichst vielen sehr bed\u00fcrftigen Menschen zu Weihnachten eine T\u00fcte mit Grundnahrungsmitteln schenken kann.<\/p>\n<p style=\"font-weight: 400;\">Die Rum\u00e4nien-AGs verkaufen deshalb bis zum <strong>12. Dezember<\/strong> Gutscheine. Dann wird das Geld an die Caritas Lipova \u00fcberwiesen und diese kauft Lebensmittel vor Ort und verteilt sie rechtzeitig vor dem Fest.<\/p>\n<p style=\"font-weight: 400;\">Ebenso gibt es wieder Zacusca zu kaufen. F\u00fcr 4,50\u20ac bekommt man ein Glas leckeren, veganen Gem\u00fcseaufstrich, den die Caritas Lipova hergestellt und geliefert hat. Auch damit wird unsere Weihnachtsaktion unterst\u00fctzt.<\/p>\n<p style=\"font-weight: 400;\">Im Rahmen von Erasmus+ waren ja Sch\u00fclerinnen und Sch\u00fcler der EF und Q1 im Oktober in Rum\u00e4nien und konnten sich vor Ort von der Not \u00fcberzeugen. Die Weihnachtsaktion erreicht Menschen, die in gro\u00dfer Armut leben, und zeigt ihnen, dass sie nicht vergessen sind.<\/p>\n<p style=\"font-weight: 400;\">Die ganze Schulgemeinde ist herzlich eingeladen, sich an dieser Aktion zu beteiligen.<\/p>\n<p style=\"font-weight: 400;\">Wir bedanken uns im Namen der Menschen in Rum\u00e4nien.<\/p>\n<p>S. Felbecker, P. Garnjost, S. Kelterbaum und die Sch\u00fclerinnen und Sch\u00fcler der Rum\u00e4nien-AGs<\/p>\n<p><img fetchpriority=\"high\" decoding=\"async\" class=\"alignnone size-full wp-image-1011813\" src=\"https:\/\/carl-humann.de\/wp-content\/uploads\/2025\/11\/P1160781.jpg\" alt=\"\" width=\"2560\" height=\"1920\" srcset=\"https:\/\/carl-humann.de\/wp-content\/uploads\/2025\/11\/P1160781.jpg 2560w, https:\/\/carl-humann.de\/wp-content\/uploads\/2025\/11\/P1160781-300x225.jpg 300w, https:\/\/carl-humann.de\/wp-content\/uploads\/2025\/11\/P1160781-1024x768.jpg 1024w, https:\/\/carl-humann.de\/wp-content\/uploads\/2025\/11\/P1160781-768x576.jpg 768w, https:\/\/carl-humann.de\/wp-content\/uploads\/2025\/11\/P1160781-1536x1152.jpg 1536w, https:\/\/carl-humann.de\/wp-content\/uploads\/2025\/11\/P1160781-2048x1536.jpg 2048w\" sizes=\"(max-width: 2560px) 100vw, 2560px\" \/> <img decoding=\"async\" class=\"alignnone size-full wp-image-1011811\" src=\"https:\/\/carl-humann.de\/wp-content\/uploads\/2025\/11\/Lebensmittel.jpeg\" alt=\"\" width=\"1024\" height=\"768\" srcset=\"https:\/\/carl-humann.de\/wp-content\/uploads\/2025\/11\/Lebensmittel.jpeg 1024w, https:\/\/carl-humann.de\/wp-content\/uploads\/2025\/11\/Lebensmittel-300x225.jpeg 300w, https:\/\/carl-humann.de\/wp-content\/uploads\/2025\/11\/Lebensmittel-768x576.jpeg 768w\" sizes=\"(max-width: 1024px) 100vw, 1024px\" \/> <img decoding=\"async\" class=\"alignnone size-full wp-image-1011815\" src=\"https:\/\/carl-humann.de\/wp-content\/uploads\/2025\/11\/Gutsch-LebensmPak-5-2022-1011-768x652-1.jpeg\" alt=\"\" width=\"768\" height=\"652\" srcset=\"https:\/\/carl-humann.de\/wp-content\/uploads\/2025\/11\/Gutsch-LebensmPak-5-2022-1011-768x652-1.jpeg 768w, https:\/\/carl-humann.de\/wp-content\/uploads\/2025\/11\/Gutsch-LebensmPak-5-2022-1011-768x652-1-300x255.jpeg 300w\" sizes=\"(max-width: 768px) 100vw, 768px\" \/> <img loading=\"lazy\" decoding=\"async\" class=\"alignnone size-full wp-image-1011809\" src=\"https:\/\/carl-humann.de\/wp-content\/uploads\/2025\/11\/Gutsch-LebensmPak-10-2022-1011-768x566-1.jpeg\" alt=\"\" width=\"768\" height=\"566\" srcset=\"https:\/\/carl-humann.de\/wp-content\/uploads\/2025\/11\/Gutsch-LebensmPak-10-2022-1011-768x566-1.jpeg 768w, https:\/\/carl-humann.de\/wp-content\/uploads\/2025\/11\/Gutsch-LebensmPak-10-2022-1011-768x566-1-300x221.jpeg 300w\" sizes=\"(max-width: 768px) 100vw, 768px\" \/> <img loading=\"lazy\" decoding=\"async\" class=\"alignnone size-full wp-image-1011819\" src=\"https:\/\/carl-humann.de\/wp-content\/uploads\/2025\/11\/Gutsch-LebensmPak-20-2022-1011-768x508-1.jpeg\" alt=\"\" width=\"768\" height=\"508\" srcset=\"https:\/\/carl-humann.de\/wp-content\/uploads\/2025\/11\/Gutsch-LebensmPak-20-2022-1011-768x508-1.jpeg 768w, https:\/\/carl-humann.de\/wp-content\/uploads\/2025\/11\/Gutsch-LebensmPak-20-2022-1011-768x508-1-300x198.jpeg 300w\" sizes=\"(max-width: 768px) 100vw, 768px\" \/><\/div>\n<p><!-- .vgblk-rw-wrapper --><\/p>\n","protected":false},"excerpt":{"rendered":"<p>Liebe Sch\u00fclerinnen und Sch\u00fcler, liebe Eltern, in den letzten Tagen haben alle Klassen und die Oberstufe einen Informationsbrief zur Weihnachtsaktion 2025 bekommen. Auch in diesem Jahr wollen wir die Caritas Lipova unterst\u00fctzen, damit sie m\u00f6glichst vielen sehr bed\u00fcrftigen Menschen zu Weihnachten eine T\u00fcte mit Grundnahrungsmitteln schenken kann. Die Rum\u00e4nien-AGs verkaufen deshalb bis zum 12. Dezember&#8230;<\/p>\n","protected":false},"author":5,"featured_media":1011814,"comment_status":"closed","ping_status":"closed","sticky":false,"template":"","format":"standard","meta":{"inline_featured_image":false,"footnotes":""},"categories":[],"tags":[],"class_list":["post-1011822","post","type-post","status-publish","format-standard","has-post-thumbnail","hentry"],"yoast_head":"<!-- This site is optimized with the Yoast SEO plugin v27.4 - https:\/\/yoast.com\/product\/yoast-seo-wordpress\/ -->\n<title>Weihnachtsaktion 2025 - Carl-Humann-Gymnasium Essen<\/title>\n<meta name=\"robots\" content=\"index, follow, max-snippet:-1, max-image-preview:large, max-video-preview:-1\" \/>\n<link rel=\"canonical\" href=\"https:\/\/carl-humann.de\/en\/weihnachtsaktion-2025\/\" \/>\n<meta property=\"og:locale\" content=\"en_US\" \/>\n<meta property=\"og:type\" content=\"article\" \/>\n<meta property=\"og:title\" content=\"Weihnachtsaktion 2025 - Carl-Humann-Gymnasium Essen\" \/>\n<meta property=\"og:description\" content=\"Liebe Sch\u00fclerinnen und Sch\u00fcler, liebe Eltern, in den letzten Tagen haben alle Klassen und die Oberstufe einen Informationsbrief zur Weihnachtsaktion 2025 bekommen. Auch in diesem Jahr wollen wir die Caritas Lipova unterst\u00fctzen, damit sie m\u00f6glichst vielen sehr bed\u00fcrftigen Menschen zu Weihnachten eine T\u00fcte mit Grundnahrungsmitteln schenken kann. Die Rum\u00e4nien-AGs verkaufen deshalb bis zum 12. Dezember...\" \/>\n<meta property=\"og:url\" content=\"https:\/\/carl-humann.de\/en\/weihnachtsaktion-2025\/\" \/>\n<meta property=\"og:site_name\" content=\"Carl-Humann-Gymnasium Essen\" \/>\n<meta property=\"article:published_time\" content=\"2025-11-10T19:53:01+00:00\" \/>\n<meta property=\"article:modified_time\" content=\"2025-11-10T19:54:27+00:00\" \/>\n<meta property=\"og:image\" content=\"https:\/\/carl-humann.de\/wp-content\/uploads\/2025\/11\/P1160781-1024x768.jpg\" \/>\n\t<meta property=\"og:image:width\" content=\"1024\" \/>\n\t<meta property=\"og:image:height\" content=\"768\" \/>\n\t<meta property=\"og:image:type\" content=\"image\/jpeg\" \/>\n<meta name=\"author\" content=\"Max Baukrowitz\" \/>\n<meta name=\"twitter:card\" content=\"summary_large_image\" \/>\n<meta name=\"twitter:label1\" content=\"Written by\" \/>\n\t<meta name=\"twitter:data1\" content=\"Max Baukrowitz\" \/>\n\t<meta name=\"twitter:label2\" content=\"Est. reading time\" \/>\n\t<meta name=\"twitter:data2\" content=\"3 minutes\" \/>\n<script type=\"application\/ld+json\" class=\"yoast-schema-graph\">{\"@context\":\"https:\\\/\\\/schema.org\",\"@graph\":[{\"@type\":\"Article\",\"@id\":\"https:\\\/\\\/carl-humann.de\\\/en\\\/weihnachtsaktion-2025\\\/#article\",\"isPartOf\":{\"@id\":\"https:\\\/\\\/carl-humann.de\\\/en\\\/weihnachtsaktion-2025\\\/\"},\"author\":{\"name\":\"Max Baukrowitz\",\"@id\":\"https:\\\/\\\/carl-humann.de\\\/#\\\/schema\\\/person\\\/11e850f41ea9f13a02e91c11f24dfb74\"},\"headline\":\"Weihnachtsaktion 2025\",\"datePublished\":\"2025-11-10T19:53:01+00:00\",\"dateModified\":\"2025-11-10T19:54:27+00:00\",\"mainEntityOfPage\":{\"@id\":\"https:\\\/\\\/carl-humann.de\\\/en\\\/weihnachtsaktion-2025\\\/\"},\"wordCount\":201,\"publisher\":{\"@id\":\"https:\\\/\\\/carl-humann.de\\\/#organization\"},\"image\":{\"@id\":\"https:\\\/\\\/carl-humann.de\\\/en\\\/weihnachtsaktion-2025\\\/#primaryimage\"},\"thumbnailUrl\":\"https:\\\/\\\/carl-humann.de\\\/wp-content\\\/uploads\\\/2025\\\/11\\\/P1160781.jpg\",\"inLanguage\":\"en-US\"},{\"@type\":\"WebPage\",\"@id\":\"https:\\\/\\\/carl-humann.de\\\/en\\\/weihnachtsaktion-2025\\\/\",\"url\":\"https:\\\/\\\/carl-humann.de\\\/en\\\/weihnachtsaktion-2025\\\/\",\"name\":\"Weihnachtsaktion 2025 - Carl-Humann-Gymnasium Essen\",\"isPartOf\":{\"@id\":\"https:\\\/\\\/carl-humann.de\\\/#website\"},\"primaryImageOfPage\":{\"@id\":\"https:\\\/\\\/carl-humann.de\\\/en\\\/weihnachtsaktion-2025\\\/#primaryimage\"},\"image\":{\"@id\":\"https:\\\/\\\/carl-humann.de\\\/en\\\/weihnachtsaktion-2025\\\/#primaryimage\"},\"thumbnailUrl\":\"https:\\\/\\\/carl-humann.de\\\/wp-content\\\/uploads\\\/2025\\\/11\\\/P1160781.jpg\",\"datePublished\":\"2025-11-10T19:53:01+00:00\",\"dateModified\":\"2025-11-10T19:54:27+00:00\",\"breadcrumb\":{\"@id\":\"https:\\\/\\\/carl-humann.de\\\/en\\\/weihnachtsaktion-2025\\\/#breadcrumb\"},\"inLanguage\":\"en-US\",\"potentialAction\":[{\"@type\":\"ReadAction\",\"target\":[\"https:\\\/\\\/carl-humann.de\\\/en\\\/weihnachtsaktion-2025\\\/\"]}]},{\"@type\":\"ImageObject\",\"inLanguage\":\"en-US\",\"@id\":\"https:\\\/\\\/carl-humann.de\\\/en\\\/weihnachtsaktion-2025\\\/#primaryimage\",\"url\":\"https:\\\/\\\/carl-humann.de\\\/wp-content\\\/uploads\\\/2025\\\/11\\\/P1160781.jpg\",\"contentUrl\":\"https:\\\/\\\/carl-humann.de\\\/wp-content\\\/uploads\\\/2025\\\/11\\\/P1160781.jpg\",\"width\":2560,\"height\":1920},{\"@type\":\"BreadcrumbList\",\"@id\":\"https:\\\/\\\/carl-humann.de\\\/en\\\/weihnachtsaktion-2025\\\/#breadcrumb\",\"itemListElement\":[{\"@type\":\"ListItem\",\"position\":1,\"name\":\"Startseite\",\"item\":\"https:\\\/\\\/carl-humann.de\\\/\"},{\"@type\":\"ListItem\",\"position\":2,\"name\":\"Weihnachtsaktion 2025\"}]},{\"@type\":\"WebSite\",\"@id\":\"https:\\\/\\\/carl-humann.de\\\/#website\",\"url\":\"https:\\\/\\\/carl-humann.de\\\/\",\"name\":\"Carl-Humann-Gymnasium Essen\",\"description\":\"\",\"publisher\":{\"@id\":\"https:\\\/\\\/carl-humann.de\\\/#organization\"},\"potentialAction\":[{\"@type\":\"SearchAction\",\"target\":{\"@type\":\"EntryPoint\",\"urlTemplate\":\"https:\\\/\\\/carl-humann.de\\\/?s={search_term_string}\"},\"query-input\":{\"@type\":\"PropertyValueSpecification\",\"valueRequired\":true,\"valueName\":\"search_term_string\"}}],\"inLanguage\":\"en-US\"},{\"@type\":\"Organization\",\"@id\":\"https:\\\/\\\/carl-humann.de\\\/#organization\",\"name\":\"Carl-Humann-Gymnasium Essen\",\"url\":\"https:\\\/\\\/carl-humann.de\\\/\",\"logo\":{\"@type\":\"ImageObject\",\"inLanguage\":\"en-US\",\"@id\":\"https:\\\/\\\/carl-humann.de\\\/#\\\/schema\\\/logo\\\/image\\\/\",\"url\":\"https:\\\/\\\/carl-humann.de\\\/wp-content\\\/uploads\\\/2021\\\/09\\\/Logo_1c_222x85mm-1.png\",\"contentUrl\":\"https:\\\/\\\/carl-humann.de\\\/wp-content\\\/uploads\\\/2021\\\/09\\\/Logo_1c_222x85mm-1.png\",\"width\":2622,\"height\":1004,\"caption\":\"Carl-Humann-Gymnasium Essen\"},\"image\":{\"@id\":\"https:\\\/\\\/carl-humann.de\\\/#\\\/schema\\\/logo\\\/image\\\/\"}},{\"@type\":\"Person\",\"@id\":\"https:\\\/\\\/carl-humann.de\\\/#\\\/schema\\\/person\\\/11e850f41ea9f13a02e91c11f24dfb74\",\"name\":\"Max Baukrowitz\",\"url\":\"https:\\\/\\\/carl-humann.de\\\/en\\\/author\\\/max-baukrowitz\\\/\"}]}<\/script>\n<!-- \/ Yoast SEO plugin. -->","yoast_head_json":{"title":"Weihnachtsaktion 2025 - Carl-Humann-Gymnasium Essen","robots":{"index":"index","follow":"follow","max-snippet":"max-snippet:-1","max-image-preview":"max-image-preview:large","max-video-preview":"max-video-preview:-1"},"canonical":"https:\/\/carl-humann.de\/en\/weihnachtsaktion-2025\/","og_locale":"en_US","og_type":"article","og_title":"Weihnachtsaktion 2025 - Carl-Humann-Gymnasium Essen","og_description":"Liebe Sch\u00fclerinnen und Sch\u00fcler, liebe Eltern, in den letzten Tagen haben alle Klassen und die Oberstufe einen Informationsbrief zur Weihnachtsaktion 2025 bekommen. Auch in diesem Jahr wollen wir die Caritas Lipova unterst\u00fctzen, damit sie m\u00f6glichst vielen sehr bed\u00fcrftigen Menschen zu Weihnachten eine T\u00fcte mit Grundnahrungsmitteln schenken kann. Die Rum\u00e4nien-AGs verkaufen deshalb bis zum 12. Dezember...","og_url":"https:\/\/carl-humann.de\/en\/weihnachtsaktion-2025\/","og_site_name":"Carl-Humann-Gymnasium Essen","article_published_time":"2025-11-10T19:53:01+00:00","article_modified_time":"2025-11-10T19:54:27+00:00","og_image":[{"width":1024,"height":768,"url":"https:\/\/carl-humann.de\/wp-content\/uploads\/2025\/11\/P1160781-1024x768.jpg","type":"image\/jpeg"}],"author":"Max Baukrowitz","twitter_card":"summary_large_image","twitter_misc":{"Written by":"Max Baukrowitz","Est. reading time":"3 minutes"},"schema":{"@context":"https:\/\/schema.org","@graph":[{"@type":"Article","@id":"https:\/\/carl-humann.de\/en\/weihnachtsaktion-2025\/#article","isPartOf":{"@id":"https:\/\/carl-humann.de\/en\/weihnachtsaktion-2025\/"},"author":{"name":"Max Baukrowitz","@id":"https:\/\/carl-humann.de\/#\/schema\/person\/11e850f41ea9f13a02e91c11f24dfb74"},"headline":"Weihnachtsaktion 2025","datePublished":"2025-11-10T19:53:01+00:00","dateModified":"2025-11-10T19:54:27+00:00","mainEntityOfPage":{"@id":"https:\/\/carl-humann.de\/en\/weihnachtsaktion-2025\/"},"wordCount":201,"publisher":{"@id":"https:\/\/carl-humann.de\/#organization"},"image":{"@id":"https:\/\/carl-humann.de\/en\/weihnachtsaktion-2025\/#primaryimage"},"thumbnailUrl":"https:\/\/carl-humann.de\/wp-content\/uploads\/2025\/11\/P1160781.jpg","inLanguage":"en-US"},{"@type":"WebPage","@id":"https:\/\/carl-humann.de\/en\/weihnachtsaktion-2025\/","url":"https:\/\/carl-humann.de\/en\/weihnachtsaktion-2025\/","name":"Weihnachtsaktion 2025 - Carl-Humann-Gymnasium Essen","isPartOf":{"@id":"https:\/\/carl-humann.de\/#website"},"primaryImageOfPage":{"@id":"https:\/\/carl-humann.de\/en\/weihnachtsaktion-2025\/#primaryimage"},"image":{"@id":"https:\/\/carl-humann.de\/en\/weihnachtsaktion-2025\/#primaryimage"},"thumbnailUrl":"https:\/\/carl-humann.de\/wp-content\/uploads\/2025\/11\/P1160781.jpg","datePublished":"2025-11-10T19:53:01+00:00","dateModified":"2025-11-10T19:54:27+00:00","breadcrumb":{"@id":"https:\/\/carl-humann.de\/en\/weihnachtsaktion-2025\/#breadcrumb"},"inLanguage":"en-US","potentialAction":[{"@type":"ReadAction","target":["https:\/\/carl-humann.de\/en\/weihnachtsaktion-2025\/"]}]},{"@type":"ImageObject","inLanguage":"en-US","@id":"https:\/\/carl-humann.de\/en\/weihnachtsaktion-2025\/#primaryimage","url":"https:\/\/carl-humann.de\/wp-content\/uploads\/2025\/11\/P1160781.jpg","contentUrl":"https:\/\/carl-humann.de\/wp-content\/uploads\/2025\/11\/P1160781.jpg","width":2560,"height":1920},{"@type":"BreadcrumbList","@id":"https:\/\/carl-humann.de\/en\/weihnachtsaktion-2025\/#breadcrumb","itemListElement":[{"@type":"ListItem","position":1,"name":"Startseite","item":"https:\/\/carl-humann.de\/"},{"@type":"ListItem","position":2,"name":"Weihnachtsaktion 2025"}]},{"@type":"WebSite","@id":"https:\/\/carl-humann.de\/#website","url":"https:\/\/carl-humann.de\/","name":"Carl-Humann-Gymnasium Essen","description":"","publisher":{"@id":"https:\/\/carl-humann.de\/#organization"},"potentialAction":[{"@type":"SearchAction","target":{"@type":"EntryPoint","urlTemplate":"https:\/\/carl-humann.de\/?s={search_term_string}"},"query-input":{"@type":"PropertyValueSpecification","valueRequired":true,"valueName":"search_term_string"}}],"inLanguage":"en-US"},{"@type":"Organization","@id":"https:\/\/carl-humann.de\/#organization","name":"Carl-Humann-Gymnasium Essen","url":"https:\/\/carl-humann.de\/","logo":{"@type":"ImageObject","inLanguage":"en-US","@id":"https:\/\/carl-humann.de\/#\/schema\/logo\/image\/","url":"https:\/\/carl-humann.de\/wp-content\/uploads\/2021\/09\/Logo_1c_222x85mm-1.png","contentUrl":"https:\/\/carl-humann.de\/wp-content\/uploads\/2021\/09\/Logo_1c_222x85mm-1.png","width":2622,"height":1004,"caption":"Carl-Humann-Gymnasium Essen"},"image":{"@id":"https:\/\/carl-humann.de\/#\/schema\/logo\/image\/"}},{"@type":"Person","@id":"https:\/\/carl-humann.de\/#\/schema\/person\/11e850f41ea9f13a02e91c11f24dfb74","name":"Max Baukrowitz","url":"https:\/\/carl-humann.de\/en\/author\/max-baukrowitz\/"}]}},"_links":{"self":[{"href":"https:\/\/carl-humann.de\/en\/wp-json\/wp\/v2\/posts\/1011822","targetHints":{"allow":["GET"]}}],"collection":[{"href":"https:\/\/carl-humann.de\/en\/wp-json\/wp\/v2\/posts"}],"about":[{"href":"https:\/\/carl-humann.de\/en\/wp-json\/wp\/v2\/types\/post"}],"author":[{"embeddable":true,"href":"https:\/\/carl-humann.de\/en\/wp-json\/wp\/v2\/users\/5"}],"replies":[{"embeddable":true,"href":"https:\/\/carl-humann.de\/en\/wp-json\/wp\/v2\/comments?post=1011822"}],"version-history":[{"count":1,"href":"https:\/\/carl-humann.de\/en\/wp-json\/wp\/v2\/posts\/1011822\/revisions"}],"predecessor-version":[{"id":1011823,"href":"https:\/\/carl-humann.de\/en\/wp-json\/wp\/v2\/posts\/1011822\/revisions\/1011823"}],"wp:featuredmedia":[{"embeddable":true,"href":"https:\/\/carl-humann.de\/en\/wp-json\/wp\/v2\/media\/1011814"}],"wp:attachment":[{"href":"https:\/\/carl-humann.de\/en\/wp-json\/wp\/v2\/media?parent=1011822"}],"wp:term":[{"taxonomy":"category","embeddable":true,"href":"https:\/\/carl-humann.de\/en\/wp-json\/wp\/v2\/categories?post=1011822"},{"taxonomy":"post_tag","embeddable":true,"href":"https:\/\/carl-humann.de\/en\/wp-json\/wp\/v2\/tags?post=1011822"}],"curies":[{"name":"wp","href":"https:\/\/api.w.org\/{rel}","templated":true}]}}