{"id":1010567,"date":"2025-07-08T10:03:51","date_gmt":"2025-07-08T08:03:51","guid":{"rendered":"https:\/\/carl-humann.de\/abschlussfahrt-der-10-klassen-franzoesisch-nach-liege-belgien\/"},"modified":"2025-07-08T10:08:38","modified_gmt":"2025-07-08T08:08:38","slug":"abschlussfahrt-der-10-klassen-franzoesisch-nach-liege-belgien","status":"publish","type":"post","link":"https:\/\/carl-humann.de\/en\/abschlussfahrt-der-10-klassen-franzoesisch-nach-liege-belgien\/","title":{"rendered":"Abschlussfahrt der 10. Klassen Franz\u00f6sisch nach Li\u00e8ge (Belgien)"},"content":{"rendered":"\t\t<div data-elementor-type=\"wp-post\" data-elementor-id=\"1010567\" class=\"elementor elementor-1010567\" data-elementor-post-type=\"post\">\n\t\t\t\t\t\t<section class=\"elementor-section elementor-top-section elementor-element elementor-element-37de13e5 elementor-section-boxed elementor-section-height-default elementor-section-height-default\" data-id=\"37de13e5\" data-element_type=\"section\" data-e-type=\"section\">\n\t\t\t\t\t\t<div class=\"elementor-container elementor-column-gap-default\">\n\t\t\t\t\t<div class=\"elementor-column elementor-col-100 elementor-top-column elementor-element elementor-element-206b3877\" data-id=\"206b3877\" data-element_type=\"column\" data-e-type=\"column\">\n\t\t\t<div class=\"elementor-widget-wrap elementor-element-populated\">\n\t\t\t\t\t\t<div class=\"elementor-element elementor-element-4e648892 elementor-widget elementor-widget-text-editor\" data-id=\"4e648892\" data-element_type=\"widget\" data-e-type=\"widget\" data-widget_type=\"text-editor.default\">\n\t\t\t\t<div class=\"elementor-widget-container\">\n\t\t\t\t\t\t\t\t\t<div>\n<p>Am Donnerstag, 26.06.25, machten sich die Franz\u00f6sischkurse der 10. Klassen unserer Schule auf den Weg zu ihrer lang ersehnten Abschlussfahrt. Es ging f\u00fcr einen Tag nach Li\u00e8ge (L\u00fcttich) in Belgien.<\/p>\n<\/div>\n<div>\n<p>Nach einer fr\u00fchen Abfahrt erreichten wir am Vormittag die Stadt an der Maas. Als Erstes stiegen wir die ber\u00fchmte Treppe \u201eMontagne de Bueren\u201c mit ihren 374 Stufen herunter und genossen den Ausblick \u00fcber die Stadt. Danach konnten wir in Kleingruppen die Stadt weiter auf eigene Faust erkunden. Manche von uns nutzen die Gelegenheit, um die imposante Kathedrale Saint-Paul zu entdecken. Andere besuchten die Altstadt und gingen shoppen, probierten belgische Waffeln oder genossen einfach die sch\u00f6ne Atmosph\u00e4re der Stadt.<br>Gegen Nachmittag traten wir die R\u00fcckfahrt mit vielen neuen Eindr\u00fccken und Erinnerungen an.<\/p>\n<p>Die Tagesfahrt nach L\u00fcttich war ein gelungener Abschluss unserer gemeinsamen Schulzeit als Franz\u00f6sischkurse und wird uns sicher noch lange in Erinnerung bleiben.<\/p>\n<p>Jasmin A. (10b)<\/p>\n<\/div>\t\t\t\t\t\t\t\t<\/div>\n\t\t\t\t<\/div>\n\t\t\t\t\t<\/div>\n\t\t<\/div>\n\t\t\t\t\t<\/div>\n\t\t<\/section>\n\t\t\t\t<section class=\"elementor-section elementor-top-section elementor-element elementor-element-ec27b22 elementor-section-boxed elementor-section-height-default elementor-section-height-default\" data-id=\"ec27b22\" data-element_type=\"section\" data-e-type=\"section\">\n\t\t\t\t\t\t<div class=\"elementor-container elementor-column-gap-default\">\n\t\t\t\t\t<div class=\"elementor-column elementor-col-100 elementor-top-column elementor-element elementor-element-b8b6dd8\" data-id=\"b8b6dd8\" data-element_type=\"column\" data-e-type=\"column\">\n\t\t\t<div class=\"elementor-widget-wrap elementor-element-populated\">\n\t\t\t\t\t\t<div class=\"elementor-element elementor-element-6cbccf6 elementor-widget elementor-widget-gallery\" data-id=\"6cbccf6\" data-element_type=\"widget\" data-e-type=\"widget\" data-settings=\"{&quot;gallery_layout&quot;:&quot;justified&quot;,&quot;lazyload&quot;:&quot;yes&quot;,&quot;ideal_row_height&quot;:{&quot;unit&quot;:&quot;px&quot;,&quot;size&quot;:200,&quot;sizes&quot;:[]},&quot;ideal_row_height_tablet&quot;:{&quot;unit&quot;:&quot;px&quot;,&quot;size&quot;:150,&quot;sizes&quot;:[]},&quot;ideal_row_height_mobile&quot;:{&quot;unit&quot;:&quot;px&quot;,&quot;size&quot;:150,&quot;sizes&quot;:[]},&quot;gap&quot;:{&quot;unit&quot;:&quot;px&quot;,&quot;size&quot;:10,&quot;sizes&quot;:[]},&quot;gap_tablet&quot;:{&quot;unit&quot;:&quot;px&quot;,&quot;size&quot;:10,&quot;sizes&quot;:[]},&quot;gap_mobile&quot;:{&quot;unit&quot;:&quot;px&quot;,&quot;size&quot;:10,&quot;sizes&quot;:[]},&quot;link_to&quot;:&quot;file&quot;,&quot;overlay_background&quot;:&quot;yes&quot;,&quot;content_hover_animation&quot;:&quot;fade-in&quot;}\" data-widget_type=\"gallery.default\">\n\t\t\t\t<div class=\"elementor-widget-container\">\n\t\t\t\t\t\t\t<div class=\"elementor-gallery__container\">\n\t\t\t\t\t\t\t<a class=\"e-gallery-item elementor-gallery-item elementor-animated-content\" href=\"https:\/\/carl-humann.de\/wp-content\/uploads\/2025\/07\/IMG-20250626-WA0026.jpg\" data-elementor-open-lightbox=\"yes\" data-elementor-lightbox-slideshow=\"6cbccf6\" data-elementor-lightbox-title=\"IMG-20250626-WA0026\" data-e-action-hash=\"#elementor-action%3Aaction%3Dlightbox%26settings%3DeyJpZCI6MTAxMDU1OSwidXJsIjoiaHR0cHM6XC9cL2NhcmwtaHVtYW5uLmRlXC93cC1jb250ZW50XC91cGxvYWRzXC8yMDI1XC8wN1wvSU1HLTIwMjUwNjI2LVdBMDAyNi5qcGciLCJzbGlkZXNob3ciOiI2Y2JjY2Y2In0%3D\">\n\t\t\t\t\t<div class=\"e-gallery-image elementor-gallery-item__image\" data-thumbnail=\"https:\/\/carl-humann.de\/wp-content\/uploads\/2025\/07\/IMG-20250626-WA0026-225x300.jpg\" data-width=\"225\" data-height=\"300\" aria-label=\"\" role=\"img\" ><\/div>\n\t\t\t\t\t\t\t\t\t\t\t<div class=\"elementor-gallery-item__overlay\"><\/div>\n\t\t\t\t\t\t\t\t\t\t\t\t\t\t<\/a>\n\t\t\t\t\t\t\t<a class=\"e-gallery-item elementor-gallery-item elementor-animated-content\" href=\"https:\/\/carl-humann.de\/wp-content\/uploads\/2025\/07\/IMG-20250626-WA0006.jpg\" data-elementor-open-lightbox=\"yes\" data-elementor-lightbox-slideshow=\"6cbccf6\" data-elementor-lightbox-title=\"IMG-20250626-WA0006\" data-e-action-hash=\"#elementor-action%3Aaction%3Dlightbox%26settings%3DeyJpZCI6MTAxMDU1NywidXJsIjoiaHR0cHM6XC9cL2NhcmwtaHVtYW5uLmRlXC93cC1jb250ZW50XC91cGxvYWRzXC8yMDI1XC8wN1wvSU1HLTIwMjUwNjI2LVdBMDAwNi5qcGciLCJzbGlkZXNob3ciOiI2Y2JjY2Y2In0%3D\">\n\t\t\t\t\t<div class=\"e-gallery-image elementor-gallery-item__image\" data-thumbnail=\"https:\/\/carl-humann.de\/wp-content\/uploads\/2025\/07\/IMG-20250626-WA0006-300x225.jpg\" data-width=\"300\" data-height=\"225\" aria-label=\"\" role=\"img\" ><\/div>\n\t\t\t\t\t\t\t\t\t\t\t<div class=\"elementor-gallery-item__overlay\"><\/div>\n\t\t\t\t\t\t\t\t\t\t\t\t\t\t<\/a>\n\t\t\t\t\t\t\t<a class=\"e-gallery-item elementor-gallery-item elementor-animated-content\" href=\"https:\/\/carl-humann.de\/wp-content\/uploads\/2025\/07\/20250626_113832-scaled.jpg\" data-elementor-open-lightbox=\"yes\" data-elementor-lightbox-slideshow=\"6cbccf6\" data-elementor-lightbox-title=\"20250626_113832\" data-e-action-hash=\"#elementor-action%3Aaction%3Dlightbox%26settings%3DeyJpZCI6MTAxMDU1NSwidXJsIjoiaHR0cHM6XC9cL2NhcmwtaHVtYW5uLmRlXC93cC1jb250ZW50XC91cGxvYWRzXC8yMDI1XC8wN1wvMjAyNTA2MjZfMTEzODMyLXNjYWxlZC5qcGciLCJzbGlkZXNob3ciOiI2Y2JjY2Y2In0%3D\">\n\t\t\t\t\t<div class=\"e-gallery-image elementor-gallery-item__image\" data-thumbnail=\"https:\/\/carl-humann.de\/wp-content\/uploads\/2025\/07\/20250626_113832-300x225.jpg\" data-width=\"300\" data-height=\"225\" aria-label=\"\" role=\"img\" ><\/div>\n\t\t\t\t\t\t\t\t\t\t\t<div class=\"elementor-gallery-item__overlay\"><\/div>\n\t\t\t\t\t\t\t\t\t\t\t\t\t\t<\/a>\n\t\t\t\t\t\t\t<a class=\"e-gallery-item elementor-gallery-item elementor-animated-content\" href=\"https:\/\/carl-humann.de\/wp-content\/uploads\/2025\/07\/20250626_113147-scaled.jpg\" data-elementor-open-lightbox=\"yes\" data-elementor-lightbox-slideshow=\"6cbccf6\" data-elementor-lightbox-title=\"20250626_113147\" data-e-action-hash=\"#elementor-action%3Aaction%3Dlightbox%26settings%3DeyJpZCI6MTAxMDU1MywidXJsIjoiaHR0cHM6XC9cL2NhcmwtaHVtYW5uLmRlXC93cC1jb250ZW50XC91cGxvYWRzXC8yMDI1XC8wN1wvMjAyNTA2MjZfMTEzMTQ3LXNjYWxlZC5qcGciLCJzbGlkZXNob3ciOiI2Y2JjY2Y2In0%3D\">\n\t\t\t\t\t<div class=\"e-gallery-image elementor-gallery-item__image\" data-thumbnail=\"https:\/\/carl-humann.de\/wp-content\/uploads\/2025\/07\/20250626_113147-225x300.jpg\" data-width=\"225\" data-height=\"300\" aria-label=\"\" role=\"img\" ><\/div>\n\t\t\t\t\t\t\t\t\t\t\t<div class=\"elementor-gallery-item__overlay\"><\/div>\n\t\t\t\t\t\t\t\t\t\t\t\t\t\t<\/a>\n\t\t\t\t\t\t\t<a class=\"e-gallery-item elementor-gallery-item elementor-animated-content\" href=\"https:\/\/carl-humann.de\/wp-content\/uploads\/2025\/07\/20250626_113129-scaled.jpg\" data-elementor-open-lightbox=\"yes\" data-elementor-lightbox-slideshow=\"6cbccf6\" data-elementor-lightbox-title=\"20250626_113129\" data-e-action-hash=\"#elementor-action%3Aaction%3Dlightbox%26settings%3DeyJpZCI6MTAxMDU1MSwidXJsIjoiaHR0cHM6XC9cL2NhcmwtaHVtYW5uLmRlXC93cC1jb250ZW50XC91cGxvYWRzXC8yMDI1XC8wN1wvMjAyNTA2MjZfMTEzMTI5LXNjYWxlZC5qcGciLCJzbGlkZXNob3ciOiI2Y2JjY2Y2In0%3D\">\n\t\t\t\t\t<div class=\"e-gallery-image elementor-gallery-item__image\" data-thumbnail=\"https:\/\/carl-humann.de\/wp-content\/uploads\/2025\/07\/20250626_113129-300x225.jpg\" data-width=\"300\" data-height=\"225\" aria-label=\"\" role=\"img\" ><\/div>\n\t\t\t\t\t\t\t\t\t\t\t<div class=\"elementor-gallery-item__overlay\"><\/div>\n\t\t\t\t\t\t\t\t\t\t\t\t\t\t<\/a>\n\t\t\t\t\t\t\t<a class=\"e-gallery-item elementor-gallery-item elementor-animated-content\" href=\"https:\/\/carl-humann.de\/wp-content\/uploads\/2025\/07\/20250626_105200-scaled.jpg\" data-elementor-open-lightbox=\"yes\" data-elementor-lightbox-slideshow=\"6cbccf6\" data-elementor-lightbox-title=\"20250626_105200\" data-e-action-hash=\"#elementor-action%3Aaction%3Dlightbox%26settings%3DeyJpZCI6MTAxMDU0OSwidXJsIjoiaHR0cHM6XC9cL2NhcmwtaHVtYW5uLmRlXC93cC1jb250ZW50XC91cGxvYWRzXC8yMDI1XC8wN1wvMjAyNTA2MjZfMTA1MjAwLXNjYWxlZC5qcGciLCJzbGlkZXNob3ciOiI2Y2JjY2Y2In0%3D\">\n\t\t\t\t\t<div class=\"e-gallery-image elementor-gallery-item__image\" data-thumbnail=\"https:\/\/carl-humann.de\/wp-content\/uploads\/2025\/07\/20250626_105200-225x300.jpg\" data-width=\"225\" data-height=\"300\" aria-label=\"\" role=\"img\" ><\/div>\n\t\t\t\t\t\t\t\t\t\t\t<div class=\"elementor-gallery-item__overlay\"><\/div>\n\t\t\t\t\t\t\t\t\t\t\t\t\t\t<\/a>\n\t\t\t\t\t\t\t<a class=\"e-gallery-item elementor-gallery-item elementor-animated-content\" href=\"https:\/\/carl-humann.de\/wp-content\/uploads\/2025\/07\/20250626_104608-scaled.jpg\" data-elementor-open-lightbox=\"yes\" data-elementor-lightbox-slideshow=\"6cbccf6\" data-elementor-lightbox-title=\"20250626_104608\" data-e-action-hash=\"#elementor-action%3Aaction%3Dlightbox%26settings%3DeyJpZCI6MTAxMDU0NywidXJsIjoiaHR0cHM6XC9cL2NhcmwtaHVtYW5uLmRlXC93cC1jb250ZW50XC91cGxvYWRzXC8yMDI1XC8wN1wvMjAyNTA2MjZfMTA0NjA4LXNjYWxlZC5qcGciLCJzbGlkZXNob3ciOiI2Y2JjY2Y2In0%3D\">\n\t\t\t\t\t<div class=\"e-gallery-image elementor-gallery-item__image\" data-thumbnail=\"https:\/\/carl-humann.de\/wp-content\/uploads\/2025\/07\/20250626_104608-225x300.jpg\" data-width=\"225\" data-height=\"300\" aria-label=\"\" role=\"img\" ><\/div>\n\t\t\t\t\t\t\t\t\t\t\t<div class=\"elementor-gallery-item__overlay\"><\/div>\n\t\t\t\t\t\t\t\t\t\t\t\t\t\t<\/a>\n\t\t\t\t\t\t\t<a class=\"e-gallery-item elementor-gallery-item elementor-animated-content\" href=\"https:\/\/carl-humann.de\/wp-content\/uploads\/2025\/07\/20250626_104205-scaled.jpg\" data-elementor-open-lightbox=\"yes\" data-elementor-lightbox-slideshow=\"6cbccf6\" data-elementor-lightbox-title=\"20250626_104205\" data-e-action-hash=\"#elementor-action%3Aaction%3Dlightbox%26settings%3DeyJpZCI6MTAxMDU0NSwidXJsIjoiaHR0cHM6XC9cL2NhcmwtaHVtYW5uLmRlXC93cC1jb250ZW50XC91cGxvYWRzXC8yMDI1XC8wN1wvMjAyNTA2MjZfMTA0MjA1LXNjYWxlZC5qcGciLCJzbGlkZXNob3ciOiI2Y2JjY2Y2In0%3D\">\n\t\t\t\t\t<div class=\"e-gallery-image elementor-gallery-item__image\" data-thumbnail=\"https:\/\/carl-humann.de\/wp-content\/uploads\/2025\/07\/20250626_104205-300x225.jpg\" data-width=\"300\" data-height=\"225\" aria-label=\"\" role=\"img\" ><\/div>\n\t\t\t\t\t\t\t\t\t\t\t<div class=\"elementor-gallery-item__overlay\"><\/div>\n\t\t\t\t\t\t\t\t\t\t\t\t\t\t<\/a>\n\t\t\t\t\t\t\t<a class=\"e-gallery-item elementor-gallery-item elementor-animated-content\" href=\"https:\/\/carl-humann.de\/wp-content\/uploads\/2025\/07\/IMG-20250626-WA0010.jpg\" data-elementor-open-lightbox=\"yes\" data-elementor-lightbox-slideshow=\"6cbccf6\" data-elementor-lightbox-title=\"IMG-20250626-WA0010\" data-e-action-hash=\"#elementor-action%3Aaction%3Dlightbox%26settings%3DeyJpZCI6MTAxMDU0MywidXJsIjoiaHR0cHM6XC9cL2NhcmwtaHVtYW5uLmRlXC93cC1jb250ZW50XC91cGxvYWRzXC8yMDI1XC8wN1wvSU1HLTIwMjUwNjI2LVdBMDAxMC5qcGciLCJzbGlkZXNob3ciOiI2Y2JjY2Y2In0%3D\">\n\t\t\t\t\t<div class=\"e-gallery-image elementor-gallery-item__image\" data-thumbnail=\"https:\/\/carl-humann.de\/wp-content\/uploads\/2025\/07\/IMG-20250626-WA0010-300x225.jpg\" data-width=\"300\" data-height=\"225\" aria-label=\"\" role=\"img\" ><\/div>\n\t\t\t\t\t\t\t\t\t\t\t<div class=\"elementor-gallery-item__overlay\"><\/div>\n\t\t\t\t\t\t\t\t\t\t\t\t\t\t<\/a>\n\t\t\t\t\t\t\t<a class=\"e-gallery-item elementor-gallery-item elementor-animated-content\" href=\"https:\/\/carl-humann.de\/wp-content\/uploads\/2025\/07\/20250626_104001-scaled.jpg\" data-elementor-open-lightbox=\"yes\" data-elementor-lightbox-slideshow=\"6cbccf6\" data-elementor-lightbox-title=\"20250626_104001\" data-e-action-hash=\"#elementor-action%3Aaction%3Dlightbox%26settings%3DeyJpZCI6MTAxMDU0MSwidXJsIjoiaHR0cHM6XC9cL2NhcmwtaHVtYW5uLmRlXC93cC1jb250ZW50XC91cGxvYWRzXC8yMDI1XC8wN1wvMjAyNTA2MjZfMTA0MDAxLXNjYWxlZC5qcGciLCJzbGlkZXNob3ciOiI2Y2JjY2Y2In0%3D\">\n\t\t\t\t\t<div class=\"e-gallery-image elementor-gallery-item__image\" data-thumbnail=\"https:\/\/carl-humann.de\/wp-content\/uploads\/2025\/07\/20250626_104001-300x225.jpg\" data-width=\"300\" data-height=\"225\" aria-label=\"\" role=\"img\" ><\/div>\n\t\t\t\t\t\t\t\t\t\t\t<div class=\"elementor-gallery-item__overlay\"><\/div>\n\t\t\t\t\t\t\t\t\t\t\t\t\t\t<\/a>\n\t\t\t\t\t\t\t<a class=\"e-gallery-item elementor-gallery-item elementor-animated-content\" href=\"https:\/\/carl-humann.de\/wp-content\/uploads\/2025\/07\/20250626_112006-scaled.jpg\" data-elementor-open-lightbox=\"yes\" data-elementor-lightbox-slideshow=\"6cbccf6\" data-elementor-lightbox-title=\"20250626_112006\" data-e-action-hash=\"#elementor-action%3Aaction%3Dlightbox%26settings%3DeyJpZCI6MTAxMDUzOSwidXJsIjoiaHR0cHM6XC9cL2NhcmwtaHVtYW5uLmRlXC93cC1jb250ZW50XC91cGxvYWRzXC8yMDI1XC8wN1wvMjAyNTA2MjZfMTEyMDA2LXNjYWxlZC5qcGciLCJzbGlkZXNob3ciOiI2Y2JjY2Y2In0%3D\">\n\t\t\t\t\t<div class=\"e-gallery-image elementor-gallery-item__image\" data-thumbnail=\"https:\/\/carl-humann.de\/wp-content\/uploads\/2025\/07\/20250626_112006-225x300.jpg\" data-width=\"225\" data-height=\"300\" aria-label=\"\" role=\"img\" ><\/div>\n\t\t\t\t\t\t\t\t\t\t\t<div class=\"elementor-gallery-item__overlay\"><\/div>\n\t\t\t\t\t\t\t\t\t\t\t\t\t\t<\/a>\n\t\t\t\t\t<\/div>\n\t\t\t\t\t<\/div>\n\t\t\t\t<\/div>\n\t\t\t\t<div class=\"elementor-element elementor-element-c9ba28f elementor-widget elementor-widget-video\" data-id=\"c9ba28f\" data-element_type=\"widget\" data-e-type=\"widget\" data-settings=\"{&quot;video_type&quot;:&quot;hosted&quot;,&quot;controls&quot;:&quot;yes&quot;}\" data-widget_type=\"video.default\">\n\t\t\t\t<div class=\"elementor-widget-container\">\n\t\t\t\t\t\t\t<div class=\"e-hosted-video elementor-wrapper elementor-open-inline\">\n\t\t\t\t\t<video class=\"elementor-video\" src=\"https:\/\/carl-humann.de\/wp-content\/uploads\/2025\/07\/luettichbeitrag.mp4\" controls=\"\" preload=\"metadata\" controlsList=\"nodownload\"><\/video>\n\t\t\t\t<\/div>\n\t\t\t\t\t\t<\/div>\n\t\t\t\t<\/div>\n\t\t\t\t\t<\/div>\n\t\t<\/div>\n\t\t\t\t\t<\/div>\n\t\t<\/section>\n\t\t\t\t<\/div>\n\t\t","protected":false},"excerpt":{"rendered":"<p>Am Donnerstag, 26.06.25, machten sich die Franz\u00f6sischkurse der 10. Klassen unserer Schule auf den Weg zu ihrer lang ersehnten Abschlussfahrt. Es ging f\u00fcr einen Tag nach Li\u00e8ge (L\u00fcttich) in Belgien. Nach einer fr\u00fchen Abfahrt erreichten wir am Vormittag die Stadt an der Maas. Als Erstes stiegen wir die ber\u00fchmte Treppe \u201eMontagne de Bueren\u201c mit ihren&#8230;<\/p>\n","protected":false},"author":5,"featured_media":1010542,"comment_status":"closed","ping_status":"closed","sticky":false,"template":"","format":"standard","meta":{"inline_featured_image":false,"footnotes":""},"categories":[],"tags":[],"class_list":["post-1010567","post","type-post","status-publish","format-standard","has-post-thumbnail","hentry"],"yoast_head":"<!-- This site is optimized with the Yoast SEO plugin v27.4 - https:\/\/yoast.com\/product\/yoast-seo-wordpress\/ -->\n<title>Abschlussfahrt der 10. Klassen Franz\u00f6sisch nach Li\u00e8ge (Belgien) - Carl-Humann-Gymnasium Essen<\/title>\n<meta name=\"robots\" content=\"index, follow, max-snippet:-1, max-image-preview:large, max-video-preview:-1\" \/>\n<link rel=\"canonical\" href=\"https:\/\/carl-humann.de\/en\/abschlussfahrt-der-10-klassen-franzoesisch-nach-liege-belgien\/\" \/>\n<meta property=\"og:locale\" content=\"en_US\" \/>\n<meta property=\"og:type\" content=\"article\" \/>\n<meta property=\"og:title\" content=\"Abschlussfahrt der 10. Klassen Franz\u00f6sisch nach Li\u00e8ge (Belgien) - Carl-Humann-Gymnasium Essen\" \/>\n<meta property=\"og:description\" content=\"Am Donnerstag, 26.06.25, machten sich die Franz\u00f6sischkurse der 10. Klassen unserer Schule auf den Weg zu ihrer lang ersehnten Abschlussfahrt. Es ging f\u00fcr einen Tag nach Li\u00e8ge (L\u00fcttich) in Belgien. Nach einer fr\u00fchen Abfahrt erreichten wir am Vormittag die Stadt an der Maas. Als Erstes stiegen wir die ber\u00fchmte Treppe \u201eMontagne de Bueren\u201c mit ihren...\" \/>\n<meta property=\"og:url\" content=\"https:\/\/carl-humann.de\/en\/abschlussfahrt-der-10-klassen-franzoesisch-nach-liege-belgien\/\" \/>\n<meta property=\"og:site_name\" content=\"Carl-Humann-Gymnasium Essen\" \/>\n<meta property=\"article:published_time\" content=\"2025-07-08T08:03:51+00:00\" \/>\n<meta property=\"article:modified_time\" content=\"2025-07-08T08:08:38+00:00\" \/>\n<meta property=\"og:image\" content=\"https:\/\/carl-humann.de\/wp-content\/uploads\/2025\/07\/20250626_104001-scaled.jpg\" \/>\n\t<meta property=\"og:image:width\" content=\"2560\" \/>\n\t<meta property=\"og:image:height\" content=\"1920\" \/>\n\t<meta property=\"og:image:type\" content=\"image\/jpeg\" \/>\n<meta name=\"author\" content=\"Max Baukrowitz\" \/>\n<meta name=\"twitter:card\" content=\"summary_large_image\" \/>\n<meta name=\"twitter:label1\" content=\"Written by\" \/>\n\t<meta name=\"twitter:data1\" content=\"Max Baukrowitz\" \/>\n\t<meta name=\"twitter:label2\" content=\"Est. reading time\" \/>\n\t<meta name=\"twitter:data2\" content=\"1 minute\" \/>\n<script type=\"application\/ld+json\" class=\"yoast-schema-graph\">{\"@context\":\"https:\\\/\\\/schema.org\",\"@graph\":[{\"@type\":\"Article\",\"@id\":\"https:\\\/\\\/carl-humann.de\\\/en\\\/abschlussfahrt-der-10-klassen-franzoesisch-nach-liege-belgien\\\/#article\",\"isPartOf\":{\"@id\":\"https:\\\/\\\/carl-humann.de\\\/en\\\/abschlussfahrt-der-10-klassen-franzoesisch-nach-liege-belgien\\\/\"},\"author\":{\"name\":\"Max Baukrowitz\",\"@id\":\"https:\\\/\\\/carl-humann.de\\\/#\\\/schema\\\/person\\\/11e850f41ea9f13a02e91c11f24dfb74\"},\"headline\":\"Abschlussfahrt der 10. Klassen Franz\u00f6sisch nach Li\u00e8ge (Belgien)\",\"datePublished\":\"2025-07-08T08:03:51+00:00\",\"dateModified\":\"2025-07-08T08:08:38+00:00\",\"mainEntityOfPage\":{\"@id\":\"https:\\\/\\\/carl-humann.de\\\/en\\\/abschlussfahrt-der-10-klassen-franzoesisch-nach-liege-belgien\\\/\"},\"wordCount\":171,\"publisher\":{\"@id\":\"https:\\\/\\\/carl-humann.de\\\/#organization\"},\"image\":{\"@id\":\"https:\\\/\\\/carl-humann.de\\\/en\\\/abschlussfahrt-der-10-klassen-franzoesisch-nach-liege-belgien\\\/#primaryimage\"},\"thumbnailUrl\":\"https:\\\/\\\/carl-humann.de\\\/wp-content\\\/uploads\\\/2025\\\/07\\\/20250626_104001-scaled.jpg\",\"inLanguage\":\"en-US\"},{\"@type\":\"WebPage\",\"@id\":\"https:\\\/\\\/carl-humann.de\\\/en\\\/abschlussfahrt-der-10-klassen-franzoesisch-nach-liege-belgien\\\/\",\"url\":\"https:\\\/\\\/carl-humann.de\\\/en\\\/abschlussfahrt-der-10-klassen-franzoesisch-nach-liege-belgien\\\/\",\"name\":\"Abschlussfahrt der 10. Klassen Franz\u00f6sisch nach Li\u00e8ge (Belgien) - Carl-Humann-Gymnasium Essen\",\"isPartOf\":{\"@id\":\"https:\\\/\\\/carl-humann.de\\\/#website\"},\"primaryImageOfPage\":{\"@id\":\"https:\\\/\\\/carl-humann.de\\\/en\\\/abschlussfahrt-der-10-klassen-franzoesisch-nach-liege-belgien\\\/#primaryimage\"},\"image\":{\"@id\":\"https:\\\/\\\/carl-humann.de\\\/en\\\/abschlussfahrt-der-10-klassen-franzoesisch-nach-liege-belgien\\\/#primaryimage\"},\"thumbnailUrl\":\"https:\\\/\\\/carl-humann.de\\\/wp-content\\\/uploads\\\/2025\\\/07\\\/20250626_104001-scaled.jpg\",\"datePublished\":\"2025-07-08T08:03:51+00:00\",\"dateModified\":\"2025-07-08T08:08:38+00:00\",\"breadcrumb\":{\"@id\":\"https:\\\/\\\/carl-humann.de\\\/en\\\/abschlussfahrt-der-10-klassen-franzoesisch-nach-liege-belgien\\\/#breadcrumb\"},\"inLanguage\":\"en-US\",\"potentialAction\":[{\"@type\":\"ReadAction\",\"target\":[\"https:\\\/\\\/carl-humann.de\\\/en\\\/abschlussfahrt-der-10-klassen-franzoesisch-nach-liege-belgien\\\/\"]}]},{\"@type\":\"ImageObject\",\"inLanguage\":\"en-US\",\"@id\":\"https:\\\/\\\/carl-humann.de\\\/en\\\/abschlussfahrt-der-10-klassen-franzoesisch-nach-liege-belgien\\\/#primaryimage\",\"url\":\"https:\\\/\\\/carl-humann.de\\\/wp-content\\\/uploads\\\/2025\\\/07\\\/20250626_104001-scaled.jpg\",\"contentUrl\":\"https:\\\/\\\/carl-humann.de\\\/wp-content\\\/uploads\\\/2025\\\/07\\\/20250626_104001-scaled.jpg\",\"width\":2560,\"height\":1920},{\"@type\":\"BreadcrumbList\",\"@id\":\"https:\\\/\\\/carl-humann.de\\\/en\\\/abschlussfahrt-der-10-klassen-franzoesisch-nach-liege-belgien\\\/#breadcrumb\",\"itemListElement\":[{\"@type\":\"ListItem\",\"position\":1,\"name\":\"Startseite\",\"item\":\"https:\\\/\\\/carl-humann.de\\\/\"},{\"@type\":\"ListItem\",\"position\":2,\"name\":\"Abschlussfahrt der 10. Klassen Franz\u00f6sisch nach Li\u00e8ge (Belgien)\"}]},{\"@type\":\"WebSite\",\"@id\":\"https:\\\/\\\/carl-humann.de\\\/#website\",\"url\":\"https:\\\/\\\/carl-humann.de\\\/\",\"name\":\"Carl-Humann-Gymnasium Essen\",\"description\":\"\",\"publisher\":{\"@id\":\"https:\\\/\\\/carl-humann.de\\\/#organization\"},\"potentialAction\":[{\"@type\":\"SearchAction\",\"target\":{\"@type\":\"EntryPoint\",\"urlTemplate\":\"https:\\\/\\\/carl-humann.de\\\/?s={search_term_string}\"},\"query-input\":{\"@type\":\"PropertyValueSpecification\",\"valueRequired\":true,\"valueName\":\"search_term_string\"}}],\"inLanguage\":\"en-US\"},{\"@type\":\"Organization\",\"@id\":\"https:\\\/\\\/carl-humann.de\\\/#organization\",\"name\":\"Carl-Humann-Gymnasium Essen\",\"url\":\"https:\\\/\\\/carl-humann.de\\\/\",\"logo\":{\"@type\":\"ImageObject\",\"inLanguage\":\"en-US\",\"@id\":\"https:\\\/\\\/carl-humann.de\\\/#\\\/schema\\\/logo\\\/image\\\/\",\"url\":\"https:\\\/\\\/carl-humann.de\\\/wp-content\\\/uploads\\\/2021\\\/09\\\/Logo_1c_222x85mm-1.png\",\"contentUrl\":\"https:\\\/\\\/carl-humann.de\\\/wp-content\\\/uploads\\\/2021\\\/09\\\/Logo_1c_222x85mm-1.png\",\"width\":2622,\"height\":1004,\"caption\":\"Carl-Humann-Gymnasium Essen\"},\"image\":{\"@id\":\"https:\\\/\\\/carl-humann.de\\\/#\\\/schema\\\/logo\\\/image\\\/\"}},{\"@type\":\"Person\",\"@id\":\"https:\\\/\\\/carl-humann.de\\\/#\\\/schema\\\/person\\\/11e850f41ea9f13a02e91c11f24dfb74\",\"name\":\"Max Baukrowitz\",\"url\":\"https:\\\/\\\/carl-humann.de\\\/en\\\/author\\\/max-baukrowitz\\\/\"}]}<\/script>\n<!-- \/ Yoast SEO plugin. -->","yoast_head_json":{"title":"Abschlussfahrt der 10. Klassen Franz\u00f6sisch nach Li\u00e8ge (Belgien) - Carl-Humann-Gymnasium Essen","robots":{"index":"index","follow":"follow","max-snippet":"max-snippet:-1","max-image-preview":"max-image-preview:large","max-video-preview":"max-video-preview:-1"},"canonical":"https:\/\/carl-humann.de\/en\/abschlussfahrt-der-10-klassen-franzoesisch-nach-liege-belgien\/","og_locale":"en_US","og_type":"article","og_title":"Abschlussfahrt der 10. Klassen Franz\u00f6sisch nach Li\u00e8ge (Belgien) - Carl-Humann-Gymnasium Essen","og_description":"Am Donnerstag, 26.06.25, machten sich die Franz\u00f6sischkurse der 10. Klassen unserer Schule auf den Weg zu ihrer lang ersehnten Abschlussfahrt. Es ging f\u00fcr einen Tag nach Li\u00e8ge (L\u00fcttich) in Belgien. Nach einer fr\u00fchen Abfahrt erreichten wir am Vormittag die Stadt an der Maas. Als Erstes stiegen wir die ber\u00fchmte Treppe \u201eMontagne de Bueren\u201c mit ihren...","og_url":"https:\/\/carl-humann.de\/en\/abschlussfahrt-der-10-klassen-franzoesisch-nach-liege-belgien\/","og_site_name":"Carl-Humann-Gymnasium Essen","article_published_time":"2025-07-08T08:03:51+00:00","article_modified_time":"2025-07-08T08:08:38+00:00","og_image":[{"width":2560,"height":1920,"url":"https:\/\/carl-humann.de\/wp-content\/uploads\/2025\/07\/20250626_104001-scaled.jpg","type":"image\/jpeg"}],"author":"Max Baukrowitz","twitter_card":"summary_large_image","twitter_misc":{"Written by":"Max Baukrowitz","Est. reading time":"1 minute"},"schema":{"@context":"https:\/\/schema.org","@graph":[{"@type":"Article","@id":"https:\/\/carl-humann.de\/en\/abschlussfahrt-der-10-klassen-franzoesisch-nach-liege-belgien\/#article","isPartOf":{"@id":"https:\/\/carl-humann.de\/en\/abschlussfahrt-der-10-klassen-franzoesisch-nach-liege-belgien\/"},"author":{"name":"Max Baukrowitz","@id":"https:\/\/carl-humann.de\/#\/schema\/person\/11e850f41ea9f13a02e91c11f24dfb74"},"headline":"Abschlussfahrt der 10. Klassen Franz\u00f6sisch nach Li\u00e8ge (Belgien)","datePublished":"2025-07-08T08:03:51+00:00","dateModified":"2025-07-08T08:08:38+00:00","mainEntityOfPage":{"@id":"https:\/\/carl-humann.de\/en\/abschlussfahrt-der-10-klassen-franzoesisch-nach-liege-belgien\/"},"wordCount":171,"publisher":{"@id":"https:\/\/carl-humann.de\/#organization"},"image":{"@id":"https:\/\/carl-humann.de\/en\/abschlussfahrt-der-10-klassen-franzoesisch-nach-liege-belgien\/#primaryimage"},"thumbnailUrl":"https:\/\/carl-humann.de\/wp-content\/uploads\/2025\/07\/20250626_104001-scaled.jpg","inLanguage":"en-US"},{"@type":"WebPage","@id":"https:\/\/carl-humann.de\/en\/abschlussfahrt-der-10-klassen-franzoesisch-nach-liege-belgien\/","url":"https:\/\/carl-humann.de\/en\/abschlussfahrt-der-10-klassen-franzoesisch-nach-liege-belgien\/","name":"Abschlussfahrt der 10. Klassen Franz\u00f6sisch nach Li\u00e8ge (Belgien) - Carl-Humann-Gymnasium Essen","isPartOf":{"@id":"https:\/\/carl-humann.de\/#website"},"primaryImageOfPage":{"@id":"https:\/\/carl-humann.de\/en\/abschlussfahrt-der-10-klassen-franzoesisch-nach-liege-belgien\/#primaryimage"},"image":{"@id":"https:\/\/carl-humann.de\/en\/abschlussfahrt-der-10-klassen-franzoesisch-nach-liege-belgien\/#primaryimage"},"thumbnailUrl":"https:\/\/carl-humann.de\/wp-content\/uploads\/2025\/07\/20250626_104001-scaled.jpg","datePublished":"2025-07-08T08:03:51+00:00","dateModified":"2025-07-08T08:08:38+00:00","breadcrumb":{"@id":"https:\/\/carl-humann.de\/en\/abschlussfahrt-der-10-klassen-franzoesisch-nach-liege-belgien\/#breadcrumb"},"inLanguage":"en-US","potentialAction":[{"@type":"ReadAction","target":["https:\/\/carl-humann.de\/en\/abschlussfahrt-der-10-klassen-franzoesisch-nach-liege-belgien\/"]}]},{"@type":"ImageObject","inLanguage":"en-US","@id":"https:\/\/carl-humann.de\/en\/abschlussfahrt-der-10-klassen-franzoesisch-nach-liege-belgien\/#primaryimage","url":"https:\/\/carl-humann.de\/wp-content\/uploads\/2025\/07\/20250626_104001-scaled.jpg","contentUrl":"https:\/\/carl-humann.de\/wp-content\/uploads\/2025\/07\/20250626_104001-scaled.jpg","width":2560,"height":1920},{"@type":"BreadcrumbList","@id":"https:\/\/carl-humann.de\/en\/abschlussfahrt-der-10-klassen-franzoesisch-nach-liege-belgien\/#breadcrumb","itemListElement":[{"@type":"ListItem","position":1,"name":"Startseite","item":"https:\/\/carl-humann.de\/"},{"@type":"ListItem","position":2,"name":"Abschlussfahrt der 10. Klassen Franz\u00f6sisch nach Li\u00e8ge (Belgien)"}]},{"@type":"WebSite","@id":"https:\/\/carl-humann.de\/#website","url":"https:\/\/carl-humann.de\/","name":"Carl-Humann-Gymnasium Essen","description":"","publisher":{"@id":"https:\/\/carl-humann.de\/#organization"},"potentialAction":[{"@type":"SearchAction","target":{"@type":"EntryPoint","urlTemplate":"https:\/\/carl-humann.de\/?s={search_term_string}"},"query-input":{"@type":"PropertyValueSpecification","valueRequired":true,"valueName":"search_term_string"}}],"inLanguage":"en-US"},{"@type":"Organization","@id":"https:\/\/carl-humann.de\/#organization","name":"Carl-Humann-Gymnasium Essen","url":"https:\/\/carl-humann.de\/","logo":{"@type":"ImageObject","inLanguage":"en-US","@id":"https:\/\/carl-humann.de\/#\/schema\/logo\/image\/","url":"https:\/\/carl-humann.de\/wp-content\/uploads\/2021\/09\/Logo_1c_222x85mm-1.png","contentUrl":"https:\/\/carl-humann.de\/wp-content\/uploads\/2021\/09\/Logo_1c_222x85mm-1.png","width":2622,"height":1004,"caption":"Carl-Humann-Gymnasium Essen"},"image":{"@id":"https:\/\/carl-humann.de\/#\/schema\/logo\/image\/"}},{"@type":"Person","@id":"https:\/\/carl-humann.de\/#\/schema\/person\/11e850f41ea9f13a02e91c11f24dfb74","name":"Max Baukrowitz","url":"https:\/\/carl-humann.de\/en\/author\/max-baukrowitz\/"}]}},"_links":{"self":[{"href":"https:\/\/carl-humann.de\/en\/wp-json\/wp\/v2\/posts\/1010567","targetHints":{"allow":["GET"]}}],"collection":[{"href":"https:\/\/carl-humann.de\/en\/wp-json\/wp\/v2\/posts"}],"about":[{"href":"https:\/\/carl-humann.de\/en\/wp-json\/wp\/v2\/types\/post"}],"author":[{"embeddable":true,"href":"https:\/\/carl-humann.de\/en\/wp-json\/wp\/v2\/users\/5"}],"replies":[{"embeddable":true,"href":"https:\/\/carl-humann.de\/en\/wp-json\/wp\/v2\/comments?post=1010567"}],"version-history":[{"count":3,"href":"https:\/\/carl-humann.de\/en\/wp-json\/wp\/v2\/posts\/1010567\/revisions"}],"predecessor-version":[{"id":1010572,"href":"https:\/\/carl-humann.de\/en\/wp-json\/wp\/v2\/posts\/1010567\/revisions\/1010572"}],"wp:featuredmedia":[{"embeddable":true,"href":"https:\/\/carl-humann.de\/en\/wp-json\/wp\/v2\/media\/1010542"}],"wp:attachment":[{"href":"https:\/\/carl-humann.de\/en\/wp-json\/wp\/v2\/media?parent=1010567"}],"wp:term":[{"taxonomy":"category","embeddable":true,"href":"https:\/\/carl-humann.de\/en\/wp-json\/wp\/v2\/categories?post=1010567"},{"taxonomy":"post_tag","embeddable":true,"href":"https:\/\/carl-humann.de\/en\/wp-json\/wp\/v2\/tags?post=1010567"}],"curies":[{"name":"wp","href":"https:\/\/api.w.org\/{rel}","templated":true}]}}