{"id":1010430,"date":"2025-06-23T13:41:34","date_gmt":"2025-06-23T11:41:34","guid":{"rendered":"https:\/\/carl-humann.de\/?p=1010430"},"modified":"2025-06-23T13:41:34","modified_gmt":"2025-06-23T11:41:34","slug":"pef-und-erasmus-infoveranstaltung-zu-austauschprogrammen-mit-frankreich-waehrend-des-studiums","status":"publish","type":"post","link":"https:\/\/carl-humann.de\/en\/pef-und-erasmus-infoveranstaltung-zu-austauschprogrammen-mit-frankreich-waehrend-des-studiums\/","title":{"rendered":"PEF und Erasmus+: Infoveranstaltung zu Austauschprogrammen mit Frankreich w\u00e4hrend des  Studiums"},"content":{"rendered":"\t\t<div data-elementor-type=\"wp-post\" data-elementor-id=\"1010430\" class=\"elementor elementor-1010430\" data-elementor-post-type=\"post\">\n\t\t\t\t\t\t<section class=\"elementor-section elementor-top-section elementor-element elementor-element-4e13b92 elementor-section-boxed elementor-section-height-default elementor-section-height-default\" data-id=\"4e13b92\" data-element_type=\"section\" data-e-type=\"section\">\n\t\t\t\t\t\t<div class=\"elementor-container elementor-column-gap-default\">\n\t\t\t\t\t<div class=\"elementor-column elementor-col-100 elementor-top-column elementor-element elementor-element-6b1c9aaf\" data-id=\"6b1c9aaf\" data-element_type=\"column\" data-e-type=\"column\">\n\t\t\t<div class=\"elementor-widget-wrap elementor-element-populated\">\n\t\t\t\t\t\t<div class=\"elementor-element elementor-element-281a2469 elementor-widget elementor-widget-text-editor\" data-id=\"281a2469\" data-element_type=\"widget\" data-e-type=\"widget\" data-widget_type=\"text-editor.default\">\n\t\t\t\t<div class=\"elementor-widget-container\">\n\t\t\t\t\t\t\t\t\t<p style=\"font-weight: 400;\">Am 23.6.25 besuchte die Studentin V.Zverkova der Universit\u00e4t Duisburg-Essen das Carl-Humann-Gymnasium, um \u00fcber die Austauschprogramme PEF (Programme d&#8217;\u00e9tudes en France) und Erasmus+ zu berichten. Sie selbst studiert Englisch, Deutsch und Franz\u00f6sisch auf Lehramt und hat das letzte Jahr im Rahmen von PEF in Lille verbracht. Ein Programm und eine Stadt, die sie den Sch\u00fclerinnen und Sch\u00fclern der Klassen 10 genauso wie Frankreich in 90 Minuten n\u00e4her brachte.<\/p>\r\n<p style=\"font-weight: 400;\">Mlle Zverkova stellte in abwechslungsreicher Art und Weise die Stadt, deren Geschichte und Sehensw\u00fcrdigkeiten vor, stellte Gemeinsamkeiten und Unterschiede zu Essen heraus, zeigte ansprechende Videos zur Oper, dem Palais des Beaux Arts (Museum) sowie zu Lille und seinen Einwohnern, die \u00fcber Lille und die sch\u00f6nsten Orte in ihrer Stadt berichteten.<\/p>\r\n<p style=\"font-weight: 400;\">Die Sch\u00fclerinnen und Sch\u00fcler wurden kreativ und aktiv in die Pr\u00e4sentation mit eingebunden, indem sie als Einstieg mit Mentimeter ihre Assoziationen mit Frankreich teilen sollten, eine Karte von Frankreich erstellten oder ein Plakat zu Essen und Lille entwarfen.<\/p>\r\n<p style=\"font-weight: 400;\">Am Abschluss erfuhren die Sch\u00fclerinnen und Sch\u00fcler noch etwas zu den <em>r\u00e9gions<\/em> in Frankreich und konnten Fragen zum Franz\u00f6sischstudium und den Austauschprogrammen stellen.<\/p>\r\n<p style=\"font-weight: 400;\">Merci beaucoup aux \u00e9l\u00e8ves d\u2019avoir particip\u00e9 attentivement\u00a0 et merci \u00e0 Mlle Zverkova d\u2019\u00eatre venue \u00e0 notre lyc\u00e9e!<\/p>\r\n<p style=\"font-weight: 400;\"><em>Beim PEF handelt es sich um ein Stipendienprogramm f\u00fcr Frankreich, das das franz\u00f6sische Ministerium f\u00fcr Europa und Ausw\u00e4rtige Angelegenheiten \u00fcber die Franz\u00f6sische Botschaft in Berlin, in Zusammenarbeit mit dem Deutschen Akademischen Austauschdienst (DAAD),\u00a0 f\u00fcr deutsche Studierende im zweiten Jahr ihres Bachelor-Abschlusses gestartet hat. Dieses Programm richtet sich an Studierende, f\u00fcr die Franz\u00f6sisch eine wichtige Rolle spielt und erm\u00f6glicht es, mit einem Stipendium, ein Semester an einer von vier franz\u00f6sischen Universit\u00e4ten zu verbringen.<\/em><\/p>\r\n&nbsp;\t\t\t\t\t\t\t\t<\/div>\n\t\t\t\t<\/div>\n\t\t\t\t<div class=\"elementor-element elementor-element-f2a1c68 elementor-widget elementor-widget-gallery\" data-id=\"f2a1c68\" data-element_type=\"widget\" data-e-type=\"widget\" data-settings=\"{&quot;gallery_layout&quot;:&quot;justified&quot;,&quot;lazyload&quot;:&quot;yes&quot;,&quot;ideal_row_height&quot;:{&quot;unit&quot;:&quot;px&quot;,&quot;size&quot;:200,&quot;sizes&quot;:[]},&quot;ideal_row_height_tablet&quot;:{&quot;unit&quot;:&quot;px&quot;,&quot;size&quot;:150,&quot;sizes&quot;:[]},&quot;ideal_row_height_mobile&quot;:{&quot;unit&quot;:&quot;px&quot;,&quot;size&quot;:150,&quot;sizes&quot;:[]},&quot;gap&quot;:{&quot;unit&quot;:&quot;px&quot;,&quot;size&quot;:10,&quot;sizes&quot;:[]},&quot;gap_tablet&quot;:{&quot;unit&quot;:&quot;px&quot;,&quot;size&quot;:10,&quot;sizes&quot;:[]},&quot;gap_mobile&quot;:{&quot;unit&quot;:&quot;px&quot;,&quot;size&quot;:10,&quot;sizes&quot;:[]},&quot;link_to&quot;:&quot;file&quot;,&quot;overlay_background&quot;:&quot;yes&quot;,&quot;content_hover_animation&quot;:&quot;fade-in&quot;}\" data-widget_type=\"gallery.default\">\n\t\t\t\t<div class=\"elementor-widget-container\">\n\t\t\t\t\t\t\t<div class=\"elementor-gallery__container\">\n\t\t\t\t\t\t\t<a class=\"e-gallery-item elementor-gallery-item elementor-animated-content\" href=\"https:\/\/carl-humann.de\/wp-content\/uploads\/2025\/06\/1000225212-scaled.jpg\" data-elementor-open-lightbox=\"yes\" data-elementor-lightbox-slideshow=\"f2a1c68\" data-elementor-lightbox-title=\"1000225212\" data-e-action-hash=\"#elementor-action%3Aaction%3Dlightbox%26settings%3DeyJpZCI6MTAxMDQxNywidXJsIjoiaHR0cHM6XC9cL2NhcmwtaHVtYW5uLmRlXC93cC1jb250ZW50XC91cGxvYWRzXC8yMDI1XC8wNlwvMTAwMDIyNTIxMi1zY2FsZWQuanBnIiwic2xpZGVzaG93IjoiZjJhMWM2OCJ9\">\n\t\t\t\t\t<div class=\"e-gallery-image elementor-gallery-item__image\" data-thumbnail=\"https:\/\/carl-humann.de\/wp-content\/uploads\/2025\/06\/1000225212-225x300.jpg\" data-width=\"225\" data-height=\"300\" aria-label=\"\" role=\"img\" ><\/div>\n\t\t\t\t\t\t\t\t\t\t\t<div class=\"elementor-gallery-item__overlay\"><\/div>\n\t\t\t\t\t\t\t\t\t\t\t\t\t\t<\/a>\n\t\t\t\t\t\t\t<a class=\"e-gallery-item elementor-gallery-item elementor-animated-content\" href=\"https:\/\/carl-humann.de\/wp-content\/uploads\/2025\/06\/1000225173-scaled.jpg\" data-elementor-open-lightbox=\"yes\" data-elementor-lightbox-slideshow=\"f2a1c68\" data-elementor-lightbox-title=\"1000225173\" data-e-action-hash=\"#elementor-action%3Aaction%3Dlightbox%26settings%3DeyJpZCI6MTAxMDQxOSwidXJsIjoiaHR0cHM6XC9cL2NhcmwtaHVtYW5uLmRlXC93cC1jb250ZW50XC91cGxvYWRzXC8yMDI1XC8wNlwvMTAwMDIyNTE3My1zY2FsZWQuanBnIiwic2xpZGVzaG93IjoiZjJhMWM2OCJ9\">\n\t\t\t\t\t<div class=\"e-gallery-image elementor-gallery-item__image\" data-thumbnail=\"https:\/\/carl-humann.de\/wp-content\/uploads\/2025\/06\/1000225173-300x225.jpg\" data-width=\"300\" data-height=\"225\" aria-label=\"\" role=\"img\" ><\/div>\n\t\t\t\t\t\t\t\t\t\t\t<div class=\"elementor-gallery-item__overlay\"><\/div>\n\t\t\t\t\t\t\t\t\t\t\t\t\t\t<\/a>\n\t\t\t\t\t\t\t<a class=\"e-gallery-item elementor-gallery-item elementor-animated-content\" href=\"https:\/\/carl-humann.de\/wp-content\/uploads\/2025\/06\/1000225206-scaled.jpg\" data-elementor-open-lightbox=\"yes\" data-elementor-lightbox-slideshow=\"f2a1c68\" data-elementor-lightbox-title=\"1000225206\" data-e-action-hash=\"#elementor-action%3Aaction%3Dlightbox%26settings%3DeyJpZCI6MTAxMDQyMSwidXJsIjoiaHR0cHM6XC9cL2NhcmwtaHVtYW5uLmRlXC93cC1jb250ZW50XC91cGxvYWRzXC8yMDI1XC8wNlwvMTAwMDIyNTIwNi1zY2FsZWQuanBnIiwic2xpZGVzaG93IjoiZjJhMWM2OCJ9\">\n\t\t\t\t\t<div class=\"e-gallery-image elementor-gallery-item__image\" data-thumbnail=\"https:\/\/carl-humann.de\/wp-content\/uploads\/2025\/06\/1000225206-225x300.jpg\" data-width=\"225\" data-height=\"300\" aria-label=\"\" role=\"img\" ><\/div>\n\t\t\t\t\t\t\t\t\t\t\t<div class=\"elementor-gallery-item__overlay\"><\/div>\n\t\t\t\t\t\t\t\t\t\t\t\t\t\t<\/a>\n\t\t\t\t\t\t\t<a class=\"e-gallery-item elementor-gallery-item elementor-animated-content\" href=\"https:\/\/carl-humann.de\/wp-content\/uploads\/2025\/06\/1000225215-scaled.jpg\" data-elementor-open-lightbox=\"yes\" data-elementor-lightbox-slideshow=\"f2a1c68\" data-elementor-lightbox-title=\"1000225215\" data-e-action-hash=\"#elementor-action%3Aaction%3Dlightbox%26settings%3DeyJpZCI6MTAxMDQyMywidXJsIjoiaHR0cHM6XC9cL2NhcmwtaHVtYW5uLmRlXC93cC1jb250ZW50XC91cGxvYWRzXC8yMDI1XC8wNlwvMTAwMDIyNTIxNS1zY2FsZWQuanBnIiwic2xpZGVzaG93IjoiZjJhMWM2OCJ9\">\n\t\t\t\t\t<div class=\"e-gallery-image elementor-gallery-item__image\" data-thumbnail=\"https:\/\/carl-humann.de\/wp-content\/uploads\/2025\/06\/1000225215-225x300.jpg\" data-width=\"225\" data-height=\"300\" aria-label=\"\" role=\"img\" ><\/div>\n\t\t\t\t\t\t\t\t\t\t\t<div class=\"elementor-gallery-item__overlay\"><\/div>\n\t\t\t\t\t\t\t\t\t\t\t\t\t\t<\/a>\n\t\t\t\t\t\t\t<a class=\"e-gallery-item elementor-gallery-item elementor-animated-content\" href=\"https:\/\/carl-humann.de\/wp-content\/uploads\/2025\/06\/1000225176-scaled.jpg\" data-elementor-open-lightbox=\"yes\" data-elementor-lightbox-slideshow=\"f2a1c68\" data-elementor-lightbox-title=\"1000225176\" data-e-action-hash=\"#elementor-action%3Aaction%3Dlightbox%26settings%3DeyJpZCI6MTAxMDQyNSwidXJsIjoiaHR0cHM6XC9cL2NhcmwtaHVtYW5uLmRlXC93cC1jb250ZW50XC91cGxvYWRzXC8yMDI1XC8wNlwvMTAwMDIyNTE3Ni1zY2FsZWQuanBnIiwic2xpZGVzaG93IjoiZjJhMWM2OCJ9\">\n\t\t\t\t\t<div class=\"e-gallery-image elementor-gallery-item__image\" data-thumbnail=\"https:\/\/carl-humann.de\/wp-content\/uploads\/2025\/06\/1000225176-225x300.jpg\" data-width=\"225\" data-height=\"300\" aria-label=\"\" role=\"img\" ><\/div>\n\t\t\t\t\t\t\t\t\t\t\t<div class=\"elementor-gallery-item__overlay\"><\/div>\n\t\t\t\t\t\t\t\t\t\t\t\t\t\t<\/a>\n\t\t\t\t\t<\/div>\n\t\t\t\t\t<\/div>\n\t\t\t\t<\/div>\n\t\t\t\t\t<\/div>\n\t\t<\/div>\n\t\t\t\t\t<\/div>\n\t\t<\/section>\n\t\t\t\t<\/div>\n\t\t","protected":false},"excerpt":{"rendered":"<p>Am 23.6.25 besuchte die Studentin V.Zverkova der Universit\u00e4t Duisburg-Essen das Carl-Humann-Gymnasium, um \u00fcber die Austauschprogramme PEF (Programme d&#8217;\u00e9tudes en France) und Erasmus+ zu berichten. Sie selbst studiert Englisch, Deutsch und Franz\u00f6sisch auf Lehramt und hat das letzte Jahr im Rahmen von PEF in Lille verbracht. Ein Programm und eine Stadt, die sie den Sch\u00fclerinnen und&#8230;<\/p>\n","protected":false},"author":5,"featured_media":1010420,"comment_status":"closed","ping_status":"closed","sticky":false,"template":"","format":"standard","meta":{"inline_featured_image":false,"footnotes":""},"categories":[144],"tags":[],"class_list":["post-1010430","post","type-post","status-publish","format-standard","has-post-thumbnail","hentry","category-erasmus-en"],"yoast_head":"<!-- This site is optimized with the Yoast SEO plugin v27.4 - https:\/\/yoast.com\/product\/yoast-seo-wordpress\/ -->\n<title>PEF und Erasmus+: Infoveranstaltung zu Austauschprogrammen mit Frankreich w\u00e4hrend des Studiums - Carl-Humann-Gymnasium Essen<\/title>\n<meta name=\"robots\" content=\"index, follow, max-snippet:-1, max-image-preview:large, max-video-preview:-1\" \/>\n<link rel=\"canonical\" href=\"https:\/\/carl-humann.de\/en\/pef-und-erasmus-infoveranstaltung-zu-austauschprogrammen-mit-frankreich-waehrend-des-studiums\/\" \/>\n<meta property=\"og:locale\" content=\"en_US\" \/>\n<meta property=\"og:type\" content=\"article\" \/>\n<meta property=\"og:title\" content=\"PEF und Erasmus+: Infoveranstaltung zu Austauschprogrammen mit Frankreich w\u00e4hrend des Studiums - Carl-Humann-Gymnasium Essen\" \/>\n<meta property=\"og:description\" content=\"Am 23.6.25 besuchte die Studentin V.Zverkova der Universit\u00e4t Duisburg-Essen das Carl-Humann-Gymnasium, um \u00fcber die Austauschprogramme PEF (Programme d&#8217;\u00e9tudes en France) und Erasmus+ zu berichten. Sie selbst studiert Englisch, Deutsch und Franz\u00f6sisch auf Lehramt und hat das letzte Jahr im Rahmen von PEF in Lille verbracht. Ein Programm und eine Stadt, die sie den Sch\u00fclerinnen und...\" \/>\n<meta property=\"og:url\" content=\"https:\/\/carl-humann.de\/en\/pef-und-erasmus-infoveranstaltung-zu-austauschprogrammen-mit-frankreich-waehrend-des-studiums\/\" \/>\n<meta property=\"og:site_name\" content=\"Carl-Humann-Gymnasium Essen\" \/>\n<meta property=\"article:published_time\" content=\"2025-06-23T11:41:34+00:00\" \/>\n<meta name=\"author\" content=\"Max Baukrowitz\" \/>\n<meta name=\"twitter:card\" content=\"summary_large_image\" \/>\n<meta name=\"twitter:label1\" content=\"Written by\" \/>\n\t<meta name=\"twitter:data1\" content=\"Max Baukrowitz\" \/>\n\t<meta name=\"twitter:label2\" content=\"Est. reading time\" \/>\n\t<meta name=\"twitter:data2\" content=\"2 minutes\" \/>\n<script type=\"application\/ld+json\" class=\"yoast-schema-graph\">{\"@context\":\"https:\\\/\\\/schema.org\",\"@graph\":[{\"@type\":\"Article\",\"@id\":\"https:\\\/\\\/carl-humann.de\\\/en\\\/pef-und-erasmus-infoveranstaltung-zu-austauschprogrammen-mit-frankreich-waehrend-des-studiums\\\/#article\",\"isPartOf\":{\"@id\":\"https:\\\/\\\/carl-humann.de\\\/en\\\/pef-und-erasmus-infoveranstaltung-zu-austauschprogrammen-mit-frankreich-waehrend-des-studiums\\\/\"},\"author\":{\"name\":\"Max Baukrowitz\",\"@id\":\"https:\\\/\\\/carl-humann.de\\\/#\\\/schema\\\/person\\\/11e850f41ea9f13a02e91c11f24dfb74\"},\"headline\":\"PEF und Erasmus+: Infoveranstaltung zu Austauschprogrammen mit Frankreich w\u00e4hrend des Studiums\",\"datePublished\":\"2025-06-23T11:41:34+00:00\",\"mainEntityOfPage\":{\"@id\":\"https:\\\/\\\/carl-humann.de\\\/en\\\/pef-und-erasmus-infoveranstaltung-zu-austauschprogrammen-mit-frankreich-waehrend-des-studiums\\\/\"},\"wordCount\":305,\"publisher\":{\"@id\":\"https:\\\/\\\/carl-humann.de\\\/#organization\"},\"image\":{\"@id\":\"https:\\\/\\\/carl-humann.de\\\/en\\\/pef-und-erasmus-infoveranstaltung-zu-austauschprogrammen-mit-frankreich-waehrend-des-studiums\\\/#primaryimage\"},\"thumbnailUrl\":\"https:\\\/\\\/carl-humann.de\\\/wp-content\\\/uploads\\\/2025\\\/06\\\/1000225173-scaled.jpg\",\"articleSection\":[\"Erasmus\"],\"inLanguage\":\"en-US\"},{\"@type\":\"WebPage\",\"@id\":\"https:\\\/\\\/carl-humann.de\\\/en\\\/pef-und-erasmus-infoveranstaltung-zu-austauschprogrammen-mit-frankreich-waehrend-des-studiums\\\/\",\"url\":\"https:\\\/\\\/carl-humann.de\\\/en\\\/pef-und-erasmus-infoveranstaltung-zu-austauschprogrammen-mit-frankreich-waehrend-des-studiums\\\/\",\"name\":\"PEF und Erasmus+: Infoveranstaltung zu Austauschprogrammen mit Frankreich w\u00e4hrend des Studiums - Carl-Humann-Gymnasium Essen\",\"isPartOf\":{\"@id\":\"https:\\\/\\\/carl-humann.de\\\/#website\"},\"primaryImageOfPage\":{\"@id\":\"https:\\\/\\\/carl-humann.de\\\/en\\\/pef-und-erasmus-infoveranstaltung-zu-austauschprogrammen-mit-frankreich-waehrend-des-studiums\\\/#primaryimage\"},\"image\":{\"@id\":\"https:\\\/\\\/carl-humann.de\\\/en\\\/pef-und-erasmus-infoveranstaltung-zu-austauschprogrammen-mit-frankreich-waehrend-des-studiums\\\/#primaryimage\"},\"thumbnailUrl\":\"https:\\\/\\\/carl-humann.de\\\/wp-content\\\/uploads\\\/2025\\\/06\\\/1000225173-scaled.jpg\",\"datePublished\":\"2025-06-23T11:41:34+00:00\",\"breadcrumb\":{\"@id\":\"https:\\\/\\\/carl-humann.de\\\/en\\\/pef-und-erasmus-infoveranstaltung-zu-austauschprogrammen-mit-frankreich-waehrend-des-studiums\\\/#breadcrumb\"},\"inLanguage\":\"en-US\",\"potentialAction\":[{\"@type\":\"ReadAction\",\"target\":[\"https:\\\/\\\/carl-humann.de\\\/en\\\/pef-und-erasmus-infoveranstaltung-zu-austauschprogrammen-mit-frankreich-waehrend-des-studiums\\\/\"]}]},{\"@type\":\"ImageObject\",\"inLanguage\":\"en-US\",\"@id\":\"https:\\\/\\\/carl-humann.de\\\/en\\\/pef-und-erasmus-infoveranstaltung-zu-austauschprogrammen-mit-frankreich-waehrend-des-studiums\\\/#primaryimage\",\"url\":\"https:\\\/\\\/carl-humann.de\\\/wp-content\\\/uploads\\\/2025\\\/06\\\/1000225173-scaled.jpg\",\"contentUrl\":\"https:\\\/\\\/carl-humann.de\\\/wp-content\\\/uploads\\\/2025\\\/06\\\/1000225173-scaled.jpg\",\"width\":2560,\"height\":1920},{\"@type\":\"BreadcrumbList\",\"@id\":\"https:\\\/\\\/carl-humann.de\\\/en\\\/pef-und-erasmus-infoveranstaltung-zu-austauschprogrammen-mit-frankreich-waehrend-des-studiums\\\/#breadcrumb\",\"itemListElement\":[{\"@type\":\"ListItem\",\"position\":1,\"name\":\"Startseite\",\"item\":\"https:\\\/\\\/carl-humann.de\\\/\"},{\"@type\":\"ListItem\",\"position\":2,\"name\":\"PEF und Erasmus+: Infoveranstaltung zu Austauschprogrammen mit Frankreich w\u00e4hrend des Studiums\"}]},{\"@type\":\"WebSite\",\"@id\":\"https:\\\/\\\/carl-humann.de\\\/#website\",\"url\":\"https:\\\/\\\/carl-humann.de\\\/\",\"name\":\"Carl-Humann-Gymnasium Essen\",\"description\":\"\",\"publisher\":{\"@id\":\"https:\\\/\\\/carl-humann.de\\\/#organization\"},\"potentialAction\":[{\"@type\":\"SearchAction\",\"target\":{\"@type\":\"EntryPoint\",\"urlTemplate\":\"https:\\\/\\\/carl-humann.de\\\/?s={search_term_string}\"},\"query-input\":{\"@type\":\"PropertyValueSpecification\",\"valueRequired\":true,\"valueName\":\"search_term_string\"}}],\"inLanguage\":\"en-US\"},{\"@type\":\"Organization\",\"@id\":\"https:\\\/\\\/carl-humann.de\\\/#organization\",\"name\":\"Carl-Humann-Gymnasium Essen\",\"url\":\"https:\\\/\\\/carl-humann.de\\\/\",\"logo\":{\"@type\":\"ImageObject\",\"inLanguage\":\"en-US\",\"@id\":\"https:\\\/\\\/carl-humann.de\\\/#\\\/schema\\\/logo\\\/image\\\/\",\"url\":\"https:\\\/\\\/carl-humann.de\\\/wp-content\\\/uploads\\\/2021\\\/09\\\/Logo_1c_222x85mm-1.png\",\"contentUrl\":\"https:\\\/\\\/carl-humann.de\\\/wp-content\\\/uploads\\\/2021\\\/09\\\/Logo_1c_222x85mm-1.png\",\"width\":2622,\"height\":1004,\"caption\":\"Carl-Humann-Gymnasium Essen\"},\"image\":{\"@id\":\"https:\\\/\\\/carl-humann.de\\\/#\\\/schema\\\/logo\\\/image\\\/\"}},{\"@type\":\"Person\",\"@id\":\"https:\\\/\\\/carl-humann.de\\\/#\\\/schema\\\/person\\\/11e850f41ea9f13a02e91c11f24dfb74\",\"name\":\"Max Baukrowitz\",\"url\":\"https:\\\/\\\/carl-humann.de\\\/en\\\/author\\\/max-baukrowitz\\\/\"}]}<\/script>\n<!-- \/ Yoast SEO plugin. -->","yoast_head_json":{"title":"PEF und Erasmus+: Infoveranstaltung zu Austauschprogrammen mit Frankreich w\u00e4hrend des Studiums - Carl-Humann-Gymnasium Essen","robots":{"index":"index","follow":"follow","max-snippet":"max-snippet:-1","max-image-preview":"max-image-preview:large","max-video-preview":"max-video-preview:-1"},"canonical":"https:\/\/carl-humann.de\/en\/pef-und-erasmus-infoveranstaltung-zu-austauschprogrammen-mit-frankreich-waehrend-des-studiums\/","og_locale":"en_US","og_type":"article","og_title":"PEF und Erasmus+: Infoveranstaltung zu Austauschprogrammen mit Frankreich w\u00e4hrend des Studiums - Carl-Humann-Gymnasium Essen","og_description":"Am 23.6.25 besuchte die Studentin V.Zverkova der Universit\u00e4t Duisburg-Essen das Carl-Humann-Gymnasium, um \u00fcber die Austauschprogramme PEF (Programme d&#8217;\u00e9tudes en France) und Erasmus+ zu berichten. Sie selbst studiert Englisch, Deutsch und Franz\u00f6sisch auf Lehramt und hat das letzte Jahr im Rahmen von PEF in Lille verbracht. Ein Programm und eine Stadt, die sie den Sch\u00fclerinnen und...","og_url":"https:\/\/carl-humann.de\/en\/pef-und-erasmus-infoveranstaltung-zu-austauschprogrammen-mit-frankreich-waehrend-des-studiums\/","og_site_name":"Carl-Humann-Gymnasium Essen","article_published_time":"2025-06-23T11:41:34+00:00","author":"Max Baukrowitz","twitter_card":"summary_large_image","twitter_misc":{"Written by":"Max Baukrowitz","Est. reading time":"2 minutes"},"schema":{"@context":"https:\/\/schema.org","@graph":[{"@type":"Article","@id":"https:\/\/carl-humann.de\/en\/pef-und-erasmus-infoveranstaltung-zu-austauschprogrammen-mit-frankreich-waehrend-des-studiums\/#article","isPartOf":{"@id":"https:\/\/carl-humann.de\/en\/pef-und-erasmus-infoveranstaltung-zu-austauschprogrammen-mit-frankreich-waehrend-des-studiums\/"},"author":{"name":"Max Baukrowitz","@id":"https:\/\/carl-humann.de\/#\/schema\/person\/11e850f41ea9f13a02e91c11f24dfb74"},"headline":"PEF und Erasmus+: Infoveranstaltung zu Austauschprogrammen mit Frankreich w\u00e4hrend des Studiums","datePublished":"2025-06-23T11:41:34+00:00","mainEntityOfPage":{"@id":"https:\/\/carl-humann.de\/en\/pef-und-erasmus-infoveranstaltung-zu-austauschprogrammen-mit-frankreich-waehrend-des-studiums\/"},"wordCount":305,"publisher":{"@id":"https:\/\/carl-humann.de\/#organization"},"image":{"@id":"https:\/\/carl-humann.de\/en\/pef-und-erasmus-infoveranstaltung-zu-austauschprogrammen-mit-frankreich-waehrend-des-studiums\/#primaryimage"},"thumbnailUrl":"https:\/\/carl-humann.de\/wp-content\/uploads\/2025\/06\/1000225173-scaled.jpg","articleSection":["Erasmus"],"inLanguage":"en-US"},{"@type":"WebPage","@id":"https:\/\/carl-humann.de\/en\/pef-und-erasmus-infoveranstaltung-zu-austauschprogrammen-mit-frankreich-waehrend-des-studiums\/","url":"https:\/\/carl-humann.de\/en\/pef-und-erasmus-infoveranstaltung-zu-austauschprogrammen-mit-frankreich-waehrend-des-studiums\/","name":"PEF und Erasmus+: Infoveranstaltung zu Austauschprogrammen mit Frankreich w\u00e4hrend des Studiums - Carl-Humann-Gymnasium Essen","isPartOf":{"@id":"https:\/\/carl-humann.de\/#website"},"primaryImageOfPage":{"@id":"https:\/\/carl-humann.de\/en\/pef-und-erasmus-infoveranstaltung-zu-austauschprogrammen-mit-frankreich-waehrend-des-studiums\/#primaryimage"},"image":{"@id":"https:\/\/carl-humann.de\/en\/pef-und-erasmus-infoveranstaltung-zu-austauschprogrammen-mit-frankreich-waehrend-des-studiums\/#primaryimage"},"thumbnailUrl":"https:\/\/carl-humann.de\/wp-content\/uploads\/2025\/06\/1000225173-scaled.jpg","datePublished":"2025-06-23T11:41:34+00:00","breadcrumb":{"@id":"https:\/\/carl-humann.de\/en\/pef-und-erasmus-infoveranstaltung-zu-austauschprogrammen-mit-frankreich-waehrend-des-studiums\/#breadcrumb"},"inLanguage":"en-US","potentialAction":[{"@type":"ReadAction","target":["https:\/\/carl-humann.de\/en\/pef-und-erasmus-infoveranstaltung-zu-austauschprogrammen-mit-frankreich-waehrend-des-studiums\/"]}]},{"@type":"ImageObject","inLanguage":"en-US","@id":"https:\/\/carl-humann.de\/en\/pef-und-erasmus-infoveranstaltung-zu-austauschprogrammen-mit-frankreich-waehrend-des-studiums\/#primaryimage","url":"https:\/\/carl-humann.de\/wp-content\/uploads\/2025\/06\/1000225173-scaled.jpg","contentUrl":"https:\/\/carl-humann.de\/wp-content\/uploads\/2025\/06\/1000225173-scaled.jpg","width":2560,"height":1920},{"@type":"BreadcrumbList","@id":"https:\/\/carl-humann.de\/en\/pef-und-erasmus-infoveranstaltung-zu-austauschprogrammen-mit-frankreich-waehrend-des-studiums\/#breadcrumb","itemListElement":[{"@type":"ListItem","position":1,"name":"Startseite","item":"https:\/\/carl-humann.de\/"},{"@type":"ListItem","position":2,"name":"PEF und Erasmus+: Infoveranstaltung zu Austauschprogrammen mit Frankreich w\u00e4hrend des Studiums"}]},{"@type":"WebSite","@id":"https:\/\/carl-humann.de\/#website","url":"https:\/\/carl-humann.de\/","name":"Carl-Humann-Gymnasium Essen","description":"","publisher":{"@id":"https:\/\/carl-humann.de\/#organization"},"potentialAction":[{"@type":"SearchAction","target":{"@type":"EntryPoint","urlTemplate":"https:\/\/carl-humann.de\/?s={search_term_string}"},"query-input":{"@type":"PropertyValueSpecification","valueRequired":true,"valueName":"search_term_string"}}],"inLanguage":"en-US"},{"@type":"Organization","@id":"https:\/\/carl-humann.de\/#organization","name":"Carl-Humann-Gymnasium Essen","url":"https:\/\/carl-humann.de\/","logo":{"@type":"ImageObject","inLanguage":"en-US","@id":"https:\/\/carl-humann.de\/#\/schema\/logo\/image\/","url":"https:\/\/carl-humann.de\/wp-content\/uploads\/2021\/09\/Logo_1c_222x85mm-1.png","contentUrl":"https:\/\/carl-humann.de\/wp-content\/uploads\/2021\/09\/Logo_1c_222x85mm-1.png","width":2622,"height":1004,"caption":"Carl-Humann-Gymnasium Essen"},"image":{"@id":"https:\/\/carl-humann.de\/#\/schema\/logo\/image\/"}},{"@type":"Person","@id":"https:\/\/carl-humann.de\/#\/schema\/person\/11e850f41ea9f13a02e91c11f24dfb74","name":"Max Baukrowitz","url":"https:\/\/carl-humann.de\/en\/author\/max-baukrowitz\/"}]}},"_links":{"self":[{"href":"https:\/\/carl-humann.de\/en\/wp-json\/wp\/v2\/posts\/1010430","targetHints":{"allow":["GET"]}}],"collection":[{"href":"https:\/\/carl-humann.de\/en\/wp-json\/wp\/v2\/posts"}],"about":[{"href":"https:\/\/carl-humann.de\/en\/wp-json\/wp\/v2\/types\/post"}],"author":[{"embeddable":true,"href":"https:\/\/carl-humann.de\/en\/wp-json\/wp\/v2\/users\/5"}],"replies":[{"embeddable":true,"href":"https:\/\/carl-humann.de\/en\/wp-json\/wp\/v2\/comments?post=1010430"}],"version-history":[{"count":1,"href":"https:\/\/carl-humann.de\/en\/wp-json\/wp\/v2\/posts\/1010430\/revisions"}],"predecessor-version":[{"id":1010431,"href":"https:\/\/carl-humann.de\/en\/wp-json\/wp\/v2\/posts\/1010430\/revisions\/1010431"}],"wp:featuredmedia":[{"embeddable":true,"href":"https:\/\/carl-humann.de\/en\/wp-json\/wp\/v2\/media\/1010420"}],"wp:attachment":[{"href":"https:\/\/carl-humann.de\/en\/wp-json\/wp\/v2\/media?parent=1010430"}],"wp:term":[{"taxonomy":"category","embeddable":true,"href":"https:\/\/carl-humann.de\/en\/wp-json\/wp\/v2\/categories?post=1010430"},{"taxonomy":"post_tag","embeddable":true,"href":"https:\/\/carl-humann.de\/en\/wp-json\/wp\/v2\/tags?post=1010430"}],"curies":[{"name":"wp","href":"https:\/\/api.w.org\/{rel}","templated":true}]}}