{"id":1009746,"date":"2025-03-28T09:56:42","date_gmt":"2025-03-28T08:56:42","guid":{"rendered":"https:\/\/carl-humann.de\/besuch-der-alten-synagoge\/"},"modified":"2025-03-31T10:54:31","modified_gmt":"2025-03-31T08:54:31","slug":"besuch-der-alten-synagoge","status":"publish","type":"post","link":"https:\/\/carl-humann.de\/en\/besuch-der-alten-synagoge\/","title":{"rendered":"Besuch der alten Synagoge"},"content":{"rendered":"<div class=\"vgblk-rw-wrapper limit-wrapper\"><span style=\"letter-spacing: var(--vamtam-primary-font-letter-spacing-desktop,normal); text-transform: var(--vamtam-primary-font-transform,none); text-decoration: var(--vamtam-primary-font-decoration,none);\">Am 21.03.2025 besuchte unsere Klasse, die 10a, die Alte Synagoge am Rathaus. Ziel war es, mehr \u00fcber die j\u00fcdische Geschichte, Kultur und Religion zu erfahren. F\u00fcr ein kritisches Bewusstsein gegen Rassismus, f\u00fcr Menschenrechte, Gleichheit und Freiheit f\u00fchrten wir schon verschiedene Aktionen durch.<\/span><\/p>\n<p>In der Synagoge erhielten wir durch Ausstellungen und Erkl\u00e4rungen spannende Einblicke in das j\u00fcdische Leben, die Traditionen und die Unterschiede zwischen orthodoxen und liberalen Gruppen \u00a0des Judentums. Besonders interessant war die Geschichte der Synagoge seit dem Nationalsozialismus.<\/p>\n<p>Au\u00dferdem erfuhren wir viel \u00fcber die religi\u00f6sen Symbole, den Thoraschrein und die Regeln des Judentums. Wir lernten, welche Regeln in verschiedenen Synagogen gelten und einiges \u00fcber j\u00fcdische Br\u00e4uche und Feste.<\/p>\n<p>Die F\u00fchrung war sehr informativ und wir konnten viele Fragen stellen. Besonders eindrucksvoll war das Besichtigen der Thorarolle. Abschlie\u00dfend haben wir uns au\u00dferhalb der Synagoge noch ein paar Stolpersteine f\u00fcr die Gestorbenen zur Zeit des Nationalsozialismus angeschaut, wie zum Beispiel den von Hermine Kaesbach, die 1941 ein Opfer der Euthanasie der Nazis wurde. Heute findet man ihren Stolperstein in Essen, welcher seit 2011 an sie erinnert.<\/p>\n<p>Der Ausflug war eine bereichernde Erfahrung, die uns geholfen hat, das j\u00fcdische Leben und die j\u00fcdische Kultur besser zu verstehen.<\/p>\n<p>Lima C. &amp; Z\u00fcmra K., 10a<\/p>\n<p>&nbsp;<\/p>\n<p><img fetchpriority=\"high\" decoding=\"async\" class=\"alignnone size-full wp-image-1009731\" src=\"https:\/\/carl-humann.de\/wp-content\/uploads\/2025\/03\/IMG_20250326_150748.jpg\" alt=\"\" width=\"831\" height=\"623\" srcset=\"https:\/\/carl-humann.de\/wp-content\/uploads\/2025\/03\/IMG_20250326_150748.jpg 831w, https:\/\/carl-humann.de\/wp-content\/uploads\/2025\/03\/IMG_20250326_150748-300x225.jpg 300w, https:\/\/carl-humann.de\/wp-content\/uploads\/2025\/03\/IMG_20250326_150748-768x576.jpg 768w\" sizes=\"(max-width: 831px) 100vw, 831px\" \/> <img decoding=\"async\" class=\"alignnone size-full wp-image-1009733\" src=\"https:\/\/carl-humann.de\/wp-content\/uploads\/2025\/03\/IMG_20250326_150832.jpg\" alt=\"\" width=\"446\" height=\"328\" srcset=\"https:\/\/carl-humann.de\/wp-content\/uploads\/2025\/03\/IMG_20250326_150832.jpg 446w, https:\/\/carl-humann.de\/wp-content\/uploads\/2025\/03\/IMG_20250326_150832-300x221.jpg 300w\" sizes=\"(max-width: 446px) 100vw, 446px\" \/> <img decoding=\"async\" class=\"alignnone size-full wp-image-1009735\" src=\"https:\/\/carl-humann.de\/wp-content\/uploads\/2025\/03\/IMG_20250326_151025.jpg\" alt=\"\" width=\"869\" height=\"440\" srcset=\"https:\/\/carl-humann.de\/wp-content\/uploads\/2025\/03\/IMG_20250326_151025.jpg 869w, https:\/\/carl-humann.de\/wp-content\/uploads\/2025\/03\/IMG_20250326_151025-300x152.jpg 300w, https:\/\/carl-humann.de\/wp-content\/uploads\/2025\/03\/IMG_20250326_151025-768x389.jpg 768w\" sizes=\"(max-width: 869px) 100vw, 869px\" \/> <img loading=\"lazy\" decoding=\"async\" class=\"alignnone size-full wp-image-1009737\" src=\"https:\/\/carl-humann.de\/wp-content\/uploads\/2025\/03\/IMG_20250326_151144.jpg\" alt=\"\" width=\"896\" height=\"952\" srcset=\"https:\/\/carl-humann.de\/wp-content\/uploads\/2025\/03\/IMG_20250326_151144.jpg 896w, https:\/\/carl-humann.de\/wp-content\/uploads\/2025\/03\/IMG_20250326_151144-282x300.jpg 282w, https:\/\/carl-humann.de\/wp-content\/uploads\/2025\/03\/IMG_20250326_151144-768x816.jpg 768w\" sizes=\"(max-width: 896px) 100vw, 896px\" \/> <img loading=\"lazy\" decoding=\"async\" class=\"alignnone size-full wp-image-1009739\" src=\"https:\/\/carl-humann.de\/wp-content\/uploads\/2025\/03\/IMG-20250321-WA0011.jpg\" alt=\"\" width=\"1600\" height=\"1042\" srcset=\"https:\/\/carl-humann.de\/wp-content\/uploads\/2025\/03\/IMG-20250321-WA0011.jpg 1600w, https:\/\/carl-humann.de\/wp-content\/uploads\/2025\/03\/IMG-20250321-WA0011-300x195.jpg 300w, https:\/\/carl-humann.de\/wp-content\/uploads\/2025\/03\/IMG-20250321-WA0011-1024x667.jpg 1024w, https:\/\/carl-humann.de\/wp-content\/uploads\/2025\/03\/IMG-20250321-WA0011-768x500.jpg 768w, https:\/\/carl-humann.de\/wp-content\/uploads\/2025\/03\/IMG-20250321-WA0011-1536x1000.jpg 1536w\" sizes=\"(max-width: 1600px) 100vw, 1600px\" \/> <img loading=\"lazy\" decoding=\"async\" class=\"alignnone size-full wp-image-1009741\" src=\"https:\/\/carl-humann.de\/wp-content\/uploads\/2025\/03\/IMG-20250326-WA0007.jpg\" alt=\"\" width=\"640\" height=\"480\" srcset=\"https:\/\/carl-humann.de\/wp-content\/uploads\/2025\/03\/IMG-20250326-WA0007.jpg 640w, https:\/\/carl-humann.de\/wp-content\/uploads\/2025\/03\/IMG-20250326-WA0007-300x225.jpg 300w\" sizes=\"(max-width: 640px) 100vw, 640px\" \/> <img loading=\"lazy\" decoding=\"async\" class=\"alignnone size-full wp-image-1009743\" src=\"https:\/\/carl-humann.de\/wp-content\/uploads\/2025\/03\/IMG-20250326-WA0009.jpg\" alt=\"\" width=\"640\" height=\"480\" srcset=\"https:\/\/carl-humann.de\/wp-content\/uploads\/2025\/03\/IMG-20250326-WA0009.jpg 640w, https:\/\/carl-humann.de\/wp-content\/uploads\/2025\/03\/IMG-20250326-WA0009-300x225.jpg 300w\" sizes=\"(max-width: 640px) 100vw, 640px\" \/><\/div>\n<p><!-- .vgblk-rw-wrapper --><\/p>\n","protected":false},"excerpt":{"rendered":"<p>Am 21.03.2025 besuchte unsere Klasse, die 10a, die Alte Synagoge am Rathaus. Ziel war es, mehr \u00fcber die j\u00fcdische Geschichte, Kultur und Religion zu erfahren. F\u00fcr ein kritisches Bewusstsein gegen Rassismus, f\u00fcr Menschenrechte, Gleichheit und Freiheit f\u00fchrten wir schon verschiedene Aktionen durch. In der Synagoge erhielten wir durch Ausstellungen und Erkl\u00e4rungen spannende Einblicke in das&#8230;<\/p>\n","protected":false},"author":5,"featured_media":1009742,"comment_status":"closed","ping_status":"closed","sticky":false,"template":"","format":"standard","meta":{"inline_featured_image":false,"footnotes":""},"categories":[],"tags":[],"class_list":["post-1009746","post","type-post","status-publish","format-standard","has-post-thumbnail","hentry"],"yoast_head":"<!-- This site is optimized with the Yoast SEO plugin v27.4 - https:\/\/yoast.com\/product\/yoast-seo-wordpress\/ -->\n<title>Besuch der alten Synagoge - Carl-Humann-Gymnasium Essen<\/title>\n<meta name=\"robots\" content=\"index, follow, max-snippet:-1, max-image-preview:large, max-video-preview:-1\" \/>\n<link rel=\"canonical\" href=\"https:\/\/carl-humann.de\/en\/besuch-der-alten-synagoge\/\" \/>\n<meta property=\"og:locale\" content=\"en_US\" \/>\n<meta property=\"og:type\" content=\"article\" \/>\n<meta property=\"og:title\" content=\"Besuch der alten Synagoge - Carl-Humann-Gymnasium Essen\" \/>\n<meta property=\"og:description\" content=\"Am 21.03.2025 besuchte unsere Klasse, die 10a, die Alte Synagoge am Rathaus. Ziel war es, mehr \u00fcber die j\u00fcdische Geschichte, Kultur und Religion zu erfahren. F\u00fcr ein kritisches Bewusstsein gegen Rassismus, f\u00fcr Menschenrechte, Gleichheit und Freiheit f\u00fchrten wir schon verschiedene Aktionen durch. In der Synagoge erhielten wir durch Ausstellungen und Erkl\u00e4rungen spannende Einblicke in das...\" \/>\n<meta property=\"og:url\" content=\"https:\/\/carl-humann.de\/en\/besuch-der-alten-synagoge\/\" \/>\n<meta property=\"og:site_name\" content=\"Carl-Humann-Gymnasium Essen\" \/>\n<meta property=\"article:published_time\" content=\"2025-03-28T08:56:42+00:00\" \/>\n<meta property=\"article:modified_time\" content=\"2025-03-31T08:54:31+00:00\" \/>\n<meta property=\"og:image\" content=\"https:\/\/carl-humann.de\/wp-content\/uploads\/2025\/03\/IMG-20250326-WA0007.jpg\" \/>\n\t<meta property=\"og:image:width\" content=\"640\" \/>\n\t<meta property=\"og:image:height\" content=\"480\" \/>\n\t<meta property=\"og:image:type\" content=\"image\/jpeg\" \/>\n<meta name=\"author\" content=\"Max Baukrowitz\" \/>\n<meta name=\"twitter:card\" content=\"summary_large_image\" \/>\n<meta name=\"twitter:label1\" content=\"Written by\" \/>\n\t<meta name=\"twitter:data1\" content=\"Max Baukrowitz\" \/>\n\t<meta name=\"twitter:label2\" content=\"Est. reading time\" \/>\n\t<meta name=\"twitter:data2\" content=\"3 minutes\" \/>\n<script type=\"application\/ld+json\" class=\"yoast-schema-graph\">{\"@context\":\"https:\\\/\\\/schema.org\",\"@graph\":[{\"@type\":\"Article\",\"@id\":\"https:\\\/\\\/carl-humann.de\\\/en\\\/besuch-der-alten-synagoge\\\/#article\",\"isPartOf\":{\"@id\":\"https:\\\/\\\/carl-humann.de\\\/en\\\/besuch-der-alten-synagoge\\\/\"},\"author\":{\"name\":\"Max Baukrowitz\",\"@id\":\"https:\\\/\\\/carl-humann.de\\\/#\\\/schema\\\/person\\\/11e850f41ea9f13a02e91c11f24dfb74\"},\"headline\":\"Besuch der alten Synagoge\",\"datePublished\":\"2025-03-28T08:56:42+00:00\",\"dateModified\":\"2025-03-31T08:54:31+00:00\",\"mainEntityOfPage\":{\"@id\":\"https:\\\/\\\/carl-humann.de\\\/en\\\/besuch-der-alten-synagoge\\\/\"},\"wordCount\":220,\"publisher\":{\"@id\":\"https:\\\/\\\/carl-humann.de\\\/#organization\"},\"image\":{\"@id\":\"https:\\\/\\\/carl-humann.de\\\/en\\\/besuch-der-alten-synagoge\\\/#primaryimage\"},\"thumbnailUrl\":\"https:\\\/\\\/carl-humann.de\\\/wp-content\\\/uploads\\\/2025\\\/03\\\/IMG-20250326-WA0007.jpg\",\"inLanguage\":\"en-US\"},{\"@type\":\"WebPage\",\"@id\":\"https:\\\/\\\/carl-humann.de\\\/en\\\/besuch-der-alten-synagoge\\\/\",\"url\":\"https:\\\/\\\/carl-humann.de\\\/en\\\/besuch-der-alten-synagoge\\\/\",\"name\":\"Besuch der alten Synagoge - Carl-Humann-Gymnasium Essen\",\"isPartOf\":{\"@id\":\"https:\\\/\\\/carl-humann.de\\\/#website\"},\"primaryImageOfPage\":{\"@id\":\"https:\\\/\\\/carl-humann.de\\\/en\\\/besuch-der-alten-synagoge\\\/#primaryimage\"},\"image\":{\"@id\":\"https:\\\/\\\/carl-humann.de\\\/en\\\/besuch-der-alten-synagoge\\\/#primaryimage\"},\"thumbnailUrl\":\"https:\\\/\\\/carl-humann.de\\\/wp-content\\\/uploads\\\/2025\\\/03\\\/IMG-20250326-WA0007.jpg\",\"datePublished\":\"2025-03-28T08:56:42+00:00\",\"dateModified\":\"2025-03-31T08:54:31+00:00\",\"breadcrumb\":{\"@id\":\"https:\\\/\\\/carl-humann.de\\\/en\\\/besuch-der-alten-synagoge\\\/#breadcrumb\"},\"inLanguage\":\"en-US\",\"potentialAction\":[{\"@type\":\"ReadAction\",\"target\":[\"https:\\\/\\\/carl-humann.de\\\/en\\\/besuch-der-alten-synagoge\\\/\"]}]},{\"@type\":\"ImageObject\",\"inLanguage\":\"en-US\",\"@id\":\"https:\\\/\\\/carl-humann.de\\\/en\\\/besuch-der-alten-synagoge\\\/#primaryimage\",\"url\":\"https:\\\/\\\/carl-humann.de\\\/wp-content\\\/uploads\\\/2025\\\/03\\\/IMG-20250326-WA0007.jpg\",\"contentUrl\":\"https:\\\/\\\/carl-humann.de\\\/wp-content\\\/uploads\\\/2025\\\/03\\\/IMG-20250326-WA0007.jpg\",\"width\":640,\"height\":480},{\"@type\":\"BreadcrumbList\",\"@id\":\"https:\\\/\\\/carl-humann.de\\\/en\\\/besuch-der-alten-synagoge\\\/#breadcrumb\",\"itemListElement\":[{\"@type\":\"ListItem\",\"position\":1,\"name\":\"Startseite\",\"item\":\"https:\\\/\\\/carl-humann.de\\\/\"},{\"@type\":\"ListItem\",\"position\":2,\"name\":\"Besuch der alten Synagoge\"}]},{\"@type\":\"WebSite\",\"@id\":\"https:\\\/\\\/carl-humann.de\\\/#website\",\"url\":\"https:\\\/\\\/carl-humann.de\\\/\",\"name\":\"Carl-Humann-Gymnasium Essen\",\"description\":\"\",\"publisher\":{\"@id\":\"https:\\\/\\\/carl-humann.de\\\/#organization\"},\"potentialAction\":[{\"@type\":\"SearchAction\",\"target\":{\"@type\":\"EntryPoint\",\"urlTemplate\":\"https:\\\/\\\/carl-humann.de\\\/?s={search_term_string}\"},\"query-input\":{\"@type\":\"PropertyValueSpecification\",\"valueRequired\":true,\"valueName\":\"search_term_string\"}}],\"inLanguage\":\"en-US\"},{\"@type\":\"Organization\",\"@id\":\"https:\\\/\\\/carl-humann.de\\\/#organization\",\"name\":\"Carl-Humann-Gymnasium Essen\",\"url\":\"https:\\\/\\\/carl-humann.de\\\/\",\"logo\":{\"@type\":\"ImageObject\",\"inLanguage\":\"en-US\",\"@id\":\"https:\\\/\\\/carl-humann.de\\\/#\\\/schema\\\/logo\\\/image\\\/\",\"url\":\"https:\\\/\\\/carl-humann.de\\\/wp-content\\\/uploads\\\/2021\\\/09\\\/Logo_1c_222x85mm-1.png\",\"contentUrl\":\"https:\\\/\\\/carl-humann.de\\\/wp-content\\\/uploads\\\/2021\\\/09\\\/Logo_1c_222x85mm-1.png\",\"width\":2622,\"height\":1004,\"caption\":\"Carl-Humann-Gymnasium Essen\"},\"image\":{\"@id\":\"https:\\\/\\\/carl-humann.de\\\/#\\\/schema\\\/logo\\\/image\\\/\"}},{\"@type\":\"Person\",\"@id\":\"https:\\\/\\\/carl-humann.de\\\/#\\\/schema\\\/person\\\/11e850f41ea9f13a02e91c11f24dfb74\",\"name\":\"Max Baukrowitz\",\"url\":\"https:\\\/\\\/carl-humann.de\\\/en\\\/author\\\/max-baukrowitz\\\/\"}]}<\/script>\n<!-- \/ Yoast SEO plugin. -->","yoast_head_json":{"title":"Besuch der alten Synagoge - Carl-Humann-Gymnasium Essen","robots":{"index":"index","follow":"follow","max-snippet":"max-snippet:-1","max-image-preview":"max-image-preview:large","max-video-preview":"max-video-preview:-1"},"canonical":"https:\/\/carl-humann.de\/en\/besuch-der-alten-synagoge\/","og_locale":"en_US","og_type":"article","og_title":"Besuch der alten Synagoge - Carl-Humann-Gymnasium Essen","og_description":"Am 21.03.2025 besuchte unsere Klasse, die 10a, die Alte Synagoge am Rathaus. Ziel war es, mehr \u00fcber die j\u00fcdische Geschichte, Kultur und Religion zu erfahren. F\u00fcr ein kritisches Bewusstsein gegen Rassismus, f\u00fcr Menschenrechte, Gleichheit und Freiheit f\u00fchrten wir schon verschiedene Aktionen durch. In der Synagoge erhielten wir durch Ausstellungen und Erkl\u00e4rungen spannende Einblicke in das...","og_url":"https:\/\/carl-humann.de\/en\/besuch-der-alten-synagoge\/","og_site_name":"Carl-Humann-Gymnasium Essen","article_published_time":"2025-03-28T08:56:42+00:00","article_modified_time":"2025-03-31T08:54:31+00:00","og_image":[{"width":640,"height":480,"url":"https:\/\/carl-humann.de\/wp-content\/uploads\/2025\/03\/IMG-20250326-WA0007.jpg","type":"image\/jpeg"}],"author":"Max Baukrowitz","twitter_card":"summary_large_image","twitter_misc":{"Written by":"Max Baukrowitz","Est. reading time":"3 minutes"},"schema":{"@context":"https:\/\/schema.org","@graph":[{"@type":"Article","@id":"https:\/\/carl-humann.de\/en\/besuch-der-alten-synagoge\/#article","isPartOf":{"@id":"https:\/\/carl-humann.de\/en\/besuch-der-alten-synagoge\/"},"author":{"name":"Max Baukrowitz","@id":"https:\/\/carl-humann.de\/#\/schema\/person\/11e850f41ea9f13a02e91c11f24dfb74"},"headline":"Besuch der alten Synagoge","datePublished":"2025-03-28T08:56:42+00:00","dateModified":"2025-03-31T08:54:31+00:00","mainEntityOfPage":{"@id":"https:\/\/carl-humann.de\/en\/besuch-der-alten-synagoge\/"},"wordCount":220,"publisher":{"@id":"https:\/\/carl-humann.de\/#organization"},"image":{"@id":"https:\/\/carl-humann.de\/en\/besuch-der-alten-synagoge\/#primaryimage"},"thumbnailUrl":"https:\/\/carl-humann.de\/wp-content\/uploads\/2025\/03\/IMG-20250326-WA0007.jpg","inLanguage":"en-US"},{"@type":"WebPage","@id":"https:\/\/carl-humann.de\/en\/besuch-der-alten-synagoge\/","url":"https:\/\/carl-humann.de\/en\/besuch-der-alten-synagoge\/","name":"Besuch der alten Synagoge - Carl-Humann-Gymnasium Essen","isPartOf":{"@id":"https:\/\/carl-humann.de\/#website"},"primaryImageOfPage":{"@id":"https:\/\/carl-humann.de\/en\/besuch-der-alten-synagoge\/#primaryimage"},"image":{"@id":"https:\/\/carl-humann.de\/en\/besuch-der-alten-synagoge\/#primaryimage"},"thumbnailUrl":"https:\/\/carl-humann.de\/wp-content\/uploads\/2025\/03\/IMG-20250326-WA0007.jpg","datePublished":"2025-03-28T08:56:42+00:00","dateModified":"2025-03-31T08:54:31+00:00","breadcrumb":{"@id":"https:\/\/carl-humann.de\/en\/besuch-der-alten-synagoge\/#breadcrumb"},"inLanguage":"en-US","potentialAction":[{"@type":"ReadAction","target":["https:\/\/carl-humann.de\/en\/besuch-der-alten-synagoge\/"]}]},{"@type":"ImageObject","inLanguage":"en-US","@id":"https:\/\/carl-humann.de\/en\/besuch-der-alten-synagoge\/#primaryimage","url":"https:\/\/carl-humann.de\/wp-content\/uploads\/2025\/03\/IMG-20250326-WA0007.jpg","contentUrl":"https:\/\/carl-humann.de\/wp-content\/uploads\/2025\/03\/IMG-20250326-WA0007.jpg","width":640,"height":480},{"@type":"BreadcrumbList","@id":"https:\/\/carl-humann.de\/en\/besuch-der-alten-synagoge\/#breadcrumb","itemListElement":[{"@type":"ListItem","position":1,"name":"Startseite","item":"https:\/\/carl-humann.de\/"},{"@type":"ListItem","position":2,"name":"Besuch der alten Synagoge"}]},{"@type":"WebSite","@id":"https:\/\/carl-humann.de\/#website","url":"https:\/\/carl-humann.de\/","name":"Carl-Humann-Gymnasium Essen","description":"","publisher":{"@id":"https:\/\/carl-humann.de\/#organization"},"potentialAction":[{"@type":"SearchAction","target":{"@type":"EntryPoint","urlTemplate":"https:\/\/carl-humann.de\/?s={search_term_string}"},"query-input":{"@type":"PropertyValueSpecification","valueRequired":true,"valueName":"search_term_string"}}],"inLanguage":"en-US"},{"@type":"Organization","@id":"https:\/\/carl-humann.de\/#organization","name":"Carl-Humann-Gymnasium Essen","url":"https:\/\/carl-humann.de\/","logo":{"@type":"ImageObject","inLanguage":"en-US","@id":"https:\/\/carl-humann.de\/#\/schema\/logo\/image\/","url":"https:\/\/carl-humann.de\/wp-content\/uploads\/2021\/09\/Logo_1c_222x85mm-1.png","contentUrl":"https:\/\/carl-humann.de\/wp-content\/uploads\/2021\/09\/Logo_1c_222x85mm-1.png","width":2622,"height":1004,"caption":"Carl-Humann-Gymnasium Essen"},"image":{"@id":"https:\/\/carl-humann.de\/#\/schema\/logo\/image\/"}},{"@type":"Person","@id":"https:\/\/carl-humann.de\/#\/schema\/person\/11e850f41ea9f13a02e91c11f24dfb74","name":"Max Baukrowitz","url":"https:\/\/carl-humann.de\/en\/author\/max-baukrowitz\/"}]}},"_links":{"self":[{"href":"https:\/\/carl-humann.de\/en\/wp-json\/wp\/v2\/posts\/1009746","targetHints":{"allow":["GET"]}}],"collection":[{"href":"https:\/\/carl-humann.de\/en\/wp-json\/wp\/v2\/posts"}],"about":[{"href":"https:\/\/carl-humann.de\/en\/wp-json\/wp\/v2\/types\/post"}],"author":[{"embeddable":true,"href":"https:\/\/carl-humann.de\/en\/wp-json\/wp\/v2\/users\/5"}],"replies":[{"embeddable":true,"href":"https:\/\/carl-humann.de\/en\/wp-json\/wp\/v2\/comments?post=1009746"}],"version-history":[{"count":2,"href":"https:\/\/carl-humann.de\/en\/wp-json\/wp\/v2\/posts\/1009746\/revisions"}],"predecessor-version":[{"id":1009750,"href":"https:\/\/carl-humann.de\/en\/wp-json\/wp\/v2\/posts\/1009746\/revisions\/1009750"}],"wp:featuredmedia":[{"embeddable":true,"href":"https:\/\/carl-humann.de\/en\/wp-json\/wp\/v2\/media\/1009742"}],"wp:attachment":[{"href":"https:\/\/carl-humann.de\/en\/wp-json\/wp\/v2\/media?parent=1009746"}],"wp:term":[{"taxonomy":"category","embeddable":true,"href":"https:\/\/carl-humann.de\/en\/wp-json\/wp\/v2\/categories?post=1009746"},{"taxonomy":"post_tag","embeddable":true,"href":"https:\/\/carl-humann.de\/en\/wp-json\/wp\/v2\/tags?post=1009746"}],"curies":[{"name":"wp","href":"https:\/\/api.w.org\/{rel}","templated":true}]}}