{"id":1009725,"date":"2025-03-27T10:00:23","date_gmt":"2025-03-27T09:00:23","guid":{"rendered":"https:\/\/carl-humann.de\/?p=1009725"},"modified":"2025-03-27T10:03:31","modified_gmt":"2025-03-27T09:03:31","slug":"osteraktion-fuer-rumaenien","status":"publish","type":"post","link":"https:\/\/carl-humann.de\/en\/osteraktion-fuer-rumaenien\/","title":{"rendered":"Osteraktion f\u00fcr Rum\u00e4nien"},"content":{"rendered":"<div class=\"vgblk-rw-wrapper limit-wrapper\">\n<p style=\"font-weight: 400;\">Liebe Schulgemeinde,<\/p>\n<p style=\"font-weight: 400;\">auch zu Ostern f\u00fchren wir wieder eine Geschenkaktion f\u00fcr Rum\u00e4nien durch, wenn auch in kleinerem Umfang als Weihnachten.<\/p>\n<p style=\"font-weight: 400;\">Den Menschen, die das Essen der Armenk\u00fcche beziehen, wollen wir mit einem kleinen Geschenk zu Ostern eine Freude machen. Deshalb sammeln wir Pl\u00e4tzchen und Beutel mit Schokoeiern.<\/p>\n<p style=\"font-weight: 400;\">Es handelt sich um 50 sehr arme Leute, Senioren und Familien mit Kindern, die t\u00e4glich von der Caritas mit einem warmen Essen versorgt werden; die meisten k\u00f6nnen nichts daf\u00fcr bezahlen.<\/p>\n<p style=\"font-weight: 400;\">Es w\u00e4re sch\u00f6n, wenn ihr diese Aktion unterst\u00fctztet. Die Rum\u00e4nien-AG wird die gesammelten S\u00fc\u00dfigkeiten dann in Geschenkpapier packen.<\/p>\n<p style=\"font-weight: 400;\">Vielen Dank im Voraus!<\/p>\n<p style=\"font-weight: 400;\">Dr. Sabine Felbecker, Janina Friedrich und die Mitglieder der Rum\u00e4nien-AG<\/p>\n<a href=\"https:\/\/carl-humann.de\/wp-content\/uploads\/2025\/03\/Osteraktion2025.pdf\" class=\"pdfemb-viewer\" style=\"\" data-width=\"max\" data-height=\"max\" data-toolbar=\"bottom\" data-toolbar-fixed=\"off\">Osteraktion2025<\/a><\/div>\n<p><!-- .vgblk-rw-wrapper --><\/p>\n","protected":false},"excerpt":{"rendered":"<p>Liebe Schulgemeinde, auch zu Ostern f\u00fchren wir wieder eine Geschenkaktion f\u00fcr Rum\u00e4nien durch, wenn auch in kleinerem Umfang als Weihnachten. Den Menschen, die das Essen der Armenk\u00fcche beziehen, wollen wir mit einem kleinen Geschenk zu Ostern eine Freude machen. Deshalb sammeln wir Pl\u00e4tzchen und Beutel mit Schokoeiern. Es handelt sich um 50 sehr arme Leute,&#8230;<\/p>\n","protected":false},"author":5,"featured_media":1009727,"comment_status":"closed","ping_status":"closed","sticky":false,"template":"","format":"standard","meta":{"inline_featured_image":false,"footnotes":""},"categories":[],"tags":[],"class_list":["post-1009725","post","type-post","status-publish","format-standard","has-post-thumbnail","hentry"],"yoast_head":"<!-- This site is optimized with the Yoast SEO plugin v27.4 - https:\/\/yoast.com\/product\/yoast-seo-wordpress\/ -->\n<title>Osteraktion f\u00fcr Rum\u00e4nien - Carl-Humann-Gymnasium Essen<\/title>\n<meta name=\"robots\" content=\"index, follow, max-snippet:-1, max-image-preview:large, max-video-preview:-1\" \/>\n<link rel=\"canonical\" href=\"https:\/\/carl-humann.de\/en\/osteraktion-fuer-rumaenien\/\" \/>\n<meta property=\"og:locale\" content=\"en_US\" \/>\n<meta property=\"og:type\" content=\"article\" \/>\n<meta property=\"og:title\" content=\"Osteraktion f\u00fcr Rum\u00e4nien - Carl-Humann-Gymnasium Essen\" \/>\n<meta property=\"og:description\" content=\"Liebe Schulgemeinde, auch zu Ostern f\u00fchren wir wieder eine Geschenkaktion f\u00fcr Rum\u00e4nien durch, wenn auch in kleinerem Umfang als Weihnachten. Den Menschen, die das Essen der Armenk\u00fcche beziehen, wollen wir mit einem kleinen Geschenk zu Ostern eine Freude machen. Deshalb sammeln wir Pl\u00e4tzchen und Beutel mit Schokoeiern. Es handelt sich um 50 sehr arme Leute,...\" \/>\n<meta property=\"og:url\" content=\"https:\/\/carl-humann.de\/en\/osteraktion-fuer-rumaenien\/\" \/>\n<meta property=\"og:site_name\" content=\"Carl-Humann-Gymnasium Essen\" \/>\n<meta property=\"article:published_time\" content=\"2025-03-27T09:00:23+00:00\" \/>\n<meta property=\"article:modified_time\" content=\"2025-03-27T09:03:31+00:00\" \/>\n<meta property=\"og:image\" content=\"https:\/\/carl-humann.de\/wp-content\/uploads\/2025\/04\/P1130347-rotated.jpg\" \/>\n\t<meta property=\"og:image:width\" content=\"1920\" \/>\n\t<meta property=\"og:image:height\" content=\"2560\" \/>\n\t<meta property=\"og:image:type\" content=\"image\/jpeg\" \/>\n<meta name=\"author\" content=\"Max Baukrowitz\" \/>\n<meta name=\"twitter:card\" content=\"summary_large_image\" \/>\n<meta name=\"twitter:label1\" content=\"Written by\" \/>\n\t<meta name=\"twitter:data1\" content=\"Max Baukrowitz\" \/>\n\t<meta name=\"twitter:label2\" content=\"Est. reading time\" \/>\n\t<meta name=\"twitter:data2\" content=\"1 minute\" \/>\n<script type=\"application\/ld+json\" class=\"yoast-schema-graph\">{\"@context\":\"https:\\\/\\\/schema.org\",\"@graph\":[{\"@type\":\"Article\",\"@id\":\"https:\\\/\\\/carl-humann.de\\\/en\\\/osteraktion-fuer-rumaenien\\\/#article\",\"isPartOf\":{\"@id\":\"https:\\\/\\\/carl-humann.de\\\/en\\\/osteraktion-fuer-rumaenien\\\/\"},\"author\":{\"name\":\"Max Baukrowitz\",\"@id\":\"https:\\\/\\\/carl-humann.de\\\/#\\\/schema\\\/person\\\/11e850f41ea9f13a02e91c11f24dfb74\"},\"headline\":\"Osteraktion f\u00fcr Rum\u00e4nien\",\"datePublished\":\"2025-03-27T09:00:23+00:00\",\"dateModified\":\"2025-03-27T09:03:31+00:00\",\"mainEntityOfPage\":{\"@id\":\"https:\\\/\\\/carl-humann.de\\\/en\\\/osteraktion-fuer-rumaenien\\\/\"},\"wordCount\":136,\"publisher\":{\"@id\":\"https:\\\/\\\/carl-humann.de\\\/#organization\"},\"image\":{\"@id\":\"https:\\\/\\\/carl-humann.de\\\/en\\\/osteraktion-fuer-rumaenien\\\/#primaryimage\"},\"thumbnailUrl\":\"https:\\\/\\\/carl-humann.de\\\/wp-content\\\/uploads\\\/2025\\\/04\\\/P1130347-rotated.jpg\",\"inLanguage\":\"en-US\"},{\"@type\":\"WebPage\",\"@id\":\"https:\\\/\\\/carl-humann.de\\\/en\\\/osteraktion-fuer-rumaenien\\\/\",\"url\":\"https:\\\/\\\/carl-humann.de\\\/en\\\/osteraktion-fuer-rumaenien\\\/\",\"name\":\"Osteraktion f\u00fcr Rum\u00e4nien - Carl-Humann-Gymnasium Essen\",\"isPartOf\":{\"@id\":\"https:\\\/\\\/carl-humann.de\\\/#website\"},\"primaryImageOfPage\":{\"@id\":\"https:\\\/\\\/carl-humann.de\\\/en\\\/osteraktion-fuer-rumaenien\\\/#primaryimage\"},\"image\":{\"@id\":\"https:\\\/\\\/carl-humann.de\\\/en\\\/osteraktion-fuer-rumaenien\\\/#primaryimage\"},\"thumbnailUrl\":\"https:\\\/\\\/carl-humann.de\\\/wp-content\\\/uploads\\\/2025\\\/04\\\/P1130347-rotated.jpg\",\"datePublished\":\"2025-03-27T09:00:23+00:00\",\"dateModified\":\"2025-03-27T09:03:31+00:00\",\"breadcrumb\":{\"@id\":\"https:\\\/\\\/carl-humann.de\\\/en\\\/osteraktion-fuer-rumaenien\\\/#breadcrumb\"},\"inLanguage\":\"en-US\",\"potentialAction\":[{\"@type\":\"ReadAction\",\"target\":[\"https:\\\/\\\/carl-humann.de\\\/en\\\/osteraktion-fuer-rumaenien\\\/\"]}]},{\"@type\":\"ImageObject\",\"inLanguage\":\"en-US\",\"@id\":\"https:\\\/\\\/carl-humann.de\\\/en\\\/osteraktion-fuer-rumaenien\\\/#primaryimage\",\"url\":\"https:\\\/\\\/carl-humann.de\\\/wp-content\\\/uploads\\\/2025\\\/04\\\/P1130347-rotated.jpg\",\"contentUrl\":\"https:\\\/\\\/carl-humann.de\\\/wp-content\\\/uploads\\\/2025\\\/04\\\/P1130347-rotated.jpg\",\"width\":1920,\"height\":2560},{\"@type\":\"BreadcrumbList\",\"@id\":\"https:\\\/\\\/carl-humann.de\\\/en\\\/osteraktion-fuer-rumaenien\\\/#breadcrumb\",\"itemListElement\":[{\"@type\":\"ListItem\",\"position\":1,\"name\":\"Startseite\",\"item\":\"https:\\\/\\\/carl-humann.de\\\/\"},{\"@type\":\"ListItem\",\"position\":2,\"name\":\"Osteraktion f\u00fcr Rum\u00e4nien\"}]},{\"@type\":\"WebSite\",\"@id\":\"https:\\\/\\\/carl-humann.de\\\/#website\",\"url\":\"https:\\\/\\\/carl-humann.de\\\/\",\"name\":\"Carl-Humann-Gymnasium Essen\",\"description\":\"\",\"publisher\":{\"@id\":\"https:\\\/\\\/carl-humann.de\\\/#organization\"},\"potentialAction\":[{\"@type\":\"SearchAction\",\"target\":{\"@type\":\"EntryPoint\",\"urlTemplate\":\"https:\\\/\\\/carl-humann.de\\\/?s={search_term_string}\"},\"query-input\":{\"@type\":\"PropertyValueSpecification\",\"valueRequired\":true,\"valueName\":\"search_term_string\"}}],\"inLanguage\":\"en-US\"},{\"@type\":\"Organization\",\"@id\":\"https:\\\/\\\/carl-humann.de\\\/#organization\",\"name\":\"Carl-Humann-Gymnasium Essen\",\"url\":\"https:\\\/\\\/carl-humann.de\\\/\",\"logo\":{\"@type\":\"ImageObject\",\"inLanguage\":\"en-US\",\"@id\":\"https:\\\/\\\/carl-humann.de\\\/#\\\/schema\\\/logo\\\/image\\\/\",\"url\":\"https:\\\/\\\/carl-humann.de\\\/wp-content\\\/uploads\\\/2021\\\/09\\\/Logo_1c_222x85mm-1.png\",\"contentUrl\":\"https:\\\/\\\/carl-humann.de\\\/wp-content\\\/uploads\\\/2021\\\/09\\\/Logo_1c_222x85mm-1.png\",\"width\":2622,\"height\":1004,\"caption\":\"Carl-Humann-Gymnasium Essen\"},\"image\":{\"@id\":\"https:\\\/\\\/carl-humann.de\\\/#\\\/schema\\\/logo\\\/image\\\/\"}},{\"@type\":\"Person\",\"@id\":\"https:\\\/\\\/carl-humann.de\\\/#\\\/schema\\\/person\\\/11e850f41ea9f13a02e91c11f24dfb74\",\"name\":\"Max Baukrowitz\",\"url\":\"https:\\\/\\\/carl-humann.de\\\/en\\\/author\\\/max-baukrowitz\\\/\"}]}<\/script>\n<!-- \/ Yoast SEO plugin. -->","yoast_head_json":{"title":"Osteraktion f\u00fcr Rum\u00e4nien - Carl-Humann-Gymnasium Essen","robots":{"index":"index","follow":"follow","max-snippet":"max-snippet:-1","max-image-preview":"max-image-preview:large","max-video-preview":"max-video-preview:-1"},"canonical":"https:\/\/carl-humann.de\/en\/osteraktion-fuer-rumaenien\/","og_locale":"en_US","og_type":"article","og_title":"Osteraktion f\u00fcr Rum\u00e4nien - Carl-Humann-Gymnasium Essen","og_description":"Liebe Schulgemeinde, auch zu Ostern f\u00fchren wir wieder eine Geschenkaktion f\u00fcr Rum\u00e4nien durch, wenn auch in kleinerem Umfang als Weihnachten. Den Menschen, die das Essen der Armenk\u00fcche beziehen, wollen wir mit einem kleinen Geschenk zu Ostern eine Freude machen. Deshalb sammeln wir Pl\u00e4tzchen und Beutel mit Schokoeiern. Es handelt sich um 50 sehr arme Leute,...","og_url":"https:\/\/carl-humann.de\/en\/osteraktion-fuer-rumaenien\/","og_site_name":"Carl-Humann-Gymnasium Essen","article_published_time":"2025-03-27T09:00:23+00:00","article_modified_time":"2025-03-27T09:03:31+00:00","og_image":[{"width":1920,"height":2560,"url":"https:\/\/carl-humann.de\/wp-content\/uploads\/2025\/04\/P1130347-rotated.jpg","type":"image\/jpeg"}],"author":"Max Baukrowitz","twitter_card":"summary_large_image","twitter_misc":{"Written by":"Max Baukrowitz","Est. reading time":"1 minute"},"schema":{"@context":"https:\/\/schema.org","@graph":[{"@type":"Article","@id":"https:\/\/carl-humann.de\/en\/osteraktion-fuer-rumaenien\/#article","isPartOf":{"@id":"https:\/\/carl-humann.de\/en\/osteraktion-fuer-rumaenien\/"},"author":{"name":"Max Baukrowitz","@id":"https:\/\/carl-humann.de\/#\/schema\/person\/11e850f41ea9f13a02e91c11f24dfb74"},"headline":"Osteraktion f\u00fcr Rum\u00e4nien","datePublished":"2025-03-27T09:00:23+00:00","dateModified":"2025-03-27T09:03:31+00:00","mainEntityOfPage":{"@id":"https:\/\/carl-humann.de\/en\/osteraktion-fuer-rumaenien\/"},"wordCount":136,"publisher":{"@id":"https:\/\/carl-humann.de\/#organization"},"image":{"@id":"https:\/\/carl-humann.de\/en\/osteraktion-fuer-rumaenien\/#primaryimage"},"thumbnailUrl":"https:\/\/carl-humann.de\/wp-content\/uploads\/2025\/04\/P1130347-rotated.jpg","inLanguage":"en-US"},{"@type":"WebPage","@id":"https:\/\/carl-humann.de\/en\/osteraktion-fuer-rumaenien\/","url":"https:\/\/carl-humann.de\/en\/osteraktion-fuer-rumaenien\/","name":"Osteraktion f\u00fcr Rum\u00e4nien - Carl-Humann-Gymnasium Essen","isPartOf":{"@id":"https:\/\/carl-humann.de\/#website"},"primaryImageOfPage":{"@id":"https:\/\/carl-humann.de\/en\/osteraktion-fuer-rumaenien\/#primaryimage"},"image":{"@id":"https:\/\/carl-humann.de\/en\/osteraktion-fuer-rumaenien\/#primaryimage"},"thumbnailUrl":"https:\/\/carl-humann.de\/wp-content\/uploads\/2025\/04\/P1130347-rotated.jpg","datePublished":"2025-03-27T09:00:23+00:00","dateModified":"2025-03-27T09:03:31+00:00","breadcrumb":{"@id":"https:\/\/carl-humann.de\/en\/osteraktion-fuer-rumaenien\/#breadcrumb"},"inLanguage":"en-US","potentialAction":[{"@type":"ReadAction","target":["https:\/\/carl-humann.de\/en\/osteraktion-fuer-rumaenien\/"]}]},{"@type":"ImageObject","inLanguage":"en-US","@id":"https:\/\/carl-humann.de\/en\/osteraktion-fuer-rumaenien\/#primaryimage","url":"https:\/\/carl-humann.de\/wp-content\/uploads\/2025\/04\/P1130347-rotated.jpg","contentUrl":"https:\/\/carl-humann.de\/wp-content\/uploads\/2025\/04\/P1130347-rotated.jpg","width":1920,"height":2560},{"@type":"BreadcrumbList","@id":"https:\/\/carl-humann.de\/en\/osteraktion-fuer-rumaenien\/#breadcrumb","itemListElement":[{"@type":"ListItem","position":1,"name":"Startseite","item":"https:\/\/carl-humann.de\/"},{"@type":"ListItem","position":2,"name":"Osteraktion f\u00fcr Rum\u00e4nien"}]},{"@type":"WebSite","@id":"https:\/\/carl-humann.de\/#website","url":"https:\/\/carl-humann.de\/","name":"Carl-Humann-Gymnasium Essen","description":"","publisher":{"@id":"https:\/\/carl-humann.de\/#organization"},"potentialAction":[{"@type":"SearchAction","target":{"@type":"EntryPoint","urlTemplate":"https:\/\/carl-humann.de\/?s={search_term_string}"},"query-input":{"@type":"PropertyValueSpecification","valueRequired":true,"valueName":"search_term_string"}}],"inLanguage":"en-US"},{"@type":"Organization","@id":"https:\/\/carl-humann.de\/#organization","name":"Carl-Humann-Gymnasium Essen","url":"https:\/\/carl-humann.de\/","logo":{"@type":"ImageObject","inLanguage":"en-US","@id":"https:\/\/carl-humann.de\/#\/schema\/logo\/image\/","url":"https:\/\/carl-humann.de\/wp-content\/uploads\/2021\/09\/Logo_1c_222x85mm-1.png","contentUrl":"https:\/\/carl-humann.de\/wp-content\/uploads\/2021\/09\/Logo_1c_222x85mm-1.png","width":2622,"height":1004,"caption":"Carl-Humann-Gymnasium Essen"},"image":{"@id":"https:\/\/carl-humann.de\/#\/schema\/logo\/image\/"}},{"@type":"Person","@id":"https:\/\/carl-humann.de\/#\/schema\/person\/11e850f41ea9f13a02e91c11f24dfb74","name":"Max Baukrowitz","url":"https:\/\/carl-humann.de\/en\/author\/max-baukrowitz\/"}]}},"_links":{"self":[{"href":"https:\/\/carl-humann.de\/en\/wp-json\/wp\/v2\/posts\/1009725","targetHints":{"allow":["GET"]}}],"collection":[{"href":"https:\/\/carl-humann.de\/en\/wp-json\/wp\/v2\/posts"}],"about":[{"href":"https:\/\/carl-humann.de\/en\/wp-json\/wp\/v2\/types\/post"}],"author":[{"embeddable":true,"href":"https:\/\/carl-humann.de\/en\/wp-json\/wp\/v2\/users\/5"}],"replies":[{"embeddable":true,"href":"https:\/\/carl-humann.de\/en\/wp-json\/wp\/v2\/comments?post=1009725"}],"version-history":[{"count":1,"href":"https:\/\/carl-humann.de\/en\/wp-json\/wp\/v2\/posts\/1009725\/revisions"}],"predecessor-version":[{"id":1009728,"href":"https:\/\/carl-humann.de\/en\/wp-json\/wp\/v2\/posts\/1009725\/revisions\/1009728"}],"wp:featuredmedia":[{"embeddable":true,"href":"https:\/\/carl-humann.de\/en\/wp-json\/wp\/v2\/media\/1009727"}],"wp:attachment":[{"href":"https:\/\/carl-humann.de\/en\/wp-json\/wp\/v2\/media?parent=1009725"}],"wp:term":[{"taxonomy":"category","embeddable":true,"href":"https:\/\/carl-humann.de\/en\/wp-json\/wp\/v2\/categories?post=1009725"},{"taxonomy":"post_tag","embeddable":true,"href":"https:\/\/carl-humann.de\/en\/wp-json\/wp\/v2\/tags?post=1009725"}],"curies":[{"name":"wp","href":"https:\/\/api.w.org\/{rel}","templated":true}]}}