{"id":1009277,"date":"2025-02-03T11:15:01","date_gmt":"2025-02-03T10:15:01","guid":{"rendered":"https:\/\/carl-humann.de\/workshop-von-pro-asyl-am-carl-humann-gymnasium\/"},"modified":"2025-02-03T11:15:01","modified_gmt":"2025-02-03T10:15:01","slug":"workshop-von-pro-asyl-am-carl-humann-gymnasium","status":"publish","type":"post","link":"https:\/\/carl-humann.de\/en\/workshop-von-pro-asyl-am-carl-humann-gymnasium\/","title":{"rendered":"Workshop von Pro Asyl am Carl-Humann-Gymnasium"},"content":{"rendered":"<div class=\"vgblk-rw-wrapper limit-wrapper\">\n<div>Am 31.01.25 erhielt die Klasse 10a, im Rahmen des Politikunterrichts, Besuch von Pro Asyl und der Seebr\u00fccke Essen sowie einer Gefl\u00fcchteten aus dem Iran. Im Rahmen des Workshops setzten sich die Sch\u00fclerinnen und Sch\u00fcler intensiv mit dem Thema Flucht und Asyl auseinander und gewannen wertvolle Einblicke in die Realit\u00e4t gefl\u00fcchteter Menschen.<\/div>\n<div><\/div>\n<div>Ein zentraler Bestandteil des Workshops war das Refugee Chair-Spiel. Diese interaktive \u00dcbung veranschaulichte eindrucksvoll, dass die weltweite Verteilung von Gefl\u00fcchteten oft anders ist, als viele vermuten.<\/div>\n<div><\/div>\n<div>Das Refugee Chair-Spiel veranschaulicht, wie Gefl\u00fcchtete weltweit verteilt sind und welche L\u00e4nder tats\u00e4chlich die meisten Menschen aufnehmen. Dabei stehen zu Beginn St\u00fchle symbolisch f\u00fcr die Weltbev\u00f6lkerung und werden entsprechend der tats\u00e4chlichen Einwohnerzahl auf verschiedene Regionen verteilt. Anschlie\u00dfend wird die Anzahl der Gefl\u00fcchteten aufgeteilt, basierend auf realen Statistiken. Hierbei zeigt sich oft eine Diskrepanz zwischen der gef\u00fchlten Wahrnehmung und der Realit\u00e4t: W\u00e4hrend viele Menschen annehmen, dass Europa oder Nordamerika die meisten Fl\u00fcchtlinge aufnimmt, verdeutlicht das Spiel, dass L\u00e4nder besonders in Asien und Afrika \u2013 insbesondere Nachbarl\u00e4nder von Krisenregionen \u2013 die Hauptlast tragen. Die \u00dcbung regt dazu an, eigene Vorstellungen zu hinterfragen, sensibilisiert f\u00fcr globale Ungleichheiten und hilft, ein faktenbasiertes Verst\u00e4ndnis der weltweiten Fluchtdynamik zu entwickeln.<\/div>\n<div><\/div>\n<div>Die Sch\u00fclerinnen und Sch\u00fcler diskutierten gewinnbringend w\u00e4hrend des Spiels und erkannten durch diese \u00dcbung, dass der Gro\u00dfteil der Fl\u00fcchtlinge, wie von der Gruppe angenommen, nicht in Europa Schutz sucht. Dadurch wurde das Bewusstsein f\u00fcr die tats\u00e4chlichen Gegebenheiten gesch\u00e4rft und g\u00e4ngige Vorstellungen kritisch hinterfragt.<\/div>\n<div>Ein besonders bewegender Moment war der Erfahrungsbericht einer Gefl\u00fcchteten aus dem Iran im zweiten Teil des Workshops. Sie erz\u00e4hlte von ihrer Inhaftierung nach der Teilnahme an einer Demonstration f\u00fcr die Bewegung \u201eFrau, Leben, Freiheit\u201c und schilderte ihre Flucht aus dem Land und ihre aktuelle Situation. Ihre pers\u00f6nliche Geschichte hinterlie\u00df einen tiefen Eindruck und machte die Risiken und Herausforderungen, denen viele Aktivistinnen und Aktivisten sowie Gefl\u00fcchtete ausgesetzt sind, greifbar. Die Sch\u00fclerinnen und Sch\u00fcler stellten viele Fragen und zeigten sich tief beeindruckt von der St\u00e4rke und dem Mut dieser Frau. Dies zeigte sich auch in dem unglaublich wertsch\u00e4tzenden Feedback der Sch\u00fclerinnen und Sch\u00fcler am Ende der Gespr\u00e4chsrunde.<\/div>\n<div><\/div>\n<div>Insgesamt bot der Besuch von Pro Asyl eine eindrucksvolle Mischung aus interaktiven Elementen und pers\u00f6nlichen Berichten, die die Sch\u00fclerinnen und Sch\u00fcler nachhaltig zum Nachdenken anregten und ihr Verst\u00e4ndnis f\u00fcr die Situation Gefl\u00fcchteter vertieften.<\/div>\n<div><\/div>\n<div>Ein besonders herzlicher Dank gilt Pro Asyl, der Seebr\u00fccke Essen und der gefl\u00fcchteten Dame aus dem Iran, die sich die Zeit genommen haben, an unsere Schule zu kommen. Ihre Eindr\u00fccke und Erfahrungen haben uns tief bewegt und unseren Blick auf das Thema Flucht und Asyl nachhaltig erweitert.<\/div>\n<div>\u00a0<img fetchpriority=\"high\" decoding=\"async\" class=\"alignnone size-full wp-image-1009272\" src=\"https:\/\/carl-humann.de\/wp-content\/uploads\/2025\/02\/image1-2-rotated.jpeg\" alt=\"\" width=\"1512\" height=\"2016\" srcset=\"https:\/\/carl-humann.de\/wp-content\/uploads\/2025\/02\/image1-2-rotated.jpeg 1512w, https:\/\/carl-humann.de\/wp-content\/uploads\/2025\/02\/image1-2-225x300.jpeg 225w, https:\/\/carl-humann.de\/wp-content\/uploads\/2025\/02\/image1-2-768x1024.jpeg 768w, https:\/\/carl-humann.de\/wp-content\/uploads\/2025\/02\/image1-2-1152x1536.jpeg 1152w\" sizes=\"(max-width: 1512px) 100vw, 1512px\" \/> <img decoding=\"async\" class=\"alignnone size-full wp-image-1009274\" src=\"https:\/\/carl-humann.de\/wp-content\/uploads\/2025\/02\/image2-3.jpeg\" alt=\"\" width=\"2016\" height=\"1512\" srcset=\"https:\/\/carl-humann.de\/wp-content\/uploads\/2025\/02\/image2-3.jpeg 2016w, https:\/\/carl-humann.de\/wp-content\/uploads\/2025\/02\/image2-3-300x225.jpeg 300w, https:\/\/carl-humann.de\/wp-content\/uploads\/2025\/02\/image2-3-1024x768.jpeg 1024w, https:\/\/carl-humann.de\/wp-content\/uploads\/2025\/02\/image2-3-768x576.jpeg 768w, https:\/\/carl-humann.de\/wp-content\/uploads\/2025\/02\/image2-3-1536x1152.jpeg 1536w\" sizes=\"(max-width: 2016px) 100vw, 2016px\" \/><img decoding=\"async\" class=\"alignnone size-full wp-image-1009270\" src=\"https:\/\/carl-humann.de\/wp-content\/uploads\/2025\/02\/image0-7-scaled.jpeg\" alt=\"\" width=\"2560\" height=\"1920\" srcset=\"https:\/\/carl-humann.de\/wp-content\/uploads\/2025\/02\/image0-7-scaled.jpeg 2560w, https:\/\/carl-humann.de\/wp-content\/uploads\/2025\/02\/image0-7-300x225.jpeg 300w, https:\/\/carl-humann.de\/wp-content\/uploads\/2025\/02\/image0-7-1024x768.jpeg 1024w, https:\/\/carl-humann.de\/wp-content\/uploads\/2025\/02\/image0-7-768x576.jpeg 768w, https:\/\/carl-humann.de\/wp-content\/uploads\/2025\/02\/image0-7-1536x1152.jpeg 1536w, https:\/\/carl-humann.de\/wp-content\/uploads\/2025\/02\/image0-7-2048x1536.jpeg 2048w\" sizes=\"(max-width: 2560px) 100vw, 2560px\" \/><\/div>\n<\/div>\n<p><!-- .vgblk-rw-wrapper --><\/p>\n","protected":false},"excerpt":{"rendered":"<p>Am 31.01.25 erhielt die Klasse 10a, im Rahmen des Politikunterrichts, Besuch von Pro Asyl und der Seebr\u00fccke Essen sowie einer Gefl\u00fcchteten aus dem Iran. Im Rahmen des Workshops setzten sich die Sch\u00fclerinnen und Sch\u00fcler intensiv mit dem Thema Flucht und Asyl auseinander und gewannen wertvolle Einblicke in die Realit\u00e4t gefl\u00fcchteter Menschen. Ein zentraler Bestandteil des&#8230;<\/p>\n","protected":false},"author":5,"featured_media":1009271,"comment_status":"closed","ping_status":"closed","sticky":false,"template":"","format":"standard","meta":{"inline_featured_image":false,"footnotes":""},"categories":[],"tags":[],"class_list":["post-1009277","post","type-post","status-publish","format-standard","has-post-thumbnail","hentry"],"yoast_head":"<!-- This site is optimized with the Yoast SEO plugin v27.4 - https:\/\/yoast.com\/product\/yoast-seo-wordpress\/ -->\n<title>Workshop von Pro Asyl am Carl-Humann-Gymnasium - Carl-Humann-Gymnasium Essen<\/title>\n<meta name=\"robots\" content=\"index, follow, max-snippet:-1, max-image-preview:large, max-video-preview:-1\" \/>\n<link rel=\"canonical\" href=\"https:\/\/carl-humann.de\/en\/workshop-von-pro-asyl-am-carl-humann-gymnasium\/\" \/>\n<meta property=\"og:locale\" content=\"en_US\" \/>\n<meta property=\"og:type\" content=\"article\" \/>\n<meta property=\"og:title\" content=\"Workshop von Pro Asyl am Carl-Humann-Gymnasium - Carl-Humann-Gymnasium Essen\" \/>\n<meta property=\"og:description\" content=\"Am 31.01.25 erhielt die Klasse 10a, im Rahmen des Politikunterrichts, Besuch von Pro Asyl und der Seebr\u00fccke Essen sowie einer Gefl\u00fcchteten aus dem Iran. Im Rahmen des Workshops setzten sich die Sch\u00fclerinnen und Sch\u00fcler intensiv mit dem Thema Flucht und Asyl auseinander und gewannen wertvolle Einblicke in die Realit\u00e4t gefl\u00fcchteter Menschen. Ein zentraler Bestandteil des...\" \/>\n<meta property=\"og:url\" content=\"https:\/\/carl-humann.de\/en\/workshop-von-pro-asyl-am-carl-humann-gymnasium\/\" \/>\n<meta property=\"og:site_name\" content=\"Carl-Humann-Gymnasium Essen\" \/>\n<meta property=\"article:published_time\" content=\"2025-02-03T10:15:01+00:00\" \/>\n<meta property=\"og:image\" content=\"https:\/\/carl-humann.de\/wp-content\/uploads\/2025\/02\/image1-2-rotated.jpeg\" \/>\n\t<meta property=\"og:image:width\" content=\"1512\" \/>\n\t<meta property=\"og:image:height\" content=\"2016\" \/>\n\t<meta property=\"og:image:type\" content=\"image\/jpeg\" \/>\n<meta name=\"author\" content=\"Max Baukrowitz\" \/>\n<meta name=\"twitter:card\" content=\"summary_large_image\" \/>\n<meta name=\"twitter:label1\" content=\"Written by\" \/>\n\t<meta name=\"twitter:data1\" content=\"Max Baukrowitz\" \/>\n\t<meta name=\"twitter:label2\" content=\"Est. reading time\" \/>\n\t<meta name=\"twitter:data2\" content=\"2 minutes\" \/>\n<script type=\"application\/ld+json\" class=\"yoast-schema-graph\">{\"@context\":\"https:\\\/\\\/schema.org\",\"@graph\":[{\"@type\":\"Article\",\"@id\":\"https:\\\/\\\/carl-humann.de\\\/en\\\/workshop-von-pro-asyl-am-carl-humann-gymnasium\\\/#article\",\"isPartOf\":{\"@id\":\"https:\\\/\\\/carl-humann.de\\\/en\\\/workshop-von-pro-asyl-am-carl-humann-gymnasium\\\/\"},\"author\":{\"name\":\"Max Baukrowitz\",\"@id\":\"https:\\\/\\\/carl-humann.de\\\/#\\\/schema\\\/person\\\/11e850f41ea9f13a02e91c11f24dfb74\"},\"headline\":\"Workshop von Pro Asyl am Carl-Humann-Gymnasium\",\"datePublished\":\"2025-02-03T10:15:01+00:00\",\"mainEntityOfPage\":{\"@id\":\"https:\\\/\\\/carl-humann.de\\\/en\\\/workshop-von-pro-asyl-am-carl-humann-gymnasium\\\/\"},\"wordCount\":476,\"publisher\":{\"@id\":\"https:\\\/\\\/carl-humann.de\\\/#organization\"},\"image\":{\"@id\":\"https:\\\/\\\/carl-humann.de\\\/en\\\/workshop-von-pro-asyl-am-carl-humann-gymnasium\\\/#primaryimage\"},\"thumbnailUrl\":\"https:\\\/\\\/carl-humann.de\\\/wp-content\\\/uploads\\\/2025\\\/02\\\/image0-7-scaled.jpeg\",\"inLanguage\":\"en-US\"},{\"@type\":\"WebPage\",\"@id\":\"https:\\\/\\\/carl-humann.de\\\/en\\\/workshop-von-pro-asyl-am-carl-humann-gymnasium\\\/\",\"url\":\"https:\\\/\\\/carl-humann.de\\\/en\\\/workshop-von-pro-asyl-am-carl-humann-gymnasium\\\/\",\"name\":\"Workshop von Pro Asyl am Carl-Humann-Gymnasium - Carl-Humann-Gymnasium Essen\",\"isPartOf\":{\"@id\":\"https:\\\/\\\/carl-humann.de\\\/#website\"},\"primaryImageOfPage\":{\"@id\":\"https:\\\/\\\/carl-humann.de\\\/en\\\/workshop-von-pro-asyl-am-carl-humann-gymnasium\\\/#primaryimage\"},\"image\":{\"@id\":\"https:\\\/\\\/carl-humann.de\\\/en\\\/workshop-von-pro-asyl-am-carl-humann-gymnasium\\\/#primaryimage\"},\"thumbnailUrl\":\"https:\\\/\\\/carl-humann.de\\\/wp-content\\\/uploads\\\/2025\\\/02\\\/image0-7-scaled.jpeg\",\"datePublished\":\"2025-02-03T10:15:01+00:00\",\"breadcrumb\":{\"@id\":\"https:\\\/\\\/carl-humann.de\\\/en\\\/workshop-von-pro-asyl-am-carl-humann-gymnasium\\\/#breadcrumb\"},\"inLanguage\":\"en-US\",\"potentialAction\":[{\"@type\":\"ReadAction\",\"target\":[\"https:\\\/\\\/carl-humann.de\\\/en\\\/workshop-von-pro-asyl-am-carl-humann-gymnasium\\\/\"]}]},{\"@type\":\"ImageObject\",\"inLanguage\":\"en-US\",\"@id\":\"https:\\\/\\\/carl-humann.de\\\/en\\\/workshop-von-pro-asyl-am-carl-humann-gymnasium\\\/#primaryimage\",\"url\":\"https:\\\/\\\/carl-humann.de\\\/wp-content\\\/uploads\\\/2025\\\/02\\\/image0-7-scaled.jpeg\",\"contentUrl\":\"https:\\\/\\\/carl-humann.de\\\/wp-content\\\/uploads\\\/2025\\\/02\\\/image0-7-scaled.jpeg\",\"width\":2560,\"height\":1920},{\"@type\":\"BreadcrumbList\",\"@id\":\"https:\\\/\\\/carl-humann.de\\\/en\\\/workshop-von-pro-asyl-am-carl-humann-gymnasium\\\/#breadcrumb\",\"itemListElement\":[{\"@type\":\"ListItem\",\"position\":1,\"name\":\"Startseite\",\"item\":\"https:\\\/\\\/carl-humann.de\\\/\"},{\"@type\":\"ListItem\",\"position\":2,\"name\":\"Workshop von Pro Asyl am Carl-Humann-Gymnasium\"}]},{\"@type\":\"WebSite\",\"@id\":\"https:\\\/\\\/carl-humann.de\\\/#website\",\"url\":\"https:\\\/\\\/carl-humann.de\\\/\",\"name\":\"Carl-Humann-Gymnasium Essen\",\"description\":\"\",\"publisher\":{\"@id\":\"https:\\\/\\\/carl-humann.de\\\/#organization\"},\"potentialAction\":[{\"@type\":\"SearchAction\",\"target\":{\"@type\":\"EntryPoint\",\"urlTemplate\":\"https:\\\/\\\/carl-humann.de\\\/?s={search_term_string}\"},\"query-input\":{\"@type\":\"PropertyValueSpecification\",\"valueRequired\":true,\"valueName\":\"search_term_string\"}}],\"inLanguage\":\"en-US\"},{\"@type\":\"Organization\",\"@id\":\"https:\\\/\\\/carl-humann.de\\\/#organization\",\"name\":\"Carl-Humann-Gymnasium Essen\",\"url\":\"https:\\\/\\\/carl-humann.de\\\/\",\"logo\":{\"@type\":\"ImageObject\",\"inLanguage\":\"en-US\",\"@id\":\"https:\\\/\\\/carl-humann.de\\\/#\\\/schema\\\/logo\\\/image\\\/\",\"url\":\"https:\\\/\\\/carl-humann.de\\\/wp-content\\\/uploads\\\/2021\\\/09\\\/Logo_1c_222x85mm-1.png\",\"contentUrl\":\"https:\\\/\\\/carl-humann.de\\\/wp-content\\\/uploads\\\/2021\\\/09\\\/Logo_1c_222x85mm-1.png\",\"width\":2622,\"height\":1004,\"caption\":\"Carl-Humann-Gymnasium Essen\"},\"image\":{\"@id\":\"https:\\\/\\\/carl-humann.de\\\/#\\\/schema\\\/logo\\\/image\\\/\"}},{\"@type\":\"Person\",\"@id\":\"https:\\\/\\\/carl-humann.de\\\/#\\\/schema\\\/person\\\/11e850f41ea9f13a02e91c11f24dfb74\",\"name\":\"Max Baukrowitz\",\"url\":\"https:\\\/\\\/carl-humann.de\\\/en\\\/author\\\/max-baukrowitz\\\/\"}]}<\/script>\n<!-- \/ Yoast SEO plugin. -->","yoast_head_json":{"title":"Workshop von Pro Asyl am Carl-Humann-Gymnasium - Carl-Humann-Gymnasium Essen","robots":{"index":"index","follow":"follow","max-snippet":"max-snippet:-1","max-image-preview":"max-image-preview:large","max-video-preview":"max-video-preview:-1"},"canonical":"https:\/\/carl-humann.de\/en\/workshop-von-pro-asyl-am-carl-humann-gymnasium\/","og_locale":"en_US","og_type":"article","og_title":"Workshop von Pro Asyl am Carl-Humann-Gymnasium - Carl-Humann-Gymnasium Essen","og_description":"Am 31.01.25 erhielt die Klasse 10a, im Rahmen des Politikunterrichts, Besuch von Pro Asyl und der Seebr\u00fccke Essen sowie einer Gefl\u00fcchteten aus dem Iran. Im Rahmen des Workshops setzten sich die Sch\u00fclerinnen und Sch\u00fcler intensiv mit dem Thema Flucht und Asyl auseinander und gewannen wertvolle Einblicke in die Realit\u00e4t gefl\u00fcchteter Menschen. Ein zentraler Bestandteil des...","og_url":"https:\/\/carl-humann.de\/en\/workshop-von-pro-asyl-am-carl-humann-gymnasium\/","og_site_name":"Carl-Humann-Gymnasium Essen","article_published_time":"2025-02-03T10:15:01+00:00","og_image":[{"width":1512,"height":2016,"url":"https:\/\/carl-humann.de\/wp-content\/uploads\/2025\/02\/image1-2-rotated.jpeg","type":"image\/jpeg"}],"author":"Max Baukrowitz","twitter_card":"summary_large_image","twitter_misc":{"Written by":"Max Baukrowitz","Est. reading time":"2 minutes"},"schema":{"@context":"https:\/\/schema.org","@graph":[{"@type":"Article","@id":"https:\/\/carl-humann.de\/en\/workshop-von-pro-asyl-am-carl-humann-gymnasium\/#article","isPartOf":{"@id":"https:\/\/carl-humann.de\/en\/workshop-von-pro-asyl-am-carl-humann-gymnasium\/"},"author":{"name":"Max Baukrowitz","@id":"https:\/\/carl-humann.de\/#\/schema\/person\/11e850f41ea9f13a02e91c11f24dfb74"},"headline":"Workshop von Pro Asyl am Carl-Humann-Gymnasium","datePublished":"2025-02-03T10:15:01+00:00","mainEntityOfPage":{"@id":"https:\/\/carl-humann.de\/en\/workshop-von-pro-asyl-am-carl-humann-gymnasium\/"},"wordCount":476,"publisher":{"@id":"https:\/\/carl-humann.de\/#organization"},"image":{"@id":"https:\/\/carl-humann.de\/en\/workshop-von-pro-asyl-am-carl-humann-gymnasium\/#primaryimage"},"thumbnailUrl":"https:\/\/carl-humann.de\/wp-content\/uploads\/2025\/02\/image0-7-scaled.jpeg","inLanguage":"en-US"},{"@type":"WebPage","@id":"https:\/\/carl-humann.de\/en\/workshop-von-pro-asyl-am-carl-humann-gymnasium\/","url":"https:\/\/carl-humann.de\/en\/workshop-von-pro-asyl-am-carl-humann-gymnasium\/","name":"Workshop von Pro Asyl am Carl-Humann-Gymnasium - Carl-Humann-Gymnasium Essen","isPartOf":{"@id":"https:\/\/carl-humann.de\/#website"},"primaryImageOfPage":{"@id":"https:\/\/carl-humann.de\/en\/workshop-von-pro-asyl-am-carl-humann-gymnasium\/#primaryimage"},"image":{"@id":"https:\/\/carl-humann.de\/en\/workshop-von-pro-asyl-am-carl-humann-gymnasium\/#primaryimage"},"thumbnailUrl":"https:\/\/carl-humann.de\/wp-content\/uploads\/2025\/02\/image0-7-scaled.jpeg","datePublished":"2025-02-03T10:15:01+00:00","breadcrumb":{"@id":"https:\/\/carl-humann.de\/en\/workshop-von-pro-asyl-am-carl-humann-gymnasium\/#breadcrumb"},"inLanguage":"en-US","potentialAction":[{"@type":"ReadAction","target":["https:\/\/carl-humann.de\/en\/workshop-von-pro-asyl-am-carl-humann-gymnasium\/"]}]},{"@type":"ImageObject","inLanguage":"en-US","@id":"https:\/\/carl-humann.de\/en\/workshop-von-pro-asyl-am-carl-humann-gymnasium\/#primaryimage","url":"https:\/\/carl-humann.de\/wp-content\/uploads\/2025\/02\/image0-7-scaled.jpeg","contentUrl":"https:\/\/carl-humann.de\/wp-content\/uploads\/2025\/02\/image0-7-scaled.jpeg","width":2560,"height":1920},{"@type":"BreadcrumbList","@id":"https:\/\/carl-humann.de\/en\/workshop-von-pro-asyl-am-carl-humann-gymnasium\/#breadcrumb","itemListElement":[{"@type":"ListItem","position":1,"name":"Startseite","item":"https:\/\/carl-humann.de\/"},{"@type":"ListItem","position":2,"name":"Workshop von Pro Asyl am Carl-Humann-Gymnasium"}]},{"@type":"WebSite","@id":"https:\/\/carl-humann.de\/#website","url":"https:\/\/carl-humann.de\/","name":"Carl-Humann-Gymnasium Essen","description":"","publisher":{"@id":"https:\/\/carl-humann.de\/#organization"},"potentialAction":[{"@type":"SearchAction","target":{"@type":"EntryPoint","urlTemplate":"https:\/\/carl-humann.de\/?s={search_term_string}"},"query-input":{"@type":"PropertyValueSpecification","valueRequired":true,"valueName":"search_term_string"}}],"inLanguage":"en-US"},{"@type":"Organization","@id":"https:\/\/carl-humann.de\/#organization","name":"Carl-Humann-Gymnasium Essen","url":"https:\/\/carl-humann.de\/","logo":{"@type":"ImageObject","inLanguage":"en-US","@id":"https:\/\/carl-humann.de\/#\/schema\/logo\/image\/","url":"https:\/\/carl-humann.de\/wp-content\/uploads\/2021\/09\/Logo_1c_222x85mm-1.png","contentUrl":"https:\/\/carl-humann.de\/wp-content\/uploads\/2021\/09\/Logo_1c_222x85mm-1.png","width":2622,"height":1004,"caption":"Carl-Humann-Gymnasium Essen"},"image":{"@id":"https:\/\/carl-humann.de\/#\/schema\/logo\/image\/"}},{"@type":"Person","@id":"https:\/\/carl-humann.de\/#\/schema\/person\/11e850f41ea9f13a02e91c11f24dfb74","name":"Max Baukrowitz","url":"https:\/\/carl-humann.de\/en\/author\/max-baukrowitz\/"}]}},"_links":{"self":[{"href":"https:\/\/carl-humann.de\/en\/wp-json\/wp\/v2\/posts\/1009277","targetHints":{"allow":["GET"]}}],"collection":[{"href":"https:\/\/carl-humann.de\/en\/wp-json\/wp\/v2\/posts"}],"about":[{"href":"https:\/\/carl-humann.de\/en\/wp-json\/wp\/v2\/types\/post"}],"author":[{"embeddable":true,"href":"https:\/\/carl-humann.de\/en\/wp-json\/wp\/v2\/users\/5"}],"replies":[{"embeddable":true,"href":"https:\/\/carl-humann.de\/en\/wp-json\/wp\/v2\/comments?post=1009277"}],"version-history":[{"count":0,"href":"https:\/\/carl-humann.de\/en\/wp-json\/wp\/v2\/posts\/1009277\/revisions"}],"wp:featuredmedia":[{"embeddable":true,"href":"https:\/\/carl-humann.de\/en\/wp-json\/wp\/v2\/media\/1009271"}],"wp:attachment":[{"href":"https:\/\/carl-humann.de\/en\/wp-json\/wp\/v2\/media?parent=1009277"}],"wp:term":[{"taxonomy":"category","embeddable":true,"href":"https:\/\/carl-humann.de\/en\/wp-json\/wp\/v2\/categories?post=1009277"},{"taxonomy":"post_tag","embeddable":true,"href":"https:\/\/carl-humann.de\/en\/wp-json\/wp\/v2\/tags?post=1009277"}],"curies":[{"name":"wp","href":"https:\/\/api.w.org\/{rel}","templated":true}]}}