{"id":1009120,"date":"2025-01-20T12:39:33","date_gmt":"2025-01-20T11:39:33","guid":{"rendered":"https:\/\/carl-humann.de\/erasmus-winterliche-woche-mit-unserer-partnerschule-in-norwegen\/"},"modified":"2025-01-20T12:39:33","modified_gmt":"2025-01-20T11:39:33","slug":"erasmus-winterliche-woche-mit-unserer-partnerschule-in-norwegen","status":"publish","type":"post","link":"https:\/\/carl-humann.de\/en\/erasmus-winterliche-woche-mit-unserer-partnerschule-in-norwegen\/","title":{"rendered":"ERASMUS+: Winterliche Woche mit unserer Partnerschule in Norwegen"},"content":{"rendered":"\t\t<div data-elementor-type=\"wp-post\" data-elementor-id=\"1009120\" class=\"elementor elementor-1009120\" data-elementor-post-type=\"post\">\n\t\t\t\t\t\t<section class=\"elementor-section elementor-top-section elementor-element elementor-element-1829aa89 elementor-section-boxed elementor-section-height-default elementor-section-height-default\" data-id=\"1829aa89\" data-element_type=\"section\" data-e-type=\"section\">\n\t\t\t\t\t\t<div class=\"elementor-container elementor-column-gap-default\">\n\t\t\t\t\t<div class=\"elementor-column elementor-col-100 elementor-top-column elementor-element elementor-element-6a09f7ca\" data-id=\"6a09f7ca\" data-element_type=\"column\" data-e-type=\"column\">\n\t\t\t<div class=\"elementor-widget-wrap elementor-element-populated\">\n\t\t\t\t\t\t<div class=\"elementor-element elementor-element-1b954782 elementor-widget elementor-widget-text-editor\" data-id=\"1b954782\" data-element_type=\"widget\" data-e-type=\"widget\" data-widget_type=\"text-editor.default\">\n\t\t\t\t<div class=\"elementor-widget-container\">\n\t\t\t\t\t\t\t\t\tVom 13. bis 17. Januar 2025 hatten neun Sch\u00fclerinnen und Sch\u00fcler des Carl-Humann-Gymnasiums die Gelegenheit, an einem spannenden Austausch mit unserer Partnerschule Videreg\u00e5ende Skole Raelingen in Norwegen teilzunehmen. Nachdem uns die norwegische Gruppe bereits im November besucht hat, fand nun der Gegenbesuch statt. Der Aufenthalt stand, wie auch schon beim Besuch in Essen im November, unter dem Oberthema \u201eDemokratie\u201c. Beim Besuch in Essen wurden durch Workshops von \u201eUnderstanding Europe\u201c und im Fu\u00dfballmuseum in Dortmund die Schwerpunkte Partizipation und Teilhabe in einer Demokratie gest\u00e4rkt. Diese Kenntnisse konnten nun auch bei dem Gegenbesuch an unserer norwegischen Partnerschule angewandt werden.\n<h4><strong>Projekte zur Demokratie: Lernen und Gestalten<\/strong><\/h4>\nW\u00e4hrend der Woche in Norwegen arbeiteten die Sch\u00fclerinnen und Sch\u00fcler gemeinsam an Projekten rund um das Thema Demokratie. Von \u201eMeilensteinen der Demokratie\u201c \u00fcber \u201eBedrohungen f\u00fcr die Demokratie\u201c bis hin zu kreativen Visionen einer demokratischen Zukunft wurden vielf\u00e4ltige Aspekte beleuchtet. Die Ergebnisse pr\u00e4sentierten die Gruppen in Form von Videos und Pr\u00e4sentationen, die nicht nur durch Inhalt, sondern auch durch kreative Gestaltung beeindruckten.\n<h4><strong>Kulturelle Highlights und gemeinsames Erleben<\/strong><\/h4>\nAm Dienstag besuchte die Gruppe, nach einer kurzen Begr\u00fc\u00dfung in der Schule durch die Schulleitung, das renommierte Nobel Peace Center in Oslo, das ihnen spannende Einblicke in die Geschichte und Bedeutung des Friedensnobelpreises sowie in weltweite Bem\u00fchungen f\u00fcr Demokratie und Frieden bot. Im Anschluss wurden in der renommierten Deichman Bibliothek im Herzen von Oslo erste Ideen zur Projektumsetzung gesammelt. Am Nachmittag wurde noch gemeinsam die norwegische Hauptstadt erkundet.\n\nAm Mittwoch wurde zun\u00e4chst der Unterricht besucht, um einen Eindruck des norwegischen Schulsystems zu erhalten. Im Anschluss wurde wieder an den Projekten gearbeitet. Am Nachmittag stand eine typisch norwegische Winteraktivit\u00e4t auf dem Programm: ein Langlauf-Workshop, der durch eine norwegische Sch\u00fclerin geleitet wurde. Hier konnten die Sch\u00fclerinnen und Sch\u00fcler nicht nur ihre sportlichen F\u00e4higkeiten testen, sondern auch beim Wintergrillen an der Loipe das nordische Lebensgef\u00fchl hautnah erleben.\n<h4><strong>Abschluss und Ausblick<\/strong><\/h4>\nDer Donnerstagmorgen begann mit einem Besuch in diversen Deutschkursen der Schule, um die Sch\u00fclerinnen und Sch\u00fclern der Partnerschule zu unterst\u00fctzen und kurze Konversationen mit ihnen zu f\u00fchren. Im Anschluss wurde noch einmal an den Projekten gearbeitet, bevor die abschlie\u00dfenden Pr\u00e4sentationen der Projekte stattfanden, bei denen die Ergebnisse mit gro\u00dfem Engagement und gegenseitigem Respekt vorgestellt wurden.\n\nNeben der inhaltlichen Arbeit w\u00e4hrend dieser Mobilit\u00e4t stand vor allem die Begegnung im Mittelpunkt: Unsere Sch\u00fclerinnen und Sch\u00fcler lebten in Gastfamilien und schlossen schnell Freundschaften, die \u00fcber den Austausch hinaus Bestand haben werden. Erste gemeinsame Besuche f\u00fcr die Sommerferien wurden bereits vereinbart.\n\nWir freuen uns sehr \u00fcber die vertrauensvolle Zusammenarbeit mit unserer Partnerschule Videreg\u00e5ende Skole Raelingen, die zu den ersten Schulen geh\u00f6rt, mit denen wir im Rahmen von Erasmus+ zusammenarbeiten. Der Austausch hat erneut gezeigt, wie bereichernd diese Begegnungen f\u00fcr alle Beteiligten sind \u2013 sowohl fachlich als auch pers\u00f6nlich. Wir freuen uns schon auf den n\u00e4chsten Besuch und auf weitere gemeinsame Projekte!\n\n&nbsp;\t\t\t\t\t\t\t\t<\/div>\n\t\t\t\t<\/div>\n\t\t\t\t<div class=\"elementor-element elementor-element-41ca1ae elementor-widget elementor-widget-gallery\" data-id=\"41ca1ae\" data-element_type=\"widget\" data-e-type=\"widget\" data-settings=\"{&quot;lazyload&quot;:&quot;yes&quot;,&quot;gallery_layout&quot;:&quot;grid&quot;,&quot;columns&quot;:4,&quot;columns_tablet&quot;:2,&quot;columns_mobile&quot;:1,&quot;gap&quot;:{&quot;unit&quot;:&quot;px&quot;,&quot;size&quot;:10,&quot;sizes&quot;:[]},&quot;gap_tablet&quot;:{&quot;unit&quot;:&quot;px&quot;,&quot;size&quot;:10,&quot;sizes&quot;:[]},&quot;gap_mobile&quot;:{&quot;unit&quot;:&quot;px&quot;,&quot;size&quot;:10,&quot;sizes&quot;:[]},&quot;link_to&quot;:&quot;file&quot;,&quot;aspect_ratio&quot;:&quot;3:2&quot;,&quot;overlay_background&quot;:&quot;yes&quot;,&quot;content_hover_animation&quot;:&quot;fade-in&quot;}\" data-widget_type=\"gallery.default\">\n\t\t\t\t<div class=\"elementor-widget-container\">\n\t\t\t\t\t\t\t<div class=\"elementor-gallery__container\">\n\t\t\t\t\t\t\t<a class=\"e-gallery-item elementor-gallery-item elementor-animated-content\" href=\"https:\/\/carl-humann.de\/wp-content\/uploads\/2025\/01\/image0-6.jpeg\" data-elementor-open-lightbox=\"yes\" data-elementor-lightbox-slideshow=\"41ca1ae\" data-elementor-lightbox-title=\"image0-6\" data-e-action-hash=\"#elementor-action%3Aaction%3Dlightbox%26settings%3DeyJpZCI6MTAwOTA4NywidXJsIjoiaHR0cHM6XC9cL2NhcmwtaHVtYW5uLmRlXC93cC1jb250ZW50XC91cGxvYWRzXC8yMDI1XC8wMVwvaW1hZ2UwLTYuanBlZyIsInNsaWRlc2hvdyI6IjQxY2ExYWUifQ%3D%3D\">\n\t\t\t\t\t<div class=\"e-gallery-image elementor-gallery-item__image\" data-thumbnail=\"https:\/\/carl-humann.de\/wp-content\/uploads\/2025\/01\/image0-6-225x300.jpeg\" data-width=\"225\" data-height=\"300\" aria-label=\"\" role=\"img\" ><\/div>\n\t\t\t\t\t\t\t\t\t\t\t<div class=\"elementor-gallery-item__overlay\"><\/div>\n\t\t\t\t\t\t\t\t\t\t\t\t\t\t<\/a>\n\t\t\t\t\t\t\t<a class=\"e-gallery-item elementor-gallery-item elementor-animated-content\" href=\"https:\/\/carl-humann.de\/wp-content\/uploads\/2025\/01\/image1-1-scaled.jpeg\" data-elementor-open-lightbox=\"yes\" data-elementor-lightbox-slideshow=\"41ca1ae\" data-elementor-lightbox-title=\"image1-1\" data-e-action-hash=\"#elementor-action%3Aaction%3Dlightbox%26settings%3DeyJpZCI6MTAwOTA4OSwidXJsIjoiaHR0cHM6XC9cL2NhcmwtaHVtYW5uLmRlXC93cC1jb250ZW50XC91cGxvYWRzXC8yMDI1XC8wMVwvaW1hZ2UxLTEtc2NhbGVkLmpwZWciLCJzbGlkZXNob3ciOiI0MWNhMWFlIn0%3D\">\n\t\t\t\t\t<div class=\"e-gallery-image elementor-gallery-item__image\" data-thumbnail=\"https:\/\/carl-humann.de\/wp-content\/uploads\/2025\/01\/image1-1-300x225.jpeg\" data-width=\"300\" data-height=\"225\" aria-label=\"\" role=\"img\" ><\/div>\n\t\t\t\t\t\t\t\t\t\t\t<div class=\"elementor-gallery-item__overlay\"><\/div>\n\t\t\t\t\t\t\t\t\t\t\t\t\t\t<\/a>\n\t\t\t\t\t\t\t<a class=\"e-gallery-item elementor-gallery-item elementor-animated-content\" href=\"https:\/\/carl-humann.de\/wp-content\/uploads\/2025\/01\/image2-2-scaled.jpeg\" data-elementor-open-lightbox=\"yes\" data-elementor-lightbox-slideshow=\"41ca1ae\" data-elementor-lightbox-title=\"image2-2\" data-e-action-hash=\"#elementor-action%3Aaction%3Dlightbox%26settings%3DeyJpZCI6MTAwOTA5MSwidXJsIjoiaHR0cHM6XC9cL2NhcmwtaHVtYW5uLmRlXC93cC1jb250ZW50XC91cGxvYWRzXC8yMDI1XC8wMVwvaW1hZ2UyLTItc2NhbGVkLmpwZWciLCJzbGlkZXNob3ciOiI0MWNhMWFlIn0%3D\">\n\t\t\t\t\t<div class=\"e-gallery-image elementor-gallery-item__image\" data-thumbnail=\"https:\/\/carl-humann.de\/wp-content\/uploads\/2025\/01\/image2-2-300x225.jpeg\" data-width=\"300\" data-height=\"225\" aria-label=\"\" role=\"img\" ><\/div>\n\t\t\t\t\t\t\t\t\t\t\t<div class=\"elementor-gallery-item__overlay\"><\/div>\n\t\t\t\t\t\t\t\t\t\t\t\t\t\t<\/a>\n\t\t\t\t\t\t\t<a class=\"e-gallery-item elementor-gallery-item elementor-animated-content\" href=\"https:\/\/carl-humann.de\/wp-content\/uploads\/2025\/01\/image3-1-scaled.jpeg\" data-elementor-open-lightbox=\"yes\" data-elementor-lightbox-slideshow=\"41ca1ae\" data-elementor-lightbox-title=\"image3-1\" data-e-action-hash=\"#elementor-action%3Aaction%3Dlightbox%26settings%3DeyJpZCI6MTAwOTA5MywidXJsIjoiaHR0cHM6XC9cL2NhcmwtaHVtYW5uLmRlXC93cC1jb250ZW50XC91cGxvYWRzXC8yMDI1XC8wMVwvaW1hZ2UzLTEtc2NhbGVkLmpwZWciLCJzbGlkZXNob3ciOiI0MWNhMWFlIn0%3D\">\n\t\t\t\t\t<div class=\"e-gallery-image elementor-gallery-item__image\" data-thumbnail=\"https:\/\/carl-humann.de\/wp-content\/uploads\/2025\/01\/image3-1-225x300.jpeg\" data-width=\"225\" data-height=\"300\" aria-label=\"\" role=\"img\" ><\/div>\n\t\t\t\t\t\t\t\t\t\t\t<div class=\"elementor-gallery-item__overlay\"><\/div>\n\t\t\t\t\t\t\t\t\t\t\t\t\t\t<\/a>\n\t\t\t\t\t\t\t<a class=\"e-gallery-item elementor-gallery-item elementor-animated-content\" href=\"https:\/\/carl-humann.de\/wp-content\/uploads\/2025\/01\/image4-1.jpeg\" data-elementor-open-lightbox=\"yes\" data-elementor-lightbox-slideshow=\"41ca1ae\" data-elementor-lightbox-title=\"image4-1\" data-e-action-hash=\"#elementor-action%3Aaction%3Dlightbox%26settings%3DeyJpZCI6MTAwOTA5NSwidXJsIjoiaHR0cHM6XC9cL2NhcmwtaHVtYW5uLmRlXC93cC1jb250ZW50XC91cGxvYWRzXC8yMDI1XC8wMVwvaW1hZ2U0LTEuanBlZyIsInNsaWRlc2hvdyI6IjQxY2ExYWUifQ%3D%3D\">\n\t\t\t\t\t<div class=\"e-gallery-image elementor-gallery-item__image\" data-thumbnail=\"https:\/\/carl-humann.de\/wp-content\/uploads\/2025\/01\/image4-1-225x300.jpeg\" data-width=\"225\" data-height=\"300\" aria-label=\"\" role=\"img\" ><\/div>\n\t\t\t\t\t\t\t\t\t\t\t<div class=\"elementor-gallery-item__overlay\"><\/div>\n\t\t\t\t\t\t\t\t\t\t\t\t\t\t<\/a>\n\t\t\t\t\t\t\t<a class=\"e-gallery-item elementor-gallery-item elementor-animated-content\" href=\"https:\/\/carl-humann.de\/wp-content\/uploads\/2025\/01\/image5-3-scaled.jpeg\" data-elementor-open-lightbox=\"yes\" data-elementor-lightbox-slideshow=\"41ca1ae\" data-elementor-lightbox-title=\"image5-3\" data-e-action-hash=\"#elementor-action%3Aaction%3Dlightbox%26settings%3DeyJpZCI6MTAwOTA5NywidXJsIjoiaHR0cHM6XC9cL2NhcmwtaHVtYW5uLmRlXC93cC1jb250ZW50XC91cGxvYWRzXC8yMDI1XC8wMVwvaW1hZ2U1LTMtc2NhbGVkLmpwZWciLCJzbGlkZXNob3ciOiI0MWNhMWFlIn0%3D\">\n\t\t\t\t\t<div class=\"e-gallery-image elementor-gallery-item__image\" data-thumbnail=\"https:\/\/carl-humann.de\/wp-content\/uploads\/2025\/01\/image5-3-300x225.jpeg\" data-width=\"300\" data-height=\"225\" aria-label=\"\" role=\"img\" ><\/div>\n\t\t\t\t\t\t\t\t\t\t\t<div class=\"elementor-gallery-item__overlay\"><\/div>\n\t\t\t\t\t\t\t\t\t\t\t\t\t\t<\/a>\n\t\t\t\t\t\t\t<a class=\"e-gallery-item elementor-gallery-item elementor-animated-content\" href=\"https:\/\/carl-humann.de\/wp-content\/uploads\/2025\/01\/image6-3-scaled.jpeg\" data-elementor-open-lightbox=\"yes\" data-elementor-lightbox-slideshow=\"41ca1ae\" data-elementor-lightbox-title=\"image6-3\" data-e-action-hash=\"#elementor-action%3Aaction%3Dlightbox%26settings%3DeyJpZCI6MTAwOTA5OSwidXJsIjoiaHR0cHM6XC9cL2NhcmwtaHVtYW5uLmRlXC93cC1jb250ZW50XC91cGxvYWRzXC8yMDI1XC8wMVwvaW1hZ2U2LTMtc2NhbGVkLmpwZWciLCJzbGlkZXNob3ciOiI0MWNhMWFlIn0%3D\">\n\t\t\t\t\t<div class=\"e-gallery-image elementor-gallery-item__image\" data-thumbnail=\"https:\/\/carl-humann.de\/wp-content\/uploads\/2025\/01\/image6-3-300x225.jpeg\" data-width=\"300\" data-height=\"225\" aria-label=\"\" role=\"img\" ><\/div>\n\t\t\t\t\t\t\t\t\t\t\t<div class=\"elementor-gallery-item__overlay\"><\/div>\n\t\t\t\t\t\t\t\t\t\t\t\t\t\t<\/a>\n\t\t\t\t\t\t\t<a class=\"e-gallery-item elementor-gallery-item elementor-animated-content\" href=\"https:\/\/carl-humann.de\/wp-content\/uploads\/2025\/01\/image7-rotated.jpeg\" data-elementor-open-lightbox=\"yes\" data-elementor-lightbox-slideshow=\"41ca1ae\" data-elementor-lightbox-title=\"image7\" data-e-action-hash=\"#elementor-action%3Aaction%3Dlightbox%26settings%3DeyJpZCI6MTAwOTEwMSwidXJsIjoiaHR0cHM6XC9cL2NhcmwtaHVtYW5uLmRlXC93cC1jb250ZW50XC91cGxvYWRzXC8yMDI1XC8wMVwvaW1hZ2U3LXJvdGF0ZWQuanBlZyIsInNsaWRlc2hvdyI6IjQxY2ExYWUifQ%3D%3D\">\n\t\t\t\t\t<div class=\"e-gallery-image elementor-gallery-item__image\" data-thumbnail=\"https:\/\/carl-humann.de\/wp-content\/uploads\/2025\/01\/image7-225x300.jpeg\" data-width=\"225\" data-height=\"300\" aria-label=\"\" role=\"img\" ><\/div>\n\t\t\t\t\t\t\t\t\t\t\t<div class=\"elementor-gallery-item__overlay\"><\/div>\n\t\t\t\t\t\t\t\t\t\t\t\t\t\t<\/a>\n\t\t\t\t\t\t\t<a class=\"e-gallery-item elementor-gallery-item elementor-animated-content\" href=\"https:\/\/carl-humann.de\/wp-content\/uploads\/2025\/01\/image8-scaled.jpeg\" data-elementor-open-lightbox=\"yes\" data-elementor-lightbox-slideshow=\"41ca1ae\" data-elementor-lightbox-title=\"image8\" data-e-action-hash=\"#elementor-action%3Aaction%3Dlightbox%26settings%3DeyJpZCI6MTAwOTEwMywidXJsIjoiaHR0cHM6XC9cL2NhcmwtaHVtYW5uLmRlXC93cC1jb250ZW50XC91cGxvYWRzXC8yMDI1XC8wMVwvaW1hZ2U4LXNjYWxlZC5qcGVnIiwic2xpZGVzaG93IjoiNDFjYTFhZSJ9\">\n\t\t\t\t\t<div class=\"e-gallery-image elementor-gallery-item__image\" data-thumbnail=\"https:\/\/carl-humann.de\/wp-content\/uploads\/2025\/01\/image8-300x225.jpeg\" data-width=\"300\" data-height=\"225\" aria-label=\"\" role=\"img\" ><\/div>\n\t\t\t\t\t\t\t\t\t\t\t<div class=\"elementor-gallery-item__overlay\"><\/div>\n\t\t\t\t\t\t\t\t\t\t\t\t\t\t<\/a>\n\t\t\t\t\t\t\t<a class=\"e-gallery-item elementor-gallery-item elementor-animated-content\" href=\"https:\/\/carl-humann.de\/wp-content\/uploads\/2025\/01\/image9-rotated.jpeg\" data-elementor-open-lightbox=\"yes\" data-elementor-lightbox-slideshow=\"41ca1ae\" data-elementor-lightbox-title=\"image9\" data-e-action-hash=\"#elementor-action%3Aaction%3Dlightbox%26settings%3DeyJpZCI6MTAwOTEwNSwidXJsIjoiaHR0cHM6XC9cL2NhcmwtaHVtYW5uLmRlXC93cC1jb250ZW50XC91cGxvYWRzXC8yMDI1XC8wMVwvaW1hZ2U5LXJvdGF0ZWQuanBlZyIsInNsaWRlc2hvdyI6IjQxY2ExYWUifQ%3D%3D\">\n\t\t\t\t\t<div class=\"e-gallery-image elementor-gallery-item__image\" data-thumbnail=\"https:\/\/carl-humann.de\/wp-content\/uploads\/2025\/01\/image9-225x300.jpeg\" data-width=\"225\" data-height=\"300\" aria-label=\"\" role=\"img\" ><\/div>\n\t\t\t\t\t\t\t\t\t\t\t<div class=\"elementor-gallery-item__overlay\"><\/div>\n\t\t\t\t\t\t\t\t\t\t\t\t\t\t<\/a>\n\t\t\t\t\t\t\t<a class=\"e-gallery-item elementor-gallery-item elementor-animated-content\" href=\"https:\/\/carl-humann.de\/wp-content\/uploads\/2025\/01\/image10-scaled.jpeg\" data-elementor-open-lightbox=\"yes\" data-elementor-lightbox-slideshow=\"41ca1ae\" data-elementor-lightbox-title=\"image10\" data-e-action-hash=\"#elementor-action%3Aaction%3Dlightbox%26settings%3DeyJpZCI6MTAwOTEwNywidXJsIjoiaHR0cHM6XC9cL2NhcmwtaHVtYW5uLmRlXC93cC1jb250ZW50XC91cGxvYWRzXC8yMDI1XC8wMVwvaW1hZ2UxMC1zY2FsZWQuanBlZyIsInNsaWRlc2hvdyI6IjQxY2ExYWUifQ%3D%3D\">\n\t\t\t\t\t<div class=\"e-gallery-image elementor-gallery-item__image\" data-thumbnail=\"https:\/\/carl-humann.de\/wp-content\/uploads\/2025\/01\/image10-225x300.jpeg\" data-width=\"225\" data-height=\"300\" aria-label=\"\" role=\"img\" ><\/div>\n\t\t\t\t\t\t\t\t\t\t\t<div class=\"elementor-gallery-item__overlay\"><\/div>\n\t\t\t\t\t\t\t\t\t\t\t\t\t\t<\/a>\n\t\t\t\t\t<\/div>\n\t\t\t\t\t<\/div>\n\t\t\t\t<\/div>\n\t\t\t\t<div class=\"elementor-element elementor-element-635dfa6 elementor-widget elementor-widget-video\" data-id=\"635dfa6\" data-element_type=\"widget\" data-e-type=\"widget\" data-settings=\"{&quot;video_type&quot;:&quot;hosted&quot;,&quot;controls&quot;:&quot;yes&quot;}\" data-widget_type=\"video.default\">\n\t\t\t\t<div class=\"elementor-widget-container\">\n\t\t\t\t\t\t\t<div class=\"e-hosted-video elementor-wrapper elementor-open-inline\">\n\t\t\t\t\t<video class=\"elementor-video\" src=\"https:\/\/carl-humann.de\/wp-content\/uploads\/2025\/01\/ErasmusNorwegen25.mp4\" controls=\"\" preload=\"metadata\" controlsList=\"nodownload\" poster=\"https:\/\/carl-humann.de\/wp-content\/uploads\/2025\/01\/klBildschirmfoto-2025-01-20-um-12.36.54-scaled.jpg\"><\/video>\n\t\t\t\t<\/div>\n\t\t\t\t\t\t<\/div>\n\t\t\t\t<\/div>\n\t\t\t\t<div class=\"elementor-element elementor-element-3a70ea0 elementor-widget elementor-widget-image\" data-id=\"3a70ea0\" data-element_type=\"widget\" data-e-type=\"widget\" data-widget_type=\"image.default\">\n\t\t\t\t<div class=\"elementor-widget-container\">\n\t\t\t\t\t\t\t\t\t<div class=\"elementor-image\">\n\t\t\t\t\t\t\t\t\t\t\t\t\t\t\t\t\t\t\t\t\t<img fetchpriority=\"high\" decoding=\"async\" width=\"1024\" height=\"351\" src=\"https:\/\/carl-humann.de\/wp-content\/uploads\/2024\/05\/IMG_1845-1024x351.png\" class=\"attachment-large size-large wp-image-1006270\" alt=\"\" srcset=\"https:\/\/carl-humann.de\/wp-content\/uploads\/2024\/05\/IMG_1845-1024x351.png 1024w, https:\/\/carl-humann.de\/wp-content\/uploads\/2024\/05\/IMG_1845-300x103.png 300w, https:\/\/carl-humann.de\/wp-content\/uploads\/2024\/05\/IMG_1845-768x263.png 768w, https:\/\/carl-humann.de\/wp-content\/uploads\/2024\/05\/IMG_1845-1536x526.png 1536w, https:\/\/carl-humann.de\/wp-content\/uploads\/2024\/05\/IMG_1845-2048x702.png 2048w\" sizes=\"(max-width: 1024px) 100vw, 1024px\" \/>\t\t\t\t\t\t\t\t\t\t\t\t\t\t\t\t\t\t\t\t\t\t\t\t<\/div>\n\t\t\t\t\t\t\t\t<\/div>\n\t\t\t\t<\/div>\n\t\t\t\t<div class=\"elementor-element elementor-element-2d0ca1a elementor-widget elementor-widget-image\" data-id=\"2d0ca1a\" data-element_type=\"widget\" data-e-type=\"widget\" data-widget_type=\"image.default\">\n\t\t\t\t<div class=\"elementor-widget-container\">\n\t\t\t\t\t\t\t\t\t<div class=\"elementor-image\">\n\t\t\t\t\t\t\t\t\t\t\t\t\t\t\t\t\t\t\t\t\t<img decoding=\"async\" width=\"1024\" height=\"215\" src=\"https:\/\/carl-humann.de\/wp-content\/uploads\/2024\/05\/IMG_1837-1024x215.png\" class=\"attachment-large size-large wp-image-1006268\" alt=\"\" srcset=\"https:\/\/carl-humann.de\/wp-content\/uploads\/2024\/05\/IMG_1837-1024x215.png 1024w, https:\/\/carl-humann.de\/wp-content\/uploads\/2024\/05\/IMG_1837-300x63.png 300w, https:\/\/carl-humann.de\/wp-content\/uploads\/2024\/05\/IMG_1837-768x161.png 768w, https:\/\/carl-humann.de\/wp-content\/uploads\/2024\/05\/IMG_1837-1536x322.png 1536w, https:\/\/carl-humann.de\/wp-content\/uploads\/2024\/05\/IMG_1837-2048x430.png 2048w\" sizes=\"(max-width: 1024px) 100vw, 1024px\" \/>\t\t\t\t\t\t\t\t\t\t\t\t\t\t\t\t\t\t\t\t\t\t\t\t<\/div>\n\t\t\t\t\t\t\t\t<\/div>\n\t\t\t\t<\/div>\n\t\t\t\t\t<\/div>\n\t\t<\/div>\n\t\t\t\t\t<\/div>\n\t\t<\/section>\n\t\t\t\t<\/div>\n\t\t","protected":false},"excerpt":{"rendered":"<p>Vom 13. bis 17. Januar 2025 hatten neun Sch\u00fclerinnen und Sch\u00fcler des Carl-Humann-Gymnasiums die Gelegenheit, an einem spannenden Austausch mit unserer Partnerschule Videreg\u00e5ende Skole Raelingen in Norwegen teilzunehmen. Nachdem uns die norwegische Gruppe bereits im November besucht hat, fand nun der Gegenbesuch statt. Der Aufenthalt stand, wie auch schon beim Besuch in Essen im November,&#8230;<\/p>\n","protected":false},"author":5,"featured_media":1009092,"comment_status":"closed","ping_status":"closed","sticky":false,"template":"","format":"standard","meta":{"inline_featured_image":false,"footnotes":""},"categories":[144],"tags":[],"class_list":["post-1009120","post","type-post","status-publish","format-standard","has-post-thumbnail","hentry","category-erasmus-en"],"yoast_head":"<!-- This site is optimized with the Yoast SEO plugin v27.4 - https:\/\/yoast.com\/product\/yoast-seo-wordpress\/ -->\n<title>ERASMUS+: Winterliche Woche mit unserer Partnerschule in Norwegen - Carl-Humann-Gymnasium Essen<\/title>\n<meta name=\"robots\" content=\"index, follow, max-snippet:-1, max-image-preview:large, max-video-preview:-1\" \/>\n<link rel=\"canonical\" href=\"https:\/\/carl-humann.de\/en\/erasmus-winterliche-woche-mit-unserer-partnerschule-in-norwegen\/\" \/>\n<meta property=\"og:locale\" content=\"en_US\" \/>\n<meta property=\"og:type\" content=\"article\" \/>\n<meta property=\"og:title\" content=\"ERASMUS+: Winterliche Woche mit unserer Partnerschule in Norwegen - Carl-Humann-Gymnasium Essen\" \/>\n<meta property=\"og:description\" content=\"Vom 13. bis 17. Januar 2025 hatten neun Sch\u00fclerinnen und Sch\u00fcler des Carl-Humann-Gymnasiums die Gelegenheit, an einem spannenden Austausch mit unserer Partnerschule Videreg\u00e5ende Skole Raelingen in Norwegen teilzunehmen. Nachdem uns die norwegische Gruppe bereits im November besucht hat, fand nun der Gegenbesuch statt. Der Aufenthalt stand, wie auch schon beim Besuch in Essen im November,...\" \/>\n<meta property=\"og:url\" content=\"https:\/\/carl-humann.de\/en\/erasmus-winterliche-woche-mit-unserer-partnerschule-in-norwegen\/\" \/>\n<meta property=\"og:site_name\" content=\"Carl-Humann-Gymnasium Essen\" \/>\n<meta property=\"article:published_time\" content=\"2025-01-20T11:39:33+00:00\" \/>\n<meta property=\"og:image\" content=\"https:\/\/carl-humann.de\/wp-content\/uploads\/2024\/05\/IMG_1845-1024x351.png\" \/>\n<meta name=\"author\" content=\"Max Baukrowitz\" \/>\n<meta name=\"twitter:card\" content=\"summary_large_image\" \/>\n<meta name=\"twitter:label1\" content=\"Written by\" \/>\n\t<meta name=\"twitter:data1\" content=\"Max Baukrowitz\" \/>\n\t<meta name=\"twitter:label2\" content=\"Est. reading time\" \/>\n\t<meta name=\"twitter:data2\" content=\"3 minutes\" \/>\n<script type=\"application\/ld+json\" class=\"yoast-schema-graph\">{\"@context\":\"https:\\\/\\\/schema.org\",\"@graph\":[{\"@type\":\"Article\",\"@id\":\"https:\\\/\\\/carl-humann.de\\\/en\\\/erasmus-winterliche-woche-mit-unserer-partnerschule-in-norwegen\\\/#article\",\"isPartOf\":{\"@id\":\"https:\\\/\\\/carl-humann.de\\\/en\\\/erasmus-winterliche-woche-mit-unserer-partnerschule-in-norwegen\\\/\"},\"author\":{\"name\":\"Max Baukrowitz\",\"@id\":\"https:\\\/\\\/carl-humann.de\\\/#\\\/schema\\\/person\\\/11e850f41ea9f13a02e91c11f24dfb74\"},\"headline\":\"ERASMUS+: Winterliche Woche mit unserer Partnerschule in Norwegen\",\"datePublished\":\"2025-01-20T11:39:33+00:00\",\"mainEntityOfPage\":{\"@id\":\"https:\\\/\\\/carl-humann.de\\\/en\\\/erasmus-winterliche-woche-mit-unserer-partnerschule-in-norwegen\\\/\"},\"wordCount\":513,\"publisher\":{\"@id\":\"https:\\\/\\\/carl-humann.de\\\/#organization\"},\"image\":{\"@id\":\"https:\\\/\\\/carl-humann.de\\\/en\\\/erasmus-winterliche-woche-mit-unserer-partnerschule-in-norwegen\\\/#primaryimage\"},\"thumbnailUrl\":\"https:\\\/\\\/carl-humann.de\\\/wp-content\\\/uploads\\\/2025\\\/01\\\/image2-2-scaled.jpeg\",\"articleSection\":[\"Erasmus\"],\"inLanguage\":\"en-US\"},{\"@type\":\"WebPage\",\"@id\":\"https:\\\/\\\/carl-humann.de\\\/en\\\/erasmus-winterliche-woche-mit-unserer-partnerschule-in-norwegen\\\/\",\"url\":\"https:\\\/\\\/carl-humann.de\\\/en\\\/erasmus-winterliche-woche-mit-unserer-partnerschule-in-norwegen\\\/\",\"name\":\"ERASMUS+: Winterliche Woche mit unserer Partnerschule in Norwegen - Carl-Humann-Gymnasium Essen\",\"isPartOf\":{\"@id\":\"https:\\\/\\\/carl-humann.de\\\/#website\"},\"primaryImageOfPage\":{\"@id\":\"https:\\\/\\\/carl-humann.de\\\/en\\\/erasmus-winterliche-woche-mit-unserer-partnerschule-in-norwegen\\\/#primaryimage\"},\"image\":{\"@id\":\"https:\\\/\\\/carl-humann.de\\\/en\\\/erasmus-winterliche-woche-mit-unserer-partnerschule-in-norwegen\\\/#primaryimage\"},\"thumbnailUrl\":\"https:\\\/\\\/carl-humann.de\\\/wp-content\\\/uploads\\\/2025\\\/01\\\/image2-2-scaled.jpeg\",\"datePublished\":\"2025-01-20T11:39:33+00:00\",\"breadcrumb\":{\"@id\":\"https:\\\/\\\/carl-humann.de\\\/en\\\/erasmus-winterliche-woche-mit-unserer-partnerschule-in-norwegen\\\/#breadcrumb\"},\"inLanguage\":\"en-US\",\"potentialAction\":[{\"@type\":\"ReadAction\",\"target\":[\"https:\\\/\\\/carl-humann.de\\\/en\\\/erasmus-winterliche-woche-mit-unserer-partnerschule-in-norwegen\\\/\"]}]},{\"@type\":\"ImageObject\",\"inLanguage\":\"en-US\",\"@id\":\"https:\\\/\\\/carl-humann.de\\\/en\\\/erasmus-winterliche-woche-mit-unserer-partnerschule-in-norwegen\\\/#primaryimage\",\"url\":\"https:\\\/\\\/carl-humann.de\\\/wp-content\\\/uploads\\\/2025\\\/01\\\/image2-2-scaled.jpeg\",\"contentUrl\":\"https:\\\/\\\/carl-humann.de\\\/wp-content\\\/uploads\\\/2025\\\/01\\\/image2-2-scaled.jpeg\",\"width\":2560,\"height\":1920},{\"@type\":\"BreadcrumbList\",\"@id\":\"https:\\\/\\\/carl-humann.de\\\/en\\\/erasmus-winterliche-woche-mit-unserer-partnerschule-in-norwegen\\\/#breadcrumb\",\"itemListElement\":[{\"@type\":\"ListItem\",\"position\":1,\"name\":\"Startseite\",\"item\":\"https:\\\/\\\/carl-humann.de\\\/\"},{\"@type\":\"ListItem\",\"position\":2,\"name\":\"ERASMUS+: Winterliche Woche mit unserer Partnerschule in Norwegen\"}]},{\"@type\":\"WebSite\",\"@id\":\"https:\\\/\\\/carl-humann.de\\\/#website\",\"url\":\"https:\\\/\\\/carl-humann.de\\\/\",\"name\":\"Carl-Humann-Gymnasium Essen\",\"description\":\"\",\"publisher\":{\"@id\":\"https:\\\/\\\/carl-humann.de\\\/#organization\"},\"potentialAction\":[{\"@type\":\"SearchAction\",\"target\":{\"@type\":\"EntryPoint\",\"urlTemplate\":\"https:\\\/\\\/carl-humann.de\\\/?s={search_term_string}\"},\"query-input\":{\"@type\":\"PropertyValueSpecification\",\"valueRequired\":true,\"valueName\":\"search_term_string\"}}],\"inLanguage\":\"en-US\"},{\"@type\":\"Organization\",\"@id\":\"https:\\\/\\\/carl-humann.de\\\/#organization\",\"name\":\"Carl-Humann-Gymnasium Essen\",\"url\":\"https:\\\/\\\/carl-humann.de\\\/\",\"logo\":{\"@type\":\"ImageObject\",\"inLanguage\":\"en-US\",\"@id\":\"https:\\\/\\\/carl-humann.de\\\/#\\\/schema\\\/logo\\\/image\\\/\",\"url\":\"https:\\\/\\\/carl-humann.de\\\/wp-content\\\/uploads\\\/2021\\\/09\\\/Logo_1c_222x85mm-1.png\",\"contentUrl\":\"https:\\\/\\\/carl-humann.de\\\/wp-content\\\/uploads\\\/2021\\\/09\\\/Logo_1c_222x85mm-1.png\",\"width\":2622,\"height\":1004,\"caption\":\"Carl-Humann-Gymnasium Essen\"},\"image\":{\"@id\":\"https:\\\/\\\/carl-humann.de\\\/#\\\/schema\\\/logo\\\/image\\\/\"}},{\"@type\":\"Person\",\"@id\":\"https:\\\/\\\/carl-humann.de\\\/#\\\/schema\\\/person\\\/11e850f41ea9f13a02e91c11f24dfb74\",\"name\":\"Max Baukrowitz\",\"url\":\"https:\\\/\\\/carl-humann.de\\\/en\\\/author\\\/max-baukrowitz\\\/\"}]}<\/script>\n<!-- \/ Yoast SEO plugin. -->","yoast_head_json":{"title":"ERASMUS+: Winterliche Woche mit unserer Partnerschule in Norwegen - Carl-Humann-Gymnasium Essen","robots":{"index":"index","follow":"follow","max-snippet":"max-snippet:-1","max-image-preview":"max-image-preview:large","max-video-preview":"max-video-preview:-1"},"canonical":"https:\/\/carl-humann.de\/en\/erasmus-winterliche-woche-mit-unserer-partnerschule-in-norwegen\/","og_locale":"en_US","og_type":"article","og_title":"ERASMUS+: Winterliche Woche mit unserer Partnerschule in Norwegen - Carl-Humann-Gymnasium Essen","og_description":"Vom 13. bis 17. Januar 2025 hatten neun Sch\u00fclerinnen und Sch\u00fcler des Carl-Humann-Gymnasiums die Gelegenheit, an einem spannenden Austausch mit unserer Partnerschule Videreg\u00e5ende Skole Raelingen in Norwegen teilzunehmen. Nachdem uns die norwegische Gruppe bereits im November besucht hat, fand nun der Gegenbesuch statt. Der Aufenthalt stand, wie auch schon beim Besuch in Essen im November,...","og_url":"https:\/\/carl-humann.de\/en\/erasmus-winterliche-woche-mit-unserer-partnerschule-in-norwegen\/","og_site_name":"Carl-Humann-Gymnasium Essen","article_published_time":"2025-01-20T11:39:33+00:00","og_image":[{"url":"https:\/\/carl-humann.de\/wp-content\/uploads\/2024\/05\/IMG_1845-1024x351.png","type":"","width":"","height":""}],"author":"Max Baukrowitz","twitter_card":"summary_large_image","twitter_misc":{"Written by":"Max Baukrowitz","Est. reading time":"3 minutes"},"schema":{"@context":"https:\/\/schema.org","@graph":[{"@type":"Article","@id":"https:\/\/carl-humann.de\/en\/erasmus-winterliche-woche-mit-unserer-partnerschule-in-norwegen\/#article","isPartOf":{"@id":"https:\/\/carl-humann.de\/en\/erasmus-winterliche-woche-mit-unserer-partnerschule-in-norwegen\/"},"author":{"name":"Max Baukrowitz","@id":"https:\/\/carl-humann.de\/#\/schema\/person\/11e850f41ea9f13a02e91c11f24dfb74"},"headline":"ERASMUS+: Winterliche Woche mit unserer Partnerschule in Norwegen","datePublished":"2025-01-20T11:39:33+00:00","mainEntityOfPage":{"@id":"https:\/\/carl-humann.de\/en\/erasmus-winterliche-woche-mit-unserer-partnerschule-in-norwegen\/"},"wordCount":513,"publisher":{"@id":"https:\/\/carl-humann.de\/#organization"},"image":{"@id":"https:\/\/carl-humann.de\/en\/erasmus-winterliche-woche-mit-unserer-partnerschule-in-norwegen\/#primaryimage"},"thumbnailUrl":"https:\/\/carl-humann.de\/wp-content\/uploads\/2025\/01\/image2-2-scaled.jpeg","articleSection":["Erasmus"],"inLanguage":"en-US"},{"@type":"WebPage","@id":"https:\/\/carl-humann.de\/en\/erasmus-winterliche-woche-mit-unserer-partnerschule-in-norwegen\/","url":"https:\/\/carl-humann.de\/en\/erasmus-winterliche-woche-mit-unserer-partnerschule-in-norwegen\/","name":"ERASMUS+: Winterliche Woche mit unserer Partnerschule in Norwegen - Carl-Humann-Gymnasium Essen","isPartOf":{"@id":"https:\/\/carl-humann.de\/#website"},"primaryImageOfPage":{"@id":"https:\/\/carl-humann.de\/en\/erasmus-winterliche-woche-mit-unserer-partnerschule-in-norwegen\/#primaryimage"},"image":{"@id":"https:\/\/carl-humann.de\/en\/erasmus-winterliche-woche-mit-unserer-partnerschule-in-norwegen\/#primaryimage"},"thumbnailUrl":"https:\/\/carl-humann.de\/wp-content\/uploads\/2025\/01\/image2-2-scaled.jpeg","datePublished":"2025-01-20T11:39:33+00:00","breadcrumb":{"@id":"https:\/\/carl-humann.de\/en\/erasmus-winterliche-woche-mit-unserer-partnerschule-in-norwegen\/#breadcrumb"},"inLanguage":"en-US","potentialAction":[{"@type":"ReadAction","target":["https:\/\/carl-humann.de\/en\/erasmus-winterliche-woche-mit-unserer-partnerschule-in-norwegen\/"]}]},{"@type":"ImageObject","inLanguage":"en-US","@id":"https:\/\/carl-humann.de\/en\/erasmus-winterliche-woche-mit-unserer-partnerschule-in-norwegen\/#primaryimage","url":"https:\/\/carl-humann.de\/wp-content\/uploads\/2025\/01\/image2-2-scaled.jpeg","contentUrl":"https:\/\/carl-humann.de\/wp-content\/uploads\/2025\/01\/image2-2-scaled.jpeg","width":2560,"height":1920},{"@type":"BreadcrumbList","@id":"https:\/\/carl-humann.de\/en\/erasmus-winterliche-woche-mit-unserer-partnerschule-in-norwegen\/#breadcrumb","itemListElement":[{"@type":"ListItem","position":1,"name":"Startseite","item":"https:\/\/carl-humann.de\/"},{"@type":"ListItem","position":2,"name":"ERASMUS+: Winterliche Woche mit unserer Partnerschule in Norwegen"}]},{"@type":"WebSite","@id":"https:\/\/carl-humann.de\/#website","url":"https:\/\/carl-humann.de\/","name":"Carl-Humann-Gymnasium Essen","description":"","publisher":{"@id":"https:\/\/carl-humann.de\/#organization"},"potentialAction":[{"@type":"SearchAction","target":{"@type":"EntryPoint","urlTemplate":"https:\/\/carl-humann.de\/?s={search_term_string}"},"query-input":{"@type":"PropertyValueSpecification","valueRequired":true,"valueName":"search_term_string"}}],"inLanguage":"en-US"},{"@type":"Organization","@id":"https:\/\/carl-humann.de\/#organization","name":"Carl-Humann-Gymnasium Essen","url":"https:\/\/carl-humann.de\/","logo":{"@type":"ImageObject","inLanguage":"en-US","@id":"https:\/\/carl-humann.de\/#\/schema\/logo\/image\/","url":"https:\/\/carl-humann.de\/wp-content\/uploads\/2021\/09\/Logo_1c_222x85mm-1.png","contentUrl":"https:\/\/carl-humann.de\/wp-content\/uploads\/2021\/09\/Logo_1c_222x85mm-1.png","width":2622,"height":1004,"caption":"Carl-Humann-Gymnasium Essen"},"image":{"@id":"https:\/\/carl-humann.de\/#\/schema\/logo\/image\/"}},{"@type":"Person","@id":"https:\/\/carl-humann.de\/#\/schema\/person\/11e850f41ea9f13a02e91c11f24dfb74","name":"Max Baukrowitz","url":"https:\/\/carl-humann.de\/en\/author\/max-baukrowitz\/"}]}},"_links":{"self":[{"href":"https:\/\/carl-humann.de\/en\/wp-json\/wp\/v2\/posts\/1009120","targetHints":{"allow":["GET"]}}],"collection":[{"href":"https:\/\/carl-humann.de\/en\/wp-json\/wp\/v2\/posts"}],"about":[{"href":"https:\/\/carl-humann.de\/en\/wp-json\/wp\/v2\/types\/post"}],"author":[{"embeddable":true,"href":"https:\/\/carl-humann.de\/en\/wp-json\/wp\/v2\/users\/5"}],"replies":[{"embeddable":true,"href":"https:\/\/carl-humann.de\/en\/wp-json\/wp\/v2\/comments?post=1009120"}],"version-history":[{"count":0,"href":"https:\/\/carl-humann.de\/en\/wp-json\/wp\/v2\/posts\/1009120\/revisions"}],"wp:featuredmedia":[{"embeddable":true,"href":"https:\/\/carl-humann.de\/en\/wp-json\/wp\/v2\/media\/1009092"}],"wp:attachment":[{"href":"https:\/\/carl-humann.de\/en\/wp-json\/wp\/v2\/media?parent=1009120"}],"wp:term":[{"taxonomy":"category","embeddable":true,"href":"https:\/\/carl-humann.de\/en\/wp-json\/wp\/v2\/categories?post=1009120"},{"taxonomy":"post_tag","embeddable":true,"href":"https:\/\/carl-humann.de\/en\/wp-json\/wp\/v2\/tags?post=1009120"}],"curies":[{"name":"wp","href":"https:\/\/api.w.org\/{rel}","templated":true}]}}