{"id":1008240,"date":"2024-11-15T17:34:23","date_gmt":"2024-11-15T16:34:23","guid":{"rendered":"https:\/\/carl-humann.de\/vorlesen-schafft-zukunft-bundesweiter-vorlesetag-15-november\/"},"modified":"2024-11-15T17:35:21","modified_gmt":"2024-11-15T16:35:21","slug":"vorlesen-schafft-zukunft-bundesweiter-vorlesetag-15-november","status":"publish","type":"post","link":"https:\/\/carl-humann.de\/en\/vorlesen-schafft-zukunft-bundesweiter-vorlesetag-15-november\/","title":{"rendered":"Vorlesen schafft Zukunft \u2013 bundesweiter Vorlesetag 15. November"},"content":{"rendered":"\t\t<div data-elementor-type=\"wp-post\" data-elementor-id=\"1008240\" class=\"elementor elementor-1008240\" data-elementor-post-type=\"post\">\n\t\t\t\t\t\t<section class=\"elementor-section elementor-top-section elementor-element elementor-element-2faa8fdb elementor-section-boxed elementor-section-height-default elementor-section-height-default\" data-id=\"2faa8fdb\" data-element_type=\"section\" data-e-type=\"section\">\n\t\t\t\t\t\t<div class=\"elementor-container elementor-column-gap-default\">\n\t\t\t\t\t<div class=\"elementor-column elementor-col-100 elementor-top-column elementor-element elementor-element-6661c43a\" data-id=\"6661c43a\" data-element_type=\"column\" data-e-type=\"column\">\n\t\t\t<div class=\"elementor-widget-wrap elementor-element-populated\">\n\t\t\t\t\t\t<div class=\"elementor-element elementor-element-6f9007f7 elementor-widget elementor-widget-text-editor\" data-id=\"6f9007f7\" data-element_type=\"widget\" data-e-type=\"widget\" data-widget_type=\"text-editor.default\">\n\t\t\t\t<div class=\"elementor-widget-container\">\n\t\t\t\t\t\t\t\t\t<p style=\"font-weight: 400;\">Am 15. November fand der Bundesweite Vorlesetag statt, eine Initiative von Die Zeit, Stiftung Lesen und Deutsche Bahn Stiftung. \u201eVorlesen st\u00e4rkt das Einf\u00fchlungsverm\u00f6gen, l\u00e4sst in andere Lebenswelten blicken, regt die Fantasie an oder f\u00f6rdert auch den Umgang mit anderen.\u201c So hei\u00dft es im Werbetext der Initiative. Was lag da n\u00e4her, als mit Sch\u00fclerinnen Senioren vorzulesen?<\/p>\n<p style=\"font-weight: 400;\">Acht Sch\u00fclerinnen der Klasse 6b besuchten die Kurzzeit- und die Tagespflege der F\u00fcrstin-Franziska-Christine-Stiftung und lasen vor. In beiden Einrichtungen sa\u00dfen Seniorinnen und Senioren erwartungsvoll im Kreis und hie\u00dfen die Kinder willkommen. Diese hatten verschiedene Geschichten ausgesucht und das Vorlesen einge\u00fcbt; so kam \u201eDer kleine Lord\u201c zum Vortrag, \u201eDer B\u00fccherfresser\u201c, das M\u00e4rchen vom gl\u00fccklichen Menschen, aber auch die Mutmachgeschichte von der kleinen Spinne Widerlich. Die Zuh\u00f6rer applaudierten jedesmal und kamen \u00fcber das Geh\u00f6rte ins Gespr\u00e4ch: Welcher Mensch ist eigentlich gl\u00fccklich, braucht man dazu Reichtum und Besitz? Wodurch wurde der alte griesgr\u00e4mige Egoist zum Wohlt\u00e4ter? Warum haben die Menschen Angst vor Spinnen; haben wir nicht immer nur Angst vor dem, was wir nicht kennen? Und welch ein gro\u00dfer Schatz sind f\u00fcr uns alle B\u00fccher? Da kam die Sprache auch auf Poesiealben, an die viele Seniorinnen sich erinnern, die die Sch\u00fclerinnen aber gar nicht kannten, und es wurden Glanzbilder zur Anschauung hervorgeholt. Alles, was vorgelesen wurde, regte zum Nachdenken und Nachf\u00fchlen an.<\/p>\n<p style=\"font-weight: 400;\">Zwischen den einzelnen Vortr\u00e4gen sorgten die Sch\u00fclerinnen f\u00fcr auflockernde Programmpunkte. Ein M\u00e4dchen spiele Fl\u00f6tenst\u00fccke und alle zusammen f\u00fchrten einen Tanz zu englisch-koreanischer Musik auf. Beides wurde von den Senioren sehr bestaunt. Am Ende gab es ein s\u00fc\u00dfes Dankesch\u00f6n, viel Applaus und den Wunsch, die Aktion zu wiederholen.<\/p>\t\t\t\t\t\t\t\t<\/div>\n\t\t\t\t<\/div>\n\t\t\t\t<div class=\"elementor-element elementor-element-d19407e elementor-widget elementor-widget-gallery\" data-id=\"d19407e\" data-element_type=\"widget\" data-e-type=\"widget\" data-settings=\"{&quot;lazyload&quot;:&quot;yes&quot;,&quot;gallery_layout&quot;:&quot;grid&quot;,&quot;columns&quot;:4,&quot;columns_tablet&quot;:2,&quot;columns_mobile&quot;:1,&quot;gap&quot;:{&quot;unit&quot;:&quot;px&quot;,&quot;size&quot;:10,&quot;sizes&quot;:[]},&quot;gap_tablet&quot;:{&quot;unit&quot;:&quot;px&quot;,&quot;size&quot;:10,&quot;sizes&quot;:[]},&quot;gap_mobile&quot;:{&quot;unit&quot;:&quot;px&quot;,&quot;size&quot;:10,&quot;sizes&quot;:[]},&quot;link_to&quot;:&quot;file&quot;,&quot;aspect_ratio&quot;:&quot;3:2&quot;,&quot;overlay_background&quot;:&quot;yes&quot;,&quot;content_hover_animation&quot;:&quot;fade-in&quot;}\" data-widget_type=\"gallery.default\">\n\t\t\t\t<div class=\"elementor-widget-container\">\n\t\t\t\t\t\t\t<div class=\"elementor-gallery__container\">\n\t\t\t\t\t\t\t<a class=\"e-gallery-item elementor-gallery-item elementor-animated-content\" href=\"https:\/\/carl-humann.de\/wp-content\/uploads\/2024\/11\/P1110129.jpg\" data-elementor-open-lightbox=\"yes\" data-elementor-lightbox-slideshow=\"d19407e\" data-elementor-lightbox-title=\"P1110129\" data-e-action-hash=\"#elementor-action%3Aaction%3Dlightbox%26settings%3DeyJpZCI6MTAwODIxNCwidXJsIjoiaHR0cHM6XC9cL2NhcmwtaHVtYW5uLmRlXC93cC1jb250ZW50XC91cGxvYWRzXC8yMDI0XC8xMVwvUDExMTAxMjkuanBnIiwic2xpZGVzaG93IjoiZDE5NDA3ZSJ9\">\n\t\t\t\t\t<div class=\"e-gallery-image elementor-gallery-item__image\" data-thumbnail=\"https:\/\/carl-humann.de\/wp-content\/uploads\/2024\/11\/P1110129-300x225.jpg\" data-width=\"300\" data-height=\"225\" aria-label=\"\" role=\"img\" ><\/div>\n\t\t\t\t\t\t\t\t\t\t\t<div class=\"elementor-gallery-item__overlay\"><\/div>\n\t\t\t\t\t\t\t\t\t\t\t\t\t\t<\/a>\n\t\t\t\t\t\t\t<a class=\"e-gallery-item elementor-gallery-item elementor-animated-content\" href=\"https:\/\/carl-humann.de\/wp-content\/uploads\/2024\/11\/P1110150.jpg\" data-elementor-open-lightbox=\"yes\" data-elementor-lightbox-slideshow=\"d19407e\" data-elementor-lightbox-title=\"P1110150\" data-e-action-hash=\"#elementor-action%3Aaction%3Dlightbox%26settings%3DeyJpZCI6MTAwODIzMCwidXJsIjoiaHR0cHM6XC9cL2NhcmwtaHVtYW5uLmRlXC93cC1jb250ZW50XC91cGxvYWRzXC8yMDI0XC8xMVwvUDExMTAxNTAuanBnIiwic2xpZGVzaG93IjoiZDE5NDA3ZSJ9\">\n\t\t\t\t\t<div class=\"e-gallery-image elementor-gallery-item__image\" data-thumbnail=\"https:\/\/carl-humann.de\/wp-content\/uploads\/2024\/11\/P1110150-300x239.jpg\" data-width=\"300\" data-height=\"239\" aria-label=\"\" role=\"img\" ><\/div>\n\t\t\t\t\t\t\t\t\t\t\t<div class=\"elementor-gallery-item__overlay\"><\/div>\n\t\t\t\t\t\t\t\t\t\t\t\t\t\t<\/a>\n\t\t\t\t\t\t\t<a class=\"e-gallery-item elementor-gallery-item elementor-animated-content\" href=\"https:\/\/carl-humann.de\/wp-content\/uploads\/2024\/11\/P1110143.jpg\" data-elementor-open-lightbox=\"yes\" data-elementor-lightbox-slideshow=\"d19407e\" data-elementor-lightbox-title=\"P1110143\" data-e-action-hash=\"#elementor-action%3Aaction%3Dlightbox%26settings%3DeyJpZCI6MTAwODIyOCwidXJsIjoiaHR0cHM6XC9cL2NhcmwtaHVtYW5uLmRlXC93cC1jb250ZW50XC91cGxvYWRzXC8yMDI0XC8xMVwvUDExMTAxNDMuanBnIiwic2xpZGVzaG93IjoiZDE5NDA3ZSJ9\">\n\t\t\t\t\t<div class=\"e-gallery-image elementor-gallery-item__image\" data-thumbnail=\"https:\/\/carl-humann.de\/wp-content\/uploads\/2024\/11\/P1110143-300x225.jpg\" data-width=\"300\" data-height=\"225\" aria-label=\"\" role=\"img\" ><\/div>\n\t\t\t\t\t\t\t\t\t\t\t<div class=\"elementor-gallery-item__overlay\"><\/div>\n\t\t\t\t\t\t\t\t\t\t\t\t\t\t<\/a>\n\t\t\t\t\t\t\t<a class=\"e-gallery-item elementor-gallery-item elementor-animated-content\" href=\"https:\/\/carl-humann.de\/wp-content\/uploads\/2024\/11\/P1110142.jpg\" data-elementor-open-lightbox=\"yes\" data-elementor-lightbox-slideshow=\"d19407e\" data-elementor-lightbox-title=\"P1110142\" data-e-action-hash=\"#elementor-action%3Aaction%3Dlightbox%26settings%3DeyJpZCI6MTAwODIyNiwidXJsIjoiaHR0cHM6XC9cL2NhcmwtaHVtYW5uLmRlXC93cC1jb250ZW50XC91cGxvYWRzXC8yMDI0XC8xMVwvUDExMTAxNDIuanBnIiwic2xpZGVzaG93IjoiZDE5NDA3ZSJ9\">\n\t\t\t\t\t<div class=\"e-gallery-image elementor-gallery-item__image\" data-thumbnail=\"https:\/\/carl-humann.de\/wp-content\/uploads\/2024\/11\/P1110142-300x225.jpg\" data-width=\"300\" data-height=\"225\" aria-label=\"\" role=\"img\" ><\/div>\n\t\t\t\t\t\t\t\t\t\t\t<div class=\"elementor-gallery-item__overlay\"><\/div>\n\t\t\t\t\t\t\t\t\t\t\t\t\t\t<\/a>\n\t\t\t\t\t\t\t<a class=\"e-gallery-item elementor-gallery-item elementor-animated-content\" href=\"https:\/\/carl-humann.de\/wp-content\/uploads\/2024\/11\/P1110140.jpg\" data-elementor-open-lightbox=\"yes\" data-elementor-lightbox-slideshow=\"d19407e\" data-elementor-lightbox-title=\"P1110140\" data-e-action-hash=\"#elementor-action%3Aaction%3Dlightbox%26settings%3DeyJpZCI6MTAwODIyNCwidXJsIjoiaHR0cHM6XC9cL2NhcmwtaHVtYW5uLmRlXC93cC1jb250ZW50XC91cGxvYWRzXC8yMDI0XC8xMVwvUDExMTAxNDAuanBnIiwic2xpZGVzaG93IjoiZDE5NDA3ZSJ9\">\n\t\t\t\t\t<div class=\"e-gallery-image elementor-gallery-item__image\" data-thumbnail=\"https:\/\/carl-humann.de\/wp-content\/uploads\/2024\/11\/P1110140-300x225.jpg\" data-width=\"300\" data-height=\"225\" aria-label=\"\" role=\"img\" ><\/div>\n\t\t\t\t\t\t\t\t\t\t\t<div class=\"elementor-gallery-item__overlay\"><\/div>\n\t\t\t\t\t\t\t\t\t\t\t\t\t\t<\/a>\n\t\t\t\t\t\t\t<a class=\"e-gallery-item elementor-gallery-item elementor-animated-content\" href=\"https:\/\/carl-humann.de\/wp-content\/uploads\/2024\/11\/P1110137.jpg\" data-elementor-open-lightbox=\"yes\" data-elementor-lightbox-slideshow=\"d19407e\" data-elementor-lightbox-title=\"P1110137\" data-e-action-hash=\"#elementor-action%3Aaction%3Dlightbox%26settings%3DeyJpZCI6MTAwODIyMiwidXJsIjoiaHR0cHM6XC9cL2NhcmwtaHVtYW5uLmRlXC93cC1jb250ZW50XC91cGxvYWRzXC8yMDI0XC8xMVwvUDExMTAxMzcuanBnIiwic2xpZGVzaG93IjoiZDE5NDA3ZSJ9\">\n\t\t\t\t\t<div class=\"e-gallery-image elementor-gallery-item__image\" data-thumbnail=\"https:\/\/carl-humann.de\/wp-content\/uploads\/2024\/11\/P1110137-300x225.jpg\" data-width=\"300\" data-height=\"225\" aria-label=\"\" role=\"img\" ><\/div>\n\t\t\t\t\t\t\t\t\t\t\t<div class=\"elementor-gallery-item__overlay\"><\/div>\n\t\t\t\t\t\t\t\t\t\t\t\t\t\t<\/a>\n\t\t\t\t\t\t\t<a class=\"e-gallery-item elementor-gallery-item elementor-animated-content\" href=\"https:\/\/carl-humann.de\/wp-content\/uploads\/2024\/11\/P1110136.jpg\" data-elementor-open-lightbox=\"yes\" data-elementor-lightbox-slideshow=\"d19407e\" data-elementor-lightbox-title=\"P1110136\" data-e-action-hash=\"#elementor-action%3Aaction%3Dlightbox%26settings%3DeyJpZCI6MTAwODIyMCwidXJsIjoiaHR0cHM6XC9cL2NhcmwtaHVtYW5uLmRlXC93cC1jb250ZW50XC91cGxvYWRzXC8yMDI0XC8xMVwvUDExMTAxMzYuanBnIiwic2xpZGVzaG93IjoiZDE5NDA3ZSJ9\">\n\t\t\t\t\t<div class=\"e-gallery-image elementor-gallery-item__image\" data-thumbnail=\"https:\/\/carl-humann.de\/wp-content\/uploads\/2024\/11\/P1110136-300x225.jpg\" data-width=\"300\" data-height=\"225\" aria-label=\"\" role=\"img\" ><\/div>\n\t\t\t\t\t\t\t\t\t\t\t<div class=\"elementor-gallery-item__overlay\"><\/div>\n\t\t\t\t\t\t\t\t\t\t\t\t\t\t<\/a>\n\t\t\t\t\t\t\t<a class=\"e-gallery-item elementor-gallery-item elementor-animated-content\" href=\"https:\/\/carl-humann.de\/wp-content\/uploads\/2024\/11\/P1110134.jpg\" data-elementor-open-lightbox=\"yes\" data-elementor-lightbox-slideshow=\"d19407e\" data-elementor-lightbox-title=\"P1110134\" data-e-action-hash=\"#elementor-action%3Aaction%3Dlightbox%26settings%3DeyJpZCI6MTAwODIxOCwidXJsIjoiaHR0cHM6XC9cL2NhcmwtaHVtYW5uLmRlXC93cC1jb250ZW50XC91cGxvYWRzXC8yMDI0XC8xMVwvUDExMTAxMzQuanBnIiwic2xpZGVzaG93IjoiZDE5NDA3ZSJ9\">\n\t\t\t\t\t<div class=\"e-gallery-image elementor-gallery-item__image\" data-thumbnail=\"https:\/\/carl-humann.de\/wp-content\/uploads\/2024\/11\/P1110134-300x225.jpg\" data-width=\"300\" data-height=\"225\" aria-label=\"\" role=\"img\" ><\/div>\n\t\t\t\t\t\t\t\t\t\t\t<div class=\"elementor-gallery-item__overlay\"><\/div>\n\t\t\t\t\t\t\t\t\t\t\t\t\t\t<\/a>\n\t\t\t\t\t\t\t<a class=\"e-gallery-item elementor-gallery-item elementor-animated-content\" href=\"https:\/\/carl-humann.de\/wp-content\/uploads\/2024\/11\/P1110133.jpg\" data-elementor-open-lightbox=\"yes\" data-elementor-lightbox-slideshow=\"d19407e\" data-elementor-lightbox-title=\"P1110133\" data-e-action-hash=\"#elementor-action%3Aaction%3Dlightbox%26settings%3DeyJpZCI6MTAwODIxNiwidXJsIjoiaHR0cHM6XC9cL2NhcmwtaHVtYW5uLmRlXC93cC1jb250ZW50XC91cGxvYWRzXC8yMDI0XC8xMVwvUDExMTAxMzMuanBnIiwic2xpZGVzaG93IjoiZDE5NDA3ZSJ9\">\n\t\t\t\t\t<div class=\"e-gallery-image elementor-gallery-item__image\" data-thumbnail=\"https:\/\/carl-humann.de\/wp-content\/uploads\/2024\/11\/P1110133-300x225.jpg\" data-width=\"300\" data-height=\"225\" aria-label=\"\" role=\"img\" ><\/div>\n\t\t\t\t\t\t\t\t\t\t\t<div class=\"elementor-gallery-item__overlay\"><\/div>\n\t\t\t\t\t\t\t\t\t\t\t\t\t\t<\/a>\n\t\t\t\t\t\t\t<a class=\"e-gallery-item elementor-gallery-item elementor-animated-content\" href=\"https:\/\/carl-humann.de\/wp-content\/uploads\/2024\/11\/vorlesetag24illu-scaled.jpg\" data-elementor-open-lightbox=\"yes\" data-elementor-lightbox-slideshow=\"d19407e\" data-elementor-lightbox-title=\"vorlesetag24illu\" data-e-action-hash=\"#elementor-action%3Aaction%3Dlightbox%26settings%3DeyJpZCI6MTAwODIzMiwidXJsIjoiaHR0cHM6XC9cL2NhcmwtaHVtYW5uLmRlXC93cC1jb250ZW50XC91cGxvYWRzXC8yMDI0XC8xMVwvdm9ybGVzZXRhZzI0aWxsdS1zY2FsZWQuanBnIiwic2xpZGVzaG93IjoiZDE5NDA3ZSJ9\">\n\t\t\t\t\t<div class=\"e-gallery-image elementor-gallery-item__image\" data-thumbnail=\"https:\/\/carl-humann.de\/wp-content\/uploads\/2024\/11\/vorlesetag24illu-218x300.jpg\" data-width=\"218\" data-height=\"300\" aria-label=\"\" role=\"img\" ><\/div>\n\t\t\t\t\t\t\t\t\t\t\t<div class=\"elementor-gallery-item__overlay\"><\/div>\n\t\t\t\t\t\t\t\t\t\t\t\t\t\t<\/a>\n\t\t\t\t\t<\/div>\n\t\t\t\t\t<\/div>\n\t\t\t\t<\/div>\n\t\t\t\t\t<\/div>\n\t\t<\/div>\n\t\t\t\t\t<\/div>\n\t\t<\/section>\n\t\t\t\t<\/div>\n\t\t","protected":false},"excerpt":{"rendered":"<p>Am 15. November fand der Bundesweite Vorlesetag statt, eine Initiative von Die Zeit, Stiftung Lesen und Deutsche Bahn Stiftung. \u201eVorlesen st\u00e4rkt das Einf\u00fchlungsverm\u00f6gen, l\u00e4sst in andere Lebenswelten blicken, regt die Fantasie an oder f\u00f6rdert auch den Umgang mit anderen.\u201c So hei\u00dft es im Werbetext der Initiative. Was lag da n\u00e4her, als mit Sch\u00fclerinnen Senioren vorzulesen?&#8230;<\/p>\n","protected":false},"author":5,"featured_media":1008238,"comment_status":"closed","ping_status":"closed","sticky":false,"template":"","format":"standard","meta":{"inline_featured_image":false,"footnotes":""},"categories":[],"tags":[],"class_list":["post-1008240","post","type-post","status-publish","format-standard","has-post-thumbnail","hentry"],"yoast_head":"<!-- This site is optimized with the Yoast SEO plugin v27.4 - https:\/\/yoast.com\/product\/yoast-seo-wordpress\/ -->\n<title>Vorlesen schafft Zukunft \u2013 bundesweiter Vorlesetag 15. November - Carl-Humann-Gymnasium Essen<\/title>\n<meta name=\"robots\" content=\"index, follow, max-snippet:-1, max-image-preview:large, max-video-preview:-1\" \/>\n<link rel=\"canonical\" href=\"https:\/\/carl-humann.de\/en\/vorlesen-schafft-zukunft-bundesweiter-vorlesetag-15-november\/\" \/>\n<meta property=\"og:locale\" content=\"en_US\" \/>\n<meta property=\"og:type\" content=\"article\" \/>\n<meta property=\"og:title\" content=\"Vorlesen schafft Zukunft \u2013 bundesweiter Vorlesetag 15. November - Carl-Humann-Gymnasium Essen\" \/>\n<meta property=\"og:description\" content=\"Am 15. November fand der Bundesweite Vorlesetag statt, eine Initiative von Die Zeit, Stiftung Lesen und Deutsche Bahn Stiftung. \u201eVorlesen st\u00e4rkt das Einf\u00fchlungsverm\u00f6gen, l\u00e4sst in andere Lebenswelten blicken, regt die Fantasie an oder f\u00f6rdert auch den Umgang mit anderen.\u201c So hei\u00dft es im Werbetext der Initiative. Was lag da n\u00e4her, als mit Sch\u00fclerinnen Senioren vorzulesen?...\" \/>\n<meta property=\"og:url\" content=\"https:\/\/carl-humann.de\/en\/vorlesen-schafft-zukunft-bundesweiter-vorlesetag-15-november\/\" \/>\n<meta property=\"og:site_name\" content=\"Carl-Humann-Gymnasium Essen\" \/>\n<meta property=\"article:published_time\" content=\"2024-11-15T16:34:23+00:00\" \/>\n<meta property=\"article:modified_time\" content=\"2024-11-15T16:35:21+00:00\" \/>\n<meta property=\"og:image\" content=\"https:\/\/carl-humann.de\/wp-content\/uploads\/2024\/11\/vorlesetag24illu-1.jpg\" \/>\n\t<meta property=\"og:image:width\" content=\"2429\" \/>\n\t<meta property=\"og:image:height\" content=\"1869\" \/>\n\t<meta property=\"og:image:type\" content=\"image\/jpeg\" \/>\n<meta name=\"author\" content=\"Max Baukrowitz\" \/>\n<meta name=\"twitter:card\" content=\"summary_large_image\" \/>\n<meta name=\"twitter:label1\" content=\"Written by\" \/>\n\t<meta name=\"twitter:data1\" content=\"Max Baukrowitz\" \/>\n\t<meta name=\"twitter:label2\" content=\"Est. reading time\" \/>\n\t<meta name=\"twitter:data2\" content=\"2 minutes\" \/>\n<script type=\"application\/ld+json\" class=\"yoast-schema-graph\">{\"@context\":\"https:\\\/\\\/schema.org\",\"@graph\":[{\"@type\":\"Article\",\"@id\":\"https:\\\/\\\/carl-humann.de\\\/en\\\/vorlesen-schafft-zukunft-bundesweiter-vorlesetag-15-november\\\/#article\",\"isPartOf\":{\"@id\":\"https:\\\/\\\/carl-humann.de\\\/en\\\/vorlesen-schafft-zukunft-bundesweiter-vorlesetag-15-november\\\/\"},\"author\":{\"name\":\"Max Baukrowitz\",\"@id\":\"https:\\\/\\\/carl-humann.de\\\/#\\\/schema\\\/person\\\/11e850f41ea9f13a02e91c11f24dfb74\"},\"headline\":\"Vorlesen schafft Zukunft \u2013 bundesweiter Vorlesetag 15. November\",\"datePublished\":\"2024-11-15T16:34:23+00:00\",\"dateModified\":\"2024-11-15T16:35:21+00:00\",\"mainEntityOfPage\":{\"@id\":\"https:\\\/\\\/carl-humann.de\\\/en\\\/vorlesen-schafft-zukunft-bundesweiter-vorlesetag-15-november\\\/\"},\"wordCount\":302,\"publisher\":{\"@id\":\"https:\\\/\\\/carl-humann.de\\\/#organization\"},\"image\":{\"@id\":\"https:\\\/\\\/carl-humann.de\\\/en\\\/vorlesen-schafft-zukunft-bundesweiter-vorlesetag-15-november\\\/#primaryimage\"},\"thumbnailUrl\":\"https:\\\/\\\/carl-humann.de\\\/wp-content\\\/uploads\\\/2024\\\/11\\\/vorlesetag24illu-1.jpg\",\"inLanguage\":\"en-US\"},{\"@type\":\"WebPage\",\"@id\":\"https:\\\/\\\/carl-humann.de\\\/en\\\/vorlesen-schafft-zukunft-bundesweiter-vorlesetag-15-november\\\/\",\"url\":\"https:\\\/\\\/carl-humann.de\\\/en\\\/vorlesen-schafft-zukunft-bundesweiter-vorlesetag-15-november\\\/\",\"name\":\"Vorlesen schafft Zukunft \u2013 bundesweiter Vorlesetag 15. November - Carl-Humann-Gymnasium Essen\",\"isPartOf\":{\"@id\":\"https:\\\/\\\/carl-humann.de\\\/#website\"},\"primaryImageOfPage\":{\"@id\":\"https:\\\/\\\/carl-humann.de\\\/en\\\/vorlesen-schafft-zukunft-bundesweiter-vorlesetag-15-november\\\/#primaryimage\"},\"image\":{\"@id\":\"https:\\\/\\\/carl-humann.de\\\/en\\\/vorlesen-schafft-zukunft-bundesweiter-vorlesetag-15-november\\\/#primaryimage\"},\"thumbnailUrl\":\"https:\\\/\\\/carl-humann.de\\\/wp-content\\\/uploads\\\/2024\\\/11\\\/vorlesetag24illu-1.jpg\",\"datePublished\":\"2024-11-15T16:34:23+00:00\",\"dateModified\":\"2024-11-15T16:35:21+00:00\",\"breadcrumb\":{\"@id\":\"https:\\\/\\\/carl-humann.de\\\/en\\\/vorlesen-schafft-zukunft-bundesweiter-vorlesetag-15-november\\\/#breadcrumb\"},\"inLanguage\":\"en-US\",\"potentialAction\":[{\"@type\":\"ReadAction\",\"target\":[\"https:\\\/\\\/carl-humann.de\\\/en\\\/vorlesen-schafft-zukunft-bundesweiter-vorlesetag-15-november\\\/\"]}]},{\"@type\":\"ImageObject\",\"inLanguage\":\"en-US\",\"@id\":\"https:\\\/\\\/carl-humann.de\\\/en\\\/vorlesen-schafft-zukunft-bundesweiter-vorlesetag-15-november\\\/#primaryimage\",\"url\":\"https:\\\/\\\/carl-humann.de\\\/wp-content\\\/uploads\\\/2024\\\/11\\\/vorlesetag24illu-1.jpg\",\"contentUrl\":\"https:\\\/\\\/carl-humann.de\\\/wp-content\\\/uploads\\\/2024\\\/11\\\/vorlesetag24illu-1.jpg\",\"width\":2429,\"height\":1869},{\"@type\":\"BreadcrumbList\",\"@id\":\"https:\\\/\\\/carl-humann.de\\\/en\\\/vorlesen-schafft-zukunft-bundesweiter-vorlesetag-15-november\\\/#breadcrumb\",\"itemListElement\":[{\"@type\":\"ListItem\",\"position\":1,\"name\":\"Startseite\",\"item\":\"https:\\\/\\\/carl-humann.de\\\/\"},{\"@type\":\"ListItem\",\"position\":2,\"name\":\"Vorlesen schafft Zukunft \u2013 bundesweiter Vorlesetag 15. November\"}]},{\"@type\":\"WebSite\",\"@id\":\"https:\\\/\\\/carl-humann.de\\\/#website\",\"url\":\"https:\\\/\\\/carl-humann.de\\\/\",\"name\":\"Carl-Humann-Gymnasium Essen\",\"description\":\"\",\"publisher\":{\"@id\":\"https:\\\/\\\/carl-humann.de\\\/#organization\"},\"potentialAction\":[{\"@type\":\"SearchAction\",\"target\":{\"@type\":\"EntryPoint\",\"urlTemplate\":\"https:\\\/\\\/carl-humann.de\\\/?s={search_term_string}\"},\"query-input\":{\"@type\":\"PropertyValueSpecification\",\"valueRequired\":true,\"valueName\":\"search_term_string\"}}],\"inLanguage\":\"en-US\"},{\"@type\":\"Organization\",\"@id\":\"https:\\\/\\\/carl-humann.de\\\/#organization\",\"name\":\"Carl-Humann-Gymnasium Essen\",\"url\":\"https:\\\/\\\/carl-humann.de\\\/\",\"logo\":{\"@type\":\"ImageObject\",\"inLanguage\":\"en-US\",\"@id\":\"https:\\\/\\\/carl-humann.de\\\/#\\\/schema\\\/logo\\\/image\\\/\",\"url\":\"https:\\\/\\\/carl-humann.de\\\/wp-content\\\/uploads\\\/2021\\\/09\\\/Logo_1c_222x85mm-1.png\",\"contentUrl\":\"https:\\\/\\\/carl-humann.de\\\/wp-content\\\/uploads\\\/2021\\\/09\\\/Logo_1c_222x85mm-1.png\",\"width\":2622,\"height\":1004,\"caption\":\"Carl-Humann-Gymnasium Essen\"},\"image\":{\"@id\":\"https:\\\/\\\/carl-humann.de\\\/#\\\/schema\\\/logo\\\/image\\\/\"}},{\"@type\":\"Person\",\"@id\":\"https:\\\/\\\/carl-humann.de\\\/#\\\/schema\\\/person\\\/11e850f41ea9f13a02e91c11f24dfb74\",\"name\":\"Max Baukrowitz\",\"url\":\"https:\\\/\\\/carl-humann.de\\\/en\\\/author\\\/max-baukrowitz\\\/\"}]}<\/script>\n<!-- \/ Yoast SEO plugin. -->","yoast_head_json":{"title":"Vorlesen schafft Zukunft \u2013 bundesweiter Vorlesetag 15. November - Carl-Humann-Gymnasium Essen","robots":{"index":"index","follow":"follow","max-snippet":"max-snippet:-1","max-image-preview":"max-image-preview:large","max-video-preview":"max-video-preview:-1"},"canonical":"https:\/\/carl-humann.de\/en\/vorlesen-schafft-zukunft-bundesweiter-vorlesetag-15-november\/","og_locale":"en_US","og_type":"article","og_title":"Vorlesen schafft Zukunft \u2013 bundesweiter Vorlesetag 15. November - Carl-Humann-Gymnasium Essen","og_description":"Am 15. November fand der Bundesweite Vorlesetag statt, eine Initiative von Die Zeit, Stiftung Lesen und Deutsche Bahn Stiftung. \u201eVorlesen st\u00e4rkt das Einf\u00fchlungsverm\u00f6gen, l\u00e4sst in andere Lebenswelten blicken, regt die Fantasie an oder f\u00f6rdert auch den Umgang mit anderen.\u201c So hei\u00dft es im Werbetext der Initiative. Was lag da n\u00e4her, als mit Sch\u00fclerinnen Senioren vorzulesen?...","og_url":"https:\/\/carl-humann.de\/en\/vorlesen-schafft-zukunft-bundesweiter-vorlesetag-15-november\/","og_site_name":"Carl-Humann-Gymnasium Essen","article_published_time":"2024-11-15T16:34:23+00:00","article_modified_time":"2024-11-15T16:35:21+00:00","og_image":[{"width":2429,"height":1869,"url":"https:\/\/carl-humann.de\/wp-content\/uploads\/2024\/11\/vorlesetag24illu-1.jpg","type":"image\/jpeg"}],"author":"Max Baukrowitz","twitter_card":"summary_large_image","twitter_misc":{"Written by":"Max Baukrowitz","Est. reading time":"2 minutes"},"schema":{"@context":"https:\/\/schema.org","@graph":[{"@type":"Article","@id":"https:\/\/carl-humann.de\/en\/vorlesen-schafft-zukunft-bundesweiter-vorlesetag-15-november\/#article","isPartOf":{"@id":"https:\/\/carl-humann.de\/en\/vorlesen-schafft-zukunft-bundesweiter-vorlesetag-15-november\/"},"author":{"name":"Max Baukrowitz","@id":"https:\/\/carl-humann.de\/#\/schema\/person\/11e850f41ea9f13a02e91c11f24dfb74"},"headline":"Vorlesen schafft Zukunft \u2013 bundesweiter Vorlesetag 15. November","datePublished":"2024-11-15T16:34:23+00:00","dateModified":"2024-11-15T16:35:21+00:00","mainEntityOfPage":{"@id":"https:\/\/carl-humann.de\/en\/vorlesen-schafft-zukunft-bundesweiter-vorlesetag-15-november\/"},"wordCount":302,"publisher":{"@id":"https:\/\/carl-humann.de\/#organization"},"image":{"@id":"https:\/\/carl-humann.de\/en\/vorlesen-schafft-zukunft-bundesweiter-vorlesetag-15-november\/#primaryimage"},"thumbnailUrl":"https:\/\/carl-humann.de\/wp-content\/uploads\/2024\/11\/vorlesetag24illu-1.jpg","inLanguage":"en-US"},{"@type":"WebPage","@id":"https:\/\/carl-humann.de\/en\/vorlesen-schafft-zukunft-bundesweiter-vorlesetag-15-november\/","url":"https:\/\/carl-humann.de\/en\/vorlesen-schafft-zukunft-bundesweiter-vorlesetag-15-november\/","name":"Vorlesen schafft Zukunft \u2013 bundesweiter Vorlesetag 15. November - Carl-Humann-Gymnasium Essen","isPartOf":{"@id":"https:\/\/carl-humann.de\/#website"},"primaryImageOfPage":{"@id":"https:\/\/carl-humann.de\/en\/vorlesen-schafft-zukunft-bundesweiter-vorlesetag-15-november\/#primaryimage"},"image":{"@id":"https:\/\/carl-humann.de\/en\/vorlesen-schafft-zukunft-bundesweiter-vorlesetag-15-november\/#primaryimage"},"thumbnailUrl":"https:\/\/carl-humann.de\/wp-content\/uploads\/2024\/11\/vorlesetag24illu-1.jpg","datePublished":"2024-11-15T16:34:23+00:00","dateModified":"2024-11-15T16:35:21+00:00","breadcrumb":{"@id":"https:\/\/carl-humann.de\/en\/vorlesen-schafft-zukunft-bundesweiter-vorlesetag-15-november\/#breadcrumb"},"inLanguage":"en-US","potentialAction":[{"@type":"ReadAction","target":["https:\/\/carl-humann.de\/en\/vorlesen-schafft-zukunft-bundesweiter-vorlesetag-15-november\/"]}]},{"@type":"ImageObject","inLanguage":"en-US","@id":"https:\/\/carl-humann.de\/en\/vorlesen-schafft-zukunft-bundesweiter-vorlesetag-15-november\/#primaryimage","url":"https:\/\/carl-humann.de\/wp-content\/uploads\/2024\/11\/vorlesetag24illu-1.jpg","contentUrl":"https:\/\/carl-humann.de\/wp-content\/uploads\/2024\/11\/vorlesetag24illu-1.jpg","width":2429,"height":1869},{"@type":"BreadcrumbList","@id":"https:\/\/carl-humann.de\/en\/vorlesen-schafft-zukunft-bundesweiter-vorlesetag-15-november\/#breadcrumb","itemListElement":[{"@type":"ListItem","position":1,"name":"Startseite","item":"https:\/\/carl-humann.de\/"},{"@type":"ListItem","position":2,"name":"Vorlesen schafft Zukunft \u2013 bundesweiter Vorlesetag 15. November"}]},{"@type":"WebSite","@id":"https:\/\/carl-humann.de\/#website","url":"https:\/\/carl-humann.de\/","name":"Carl-Humann-Gymnasium Essen","description":"","publisher":{"@id":"https:\/\/carl-humann.de\/#organization"},"potentialAction":[{"@type":"SearchAction","target":{"@type":"EntryPoint","urlTemplate":"https:\/\/carl-humann.de\/?s={search_term_string}"},"query-input":{"@type":"PropertyValueSpecification","valueRequired":true,"valueName":"search_term_string"}}],"inLanguage":"en-US"},{"@type":"Organization","@id":"https:\/\/carl-humann.de\/#organization","name":"Carl-Humann-Gymnasium Essen","url":"https:\/\/carl-humann.de\/","logo":{"@type":"ImageObject","inLanguage":"en-US","@id":"https:\/\/carl-humann.de\/#\/schema\/logo\/image\/","url":"https:\/\/carl-humann.de\/wp-content\/uploads\/2021\/09\/Logo_1c_222x85mm-1.png","contentUrl":"https:\/\/carl-humann.de\/wp-content\/uploads\/2021\/09\/Logo_1c_222x85mm-1.png","width":2622,"height":1004,"caption":"Carl-Humann-Gymnasium Essen"},"image":{"@id":"https:\/\/carl-humann.de\/#\/schema\/logo\/image\/"}},{"@type":"Person","@id":"https:\/\/carl-humann.de\/#\/schema\/person\/11e850f41ea9f13a02e91c11f24dfb74","name":"Max Baukrowitz","url":"https:\/\/carl-humann.de\/en\/author\/max-baukrowitz\/"}]}},"_links":{"self":[{"href":"https:\/\/carl-humann.de\/en\/wp-json\/wp\/v2\/posts\/1008240","targetHints":{"allow":["GET"]}}],"collection":[{"href":"https:\/\/carl-humann.de\/en\/wp-json\/wp\/v2\/posts"}],"about":[{"href":"https:\/\/carl-humann.de\/en\/wp-json\/wp\/v2\/types\/post"}],"author":[{"embeddable":true,"href":"https:\/\/carl-humann.de\/en\/wp-json\/wp\/v2\/users\/5"}],"replies":[{"embeddable":true,"href":"https:\/\/carl-humann.de\/en\/wp-json\/wp\/v2\/comments?post=1008240"}],"version-history":[{"count":1,"href":"https:\/\/carl-humann.de\/en\/wp-json\/wp\/v2\/posts\/1008240\/revisions"}],"predecessor-version":[{"id":1008241,"href":"https:\/\/carl-humann.de\/en\/wp-json\/wp\/v2\/posts\/1008240\/revisions\/1008241"}],"wp:featuredmedia":[{"embeddable":true,"href":"https:\/\/carl-humann.de\/en\/wp-json\/wp\/v2\/media\/1008238"}],"wp:attachment":[{"href":"https:\/\/carl-humann.de\/en\/wp-json\/wp\/v2\/media?parent=1008240"}],"wp:term":[{"taxonomy":"category","embeddable":true,"href":"https:\/\/carl-humann.de\/en\/wp-json\/wp\/v2\/categories?post=1008240"},{"taxonomy":"post_tag","embeddable":true,"href":"https:\/\/carl-humann.de\/en\/wp-json\/wp\/v2\/tags?post=1008240"}],"curies":[{"name":"wp","href":"https:\/\/api.w.org\/{rel}","templated":true}]}}