{"id":1007836,"date":"2024-10-04T10:25:19","date_gmt":"2024-10-04T08:25:19","guid":{"rendered":"https:\/\/carl-humann.de\/neues-schulsani-team-nimmt-dienst-auf\/"},"modified":"2024-10-04T10:25:19","modified_gmt":"2024-10-04T08:25:19","slug":"neues-schulsani-team-nimmt-dienst-auf","status":"publish","type":"post","link":"https:\/\/carl-humann.de\/en\/neues-schulsani-team-nimmt-dienst-auf\/","title":{"rendered":"Neues Schulsani-Team <br>nimmt Dienst auf"},"content":{"rendered":"<div class=\"vgblk-rw-wrapper limit-wrapper\">Nach erfolgreicher Sanit\u00e4tsausbildung im vergangenen Schuljahr freuen wir uns im aktuellen Schuljahr auf 25 aktive Sch\u00fclerinnen und Sch\u00fcler, die sich um das gesundheitliche Wohl unserer Schulgemeinschaft k\u00fcmmern. Das Bild zeigt einen Teil des aktuellen Sani-Teams.<\/p>\n<p>&nbsp;<\/p><\/div>\n<p><!-- .vgblk-rw-wrapper --><\/p>\n","protected":false},"excerpt":{"rendered":"<p>Nach erfolgreicher Sanit\u00e4tsausbildung im vergangenen Schuljahr freuen wir uns im aktuellen Schuljahr auf 25 aktive Sch\u00fclerinnen und Sch\u00fcler, die sich um das gesundheitliche Wohl unserer Schulgemeinschaft k\u00fcmmern. Das Bild zeigt einen Teil des aktuellen Sani-Teams. &nbsp;<\/p>\n","protected":false},"author":5,"featured_media":1007832,"comment_status":"closed","ping_status":"closed","sticky":false,"template":"","format":"standard","meta":{"inline_featured_image":false,"footnotes":""},"categories":[],"tags":[],"class_list":["post-1007836","post","type-post","status-publish","format-standard","has-post-thumbnail","hentry"],"yoast_head":"<!-- This site is optimized with the Yoast SEO plugin v27.4 - https:\/\/yoast.com\/product\/yoast-seo-wordpress\/ -->\n<title>Neues Schulsani-Team nimmt Dienst auf - Carl-Humann-Gymnasium Essen<\/title>\n<meta name=\"robots\" content=\"index, follow, max-snippet:-1, max-image-preview:large, max-video-preview:-1\" \/>\n<link rel=\"canonical\" href=\"https:\/\/carl-humann.de\/en\/neues-schulsani-team-nimmt-dienst-auf\/\" \/>\n<meta property=\"og:locale\" content=\"en_US\" \/>\n<meta property=\"og:type\" content=\"article\" \/>\n<meta property=\"og:title\" content=\"Neues Schulsani-Team nimmt Dienst auf - Carl-Humann-Gymnasium Essen\" \/>\n<meta property=\"og:description\" content=\"Nach erfolgreicher Sanit\u00e4tsausbildung im vergangenen Schuljahr freuen wir uns im aktuellen Schuljahr auf 25 aktive Sch\u00fclerinnen und Sch\u00fcler, die sich um das gesundheitliche Wohl unserer Schulgemeinschaft k\u00fcmmern. Das Bild zeigt einen Teil des aktuellen Sani-Teams. &nbsp;\" \/>\n<meta property=\"og:url\" content=\"https:\/\/carl-humann.de\/en\/neues-schulsani-team-nimmt-dienst-auf\/\" \/>\n<meta property=\"og:site_name\" content=\"Carl-Humann-Gymnasium Essen\" \/>\n<meta property=\"article:published_time\" content=\"2024-10-04T08:25:19+00:00\" \/>\n<meta name=\"author\" content=\"Max Baukrowitz\" \/>\n<meta name=\"twitter:card\" content=\"summary_large_image\" \/>\n<meta name=\"twitter:label1\" content=\"Written by\" \/>\n\t<meta name=\"twitter:data1\" content=\"Max Baukrowitz\" \/>\n<script type=\"application\/ld+json\" class=\"yoast-schema-graph\">{\"@context\":\"https:\\\/\\\/schema.org\",\"@graph\":[{\"@type\":\"Article\",\"@id\":\"https:\\\/\\\/carl-humann.de\\\/en\\\/neues-schulsani-team-nimmt-dienst-auf\\\/#article\",\"isPartOf\":{\"@id\":\"https:\\\/\\\/carl-humann.de\\\/en\\\/neues-schulsani-team-nimmt-dienst-auf\\\/\"},\"author\":{\"name\":\"Max Baukrowitz\",\"@id\":\"https:\\\/\\\/carl-humann.de\\\/#\\\/schema\\\/person\\\/11e850f41ea9f13a02e91c11f24dfb74\"},\"headline\":\"Neues Schulsani-Team nimmt Dienst auf\",\"datePublished\":\"2024-10-04T08:25:19+00:00\",\"mainEntityOfPage\":{\"@id\":\"https:\\\/\\\/carl-humann.de\\\/en\\\/neues-schulsani-team-nimmt-dienst-auf\\\/\"},\"wordCount\":44,\"publisher\":{\"@id\":\"https:\\\/\\\/carl-humann.de\\\/#organization\"},\"image\":{\"@id\":\"https:\\\/\\\/carl-humann.de\\\/en\\\/neues-schulsani-team-nimmt-dienst-auf\\\/#primaryimage\"},\"thumbnailUrl\":\"https:\\\/\\\/carl-humann.de\\\/wp-content\\\/uploads\\\/2024\\\/10\\\/MAX_6732-scaled.jpg\",\"inLanguage\":\"en-US\"},{\"@type\":\"WebPage\",\"@id\":\"https:\\\/\\\/carl-humann.de\\\/en\\\/neues-schulsani-team-nimmt-dienst-auf\\\/\",\"url\":\"https:\\\/\\\/carl-humann.de\\\/en\\\/neues-schulsani-team-nimmt-dienst-auf\\\/\",\"name\":\"Neues Schulsani-Team nimmt Dienst auf - Carl-Humann-Gymnasium Essen\",\"isPartOf\":{\"@id\":\"https:\\\/\\\/carl-humann.de\\\/#website\"},\"primaryImageOfPage\":{\"@id\":\"https:\\\/\\\/carl-humann.de\\\/en\\\/neues-schulsani-team-nimmt-dienst-auf\\\/#primaryimage\"},\"image\":{\"@id\":\"https:\\\/\\\/carl-humann.de\\\/en\\\/neues-schulsani-team-nimmt-dienst-auf\\\/#primaryimage\"},\"thumbnailUrl\":\"https:\\\/\\\/carl-humann.de\\\/wp-content\\\/uploads\\\/2024\\\/10\\\/MAX_6732-scaled.jpg\",\"datePublished\":\"2024-10-04T08:25:19+00:00\",\"breadcrumb\":{\"@id\":\"https:\\\/\\\/carl-humann.de\\\/en\\\/neues-schulsani-team-nimmt-dienst-auf\\\/#breadcrumb\"},\"inLanguage\":\"en-US\",\"potentialAction\":[{\"@type\":\"ReadAction\",\"target\":[\"https:\\\/\\\/carl-humann.de\\\/en\\\/neues-schulsani-team-nimmt-dienst-auf\\\/\"]}]},{\"@type\":\"ImageObject\",\"inLanguage\":\"en-US\",\"@id\":\"https:\\\/\\\/carl-humann.de\\\/en\\\/neues-schulsani-team-nimmt-dienst-auf\\\/#primaryimage\",\"url\":\"https:\\\/\\\/carl-humann.de\\\/wp-content\\\/uploads\\\/2024\\\/10\\\/MAX_6732-scaled.jpg\",\"contentUrl\":\"https:\\\/\\\/carl-humann.de\\\/wp-content\\\/uploads\\\/2024\\\/10\\\/MAX_6732-scaled.jpg\",\"width\":2560,\"height\":1707},{\"@type\":\"BreadcrumbList\",\"@id\":\"https:\\\/\\\/carl-humann.de\\\/en\\\/neues-schulsani-team-nimmt-dienst-auf\\\/#breadcrumb\",\"itemListElement\":[{\"@type\":\"ListItem\",\"position\":1,\"name\":\"Startseite\",\"item\":\"https:\\\/\\\/carl-humann.de\\\/\"},{\"@type\":\"ListItem\",\"position\":2,\"name\":\"Neues Schulsani-Team nimmt Dienst auf\"}]},{\"@type\":\"WebSite\",\"@id\":\"https:\\\/\\\/carl-humann.de\\\/#website\",\"url\":\"https:\\\/\\\/carl-humann.de\\\/\",\"name\":\"Carl-Humann-Gymnasium Essen\",\"description\":\"\",\"publisher\":{\"@id\":\"https:\\\/\\\/carl-humann.de\\\/#organization\"},\"potentialAction\":[{\"@type\":\"SearchAction\",\"target\":{\"@type\":\"EntryPoint\",\"urlTemplate\":\"https:\\\/\\\/carl-humann.de\\\/?s={search_term_string}\"},\"query-input\":{\"@type\":\"PropertyValueSpecification\",\"valueRequired\":true,\"valueName\":\"search_term_string\"}}],\"inLanguage\":\"en-US\"},{\"@type\":\"Organization\",\"@id\":\"https:\\\/\\\/carl-humann.de\\\/#organization\",\"name\":\"Carl-Humann-Gymnasium Essen\",\"url\":\"https:\\\/\\\/carl-humann.de\\\/\",\"logo\":{\"@type\":\"ImageObject\",\"inLanguage\":\"en-US\",\"@id\":\"https:\\\/\\\/carl-humann.de\\\/#\\\/schema\\\/logo\\\/image\\\/\",\"url\":\"https:\\\/\\\/carl-humann.de\\\/wp-content\\\/uploads\\\/2021\\\/09\\\/Logo_1c_222x85mm-1.png\",\"contentUrl\":\"https:\\\/\\\/carl-humann.de\\\/wp-content\\\/uploads\\\/2021\\\/09\\\/Logo_1c_222x85mm-1.png\",\"width\":2622,\"height\":1004,\"caption\":\"Carl-Humann-Gymnasium Essen\"},\"image\":{\"@id\":\"https:\\\/\\\/carl-humann.de\\\/#\\\/schema\\\/logo\\\/image\\\/\"}},{\"@type\":\"Person\",\"@id\":\"https:\\\/\\\/carl-humann.de\\\/#\\\/schema\\\/person\\\/11e850f41ea9f13a02e91c11f24dfb74\",\"name\":\"Max Baukrowitz\",\"url\":\"https:\\\/\\\/carl-humann.de\\\/en\\\/author\\\/max-baukrowitz\\\/\"}]}<\/script>\n<!-- \/ Yoast SEO plugin. -->","yoast_head_json":{"title":"Neues Schulsani-Team nimmt Dienst auf - Carl-Humann-Gymnasium Essen","robots":{"index":"index","follow":"follow","max-snippet":"max-snippet:-1","max-image-preview":"max-image-preview:large","max-video-preview":"max-video-preview:-1"},"canonical":"https:\/\/carl-humann.de\/en\/neues-schulsani-team-nimmt-dienst-auf\/","og_locale":"en_US","og_type":"article","og_title":"Neues Schulsani-Team nimmt Dienst auf - Carl-Humann-Gymnasium Essen","og_description":"Nach erfolgreicher Sanit\u00e4tsausbildung im vergangenen Schuljahr freuen wir uns im aktuellen Schuljahr auf 25 aktive Sch\u00fclerinnen und Sch\u00fcler, die sich um das gesundheitliche Wohl unserer Schulgemeinschaft k\u00fcmmern. Das Bild zeigt einen Teil des aktuellen Sani-Teams. &nbsp;","og_url":"https:\/\/carl-humann.de\/en\/neues-schulsani-team-nimmt-dienst-auf\/","og_site_name":"Carl-Humann-Gymnasium Essen","article_published_time":"2024-10-04T08:25:19+00:00","author":"Max Baukrowitz","twitter_card":"summary_large_image","twitter_misc":{"Written by":"Max Baukrowitz"},"schema":{"@context":"https:\/\/schema.org","@graph":[{"@type":"Article","@id":"https:\/\/carl-humann.de\/en\/neues-schulsani-team-nimmt-dienst-auf\/#article","isPartOf":{"@id":"https:\/\/carl-humann.de\/en\/neues-schulsani-team-nimmt-dienst-auf\/"},"author":{"name":"Max Baukrowitz","@id":"https:\/\/carl-humann.de\/#\/schema\/person\/11e850f41ea9f13a02e91c11f24dfb74"},"headline":"Neues Schulsani-Team nimmt Dienst auf","datePublished":"2024-10-04T08:25:19+00:00","mainEntityOfPage":{"@id":"https:\/\/carl-humann.de\/en\/neues-schulsani-team-nimmt-dienst-auf\/"},"wordCount":44,"publisher":{"@id":"https:\/\/carl-humann.de\/#organization"},"image":{"@id":"https:\/\/carl-humann.de\/en\/neues-schulsani-team-nimmt-dienst-auf\/#primaryimage"},"thumbnailUrl":"https:\/\/carl-humann.de\/wp-content\/uploads\/2024\/10\/MAX_6732-scaled.jpg","inLanguage":"en-US"},{"@type":"WebPage","@id":"https:\/\/carl-humann.de\/en\/neues-schulsani-team-nimmt-dienst-auf\/","url":"https:\/\/carl-humann.de\/en\/neues-schulsani-team-nimmt-dienst-auf\/","name":"Neues Schulsani-Team nimmt Dienst auf - Carl-Humann-Gymnasium Essen","isPartOf":{"@id":"https:\/\/carl-humann.de\/#website"},"primaryImageOfPage":{"@id":"https:\/\/carl-humann.de\/en\/neues-schulsani-team-nimmt-dienst-auf\/#primaryimage"},"image":{"@id":"https:\/\/carl-humann.de\/en\/neues-schulsani-team-nimmt-dienst-auf\/#primaryimage"},"thumbnailUrl":"https:\/\/carl-humann.de\/wp-content\/uploads\/2024\/10\/MAX_6732-scaled.jpg","datePublished":"2024-10-04T08:25:19+00:00","breadcrumb":{"@id":"https:\/\/carl-humann.de\/en\/neues-schulsani-team-nimmt-dienst-auf\/#breadcrumb"},"inLanguage":"en-US","potentialAction":[{"@type":"ReadAction","target":["https:\/\/carl-humann.de\/en\/neues-schulsani-team-nimmt-dienst-auf\/"]}]},{"@type":"ImageObject","inLanguage":"en-US","@id":"https:\/\/carl-humann.de\/en\/neues-schulsani-team-nimmt-dienst-auf\/#primaryimage","url":"https:\/\/carl-humann.de\/wp-content\/uploads\/2024\/10\/MAX_6732-scaled.jpg","contentUrl":"https:\/\/carl-humann.de\/wp-content\/uploads\/2024\/10\/MAX_6732-scaled.jpg","width":2560,"height":1707},{"@type":"BreadcrumbList","@id":"https:\/\/carl-humann.de\/en\/neues-schulsani-team-nimmt-dienst-auf\/#breadcrumb","itemListElement":[{"@type":"ListItem","position":1,"name":"Startseite","item":"https:\/\/carl-humann.de\/"},{"@type":"ListItem","position":2,"name":"Neues Schulsani-Team nimmt Dienst auf"}]},{"@type":"WebSite","@id":"https:\/\/carl-humann.de\/#website","url":"https:\/\/carl-humann.de\/","name":"Carl-Humann-Gymnasium Essen","description":"","publisher":{"@id":"https:\/\/carl-humann.de\/#organization"},"potentialAction":[{"@type":"SearchAction","target":{"@type":"EntryPoint","urlTemplate":"https:\/\/carl-humann.de\/?s={search_term_string}"},"query-input":{"@type":"PropertyValueSpecification","valueRequired":true,"valueName":"search_term_string"}}],"inLanguage":"en-US"},{"@type":"Organization","@id":"https:\/\/carl-humann.de\/#organization","name":"Carl-Humann-Gymnasium Essen","url":"https:\/\/carl-humann.de\/","logo":{"@type":"ImageObject","inLanguage":"en-US","@id":"https:\/\/carl-humann.de\/#\/schema\/logo\/image\/","url":"https:\/\/carl-humann.de\/wp-content\/uploads\/2021\/09\/Logo_1c_222x85mm-1.png","contentUrl":"https:\/\/carl-humann.de\/wp-content\/uploads\/2021\/09\/Logo_1c_222x85mm-1.png","width":2622,"height":1004,"caption":"Carl-Humann-Gymnasium Essen"},"image":{"@id":"https:\/\/carl-humann.de\/#\/schema\/logo\/image\/"}},{"@type":"Person","@id":"https:\/\/carl-humann.de\/#\/schema\/person\/11e850f41ea9f13a02e91c11f24dfb74","name":"Max Baukrowitz","url":"https:\/\/carl-humann.de\/en\/author\/max-baukrowitz\/"}]}},"_links":{"self":[{"href":"https:\/\/carl-humann.de\/en\/wp-json\/wp\/v2\/posts\/1007836","targetHints":{"allow":["GET"]}}],"collection":[{"href":"https:\/\/carl-humann.de\/en\/wp-json\/wp\/v2\/posts"}],"about":[{"href":"https:\/\/carl-humann.de\/en\/wp-json\/wp\/v2\/types\/post"}],"author":[{"embeddable":true,"href":"https:\/\/carl-humann.de\/en\/wp-json\/wp\/v2\/users\/5"}],"replies":[{"embeddable":true,"href":"https:\/\/carl-humann.de\/en\/wp-json\/wp\/v2\/comments?post=1007836"}],"version-history":[{"count":0,"href":"https:\/\/carl-humann.de\/en\/wp-json\/wp\/v2\/posts\/1007836\/revisions"}],"wp:featuredmedia":[{"embeddable":true,"href":"https:\/\/carl-humann.de\/en\/wp-json\/wp\/v2\/media\/1007832"}],"wp:attachment":[{"href":"https:\/\/carl-humann.de\/en\/wp-json\/wp\/v2\/media?parent=1007836"}],"wp:term":[{"taxonomy":"category","embeddable":true,"href":"https:\/\/carl-humann.de\/en\/wp-json\/wp\/v2\/categories?post=1007836"},{"taxonomy":"post_tag","embeddable":true,"href":"https:\/\/carl-humann.de\/en\/wp-json\/wp\/v2\/tags?post=1007836"}],"curies":[{"name":"wp","href":"https:\/\/api.w.org\/{rel}","templated":true}]}}