{"id":1007828,"date":"2024-10-04T12:30:59","date_gmt":"2024-10-04T10:30:59","guid":{"rendered":"https:\/\/carl-humann.de\/wir-gruessen-unsere-juedischen-mitschuelerinnen-und-mitschueler-ganz-herzlich-zum-neujahrsfest-rosch-haschana-5785-2024\/"},"modified":"2024-10-04T12:31:37","modified_gmt":"2024-10-04T10:31:37","slug":"wir-gruessen-unsere-juedischen-mitschuelerinnen-und-mitschueler-ganz-herzlich-zum-neujahrsfest-rosch-haschana-5785-2024","status":"publish","type":"post","link":"https:\/\/carl-humann.de\/en\/wir-gruessen-unsere-juedischen-mitschuelerinnen-und-mitschueler-ganz-herzlich-zum-neujahrsfest-rosch-haschana-5785-2024\/","title":{"rendered":"Wir gr\u00fc\u00dfen unsere j\u00fcdischen Mitsch\u00fclerinnen und Mitsch\u00fcler ganz herzlich zum Neujahrsfest Rosch HaSchana 5785\/2024"},"content":{"rendered":"<div class=\"vgblk-rw-wrapper limit-wrapper\">\n<p style=\"font-weight: 400;\">Mit Sorge schauen wir in den Nahen Osten. Der furchtbare Terroranschlag der Hamas am 7. Oktober 2023 auf unschuldige Menschen in Israel hat einen Krieg ausgel\u00f6st, der Leid und Trauer, Angst und Verzweiflung, Wut und Hass in die Herzen von Israelis wie Pal\u00e4stinensern gleicherma\u00dfen getragen hat. Und die Hisbollah im Libanon und das religi\u00f6se Regime im Iran befeuern diesen Krieg immer wieder mit neuen Aggressionen gegen Israel. Diese Ereignisse f\u00fchren dazu, dass auch J\u00fcdinnen und Juden in ihrer Heimat Deutschland Ablehnung und Hass erfahren, dunkle Schatten, die sich auf das diesj\u00e4hrige Neujahrsfest legen.<\/p>\n<p style=\"font-weight: 400;\">Als Schulgemeinde lehnen wir jede Form von Antisemitismus ab und stellen uns ihm entgegen und erkl\u00e4ren unsere Solidarit\u00e4t mit J\u00fcdinnen und Juden in unserem Land.<\/p>\n<p style=\"font-weight: 400;\">Zugleich w\u00fcnschen wir zusammen mit ihnen, dass im Nahen Osten Frieden m\u00f6glich wird f\u00fcr alle dort lebenden Menschen, dass trotz all der schwer zu ertragenden Verluste auf Seiten aller Beteiligten, Angst und Trauer, Wut und Hass \u00fcberwunden werden und Menschen trotz aller religi\u00f6sen und kulturellen Unterschiede und belastender Geschichte zueinanderfinden m\u00f6gen.<\/p>\n<p style=\"font-weight: 400;\">Daf\u00fcr wollen wir uns auch an unserer Schule einsetzen.<\/p>\n<p style=\"font-weight: 400;\">In diesem Sinne w\u00fcnschen wir unseren j\u00fcdischen Mitsch\u00fclerinnen und Mitsch\u00fclern ein gesegnetes und hoffnungsvolles Neujahrsfest.<\/p>\n<p style=\"font-weight: 400;\">Im Namen der Schulleitung und der katholischen und evangelischen Fachschaft<\/p>\n<p style=\"font-weight: 400;\">Joachim Dahlhoff<\/p>\n<\/div>\n<p><!-- .vgblk-rw-wrapper --><\/p>\n","protected":false},"excerpt":{"rendered":"<p>Mit Sorge schauen wir in den Nahen Osten. Der furchtbare Terroranschlag der Hamas am 7. Oktober 2023 auf unschuldige Menschen in Israel hat einen Krieg ausgel\u00f6st, der Leid und Trauer, Angst und Verzweiflung, Wut und Hass in die Herzen von Israelis wie Pal\u00e4stinensern gleicherma\u00dfen getragen hat. Und die Hisbollah im Libanon und das religi\u00f6se Regime&#8230;<\/p>\n","protected":false},"author":5,"featured_media":1007826,"comment_status":"closed","ping_status":"closed","sticky":false,"template":"","format":"standard","meta":{"inline_featured_image":false,"footnotes":""},"categories":[],"tags":[],"class_list":["post-1007828","post","type-post","status-publish","format-standard","has-post-thumbnail","hentry"],"yoast_head":"<!-- This site is optimized with the Yoast SEO plugin v27.4 - https:\/\/yoast.com\/product\/yoast-seo-wordpress\/ -->\n<title>Wir gr\u00fc\u00dfen unsere j\u00fcdischen Mitsch\u00fclerinnen und Mitsch\u00fcler ganz herzlich zum Neujahrsfest Rosch HaSchana 5785\/2024 - Carl-Humann-Gymnasium Essen<\/title>\n<meta name=\"robots\" content=\"index, follow, max-snippet:-1, max-image-preview:large, max-video-preview:-1\" \/>\n<link rel=\"canonical\" href=\"https:\/\/carl-humann.de\/en\/wir-gruessen-unsere-juedischen-mitschuelerinnen-und-mitschueler-ganz-herzlich-zum-neujahrsfest-rosch-haschana-5785-2024\/\" \/>\n<meta property=\"og:locale\" content=\"en_US\" \/>\n<meta property=\"og:type\" content=\"article\" \/>\n<meta property=\"og:title\" content=\"Wir gr\u00fc\u00dfen unsere j\u00fcdischen Mitsch\u00fclerinnen und Mitsch\u00fcler ganz herzlich zum Neujahrsfest Rosch HaSchana 5785\/2024 - Carl-Humann-Gymnasium Essen\" \/>\n<meta property=\"og:description\" content=\"Mit Sorge schauen wir in den Nahen Osten. Der furchtbare Terroranschlag der Hamas am 7. Oktober 2023 auf unschuldige Menschen in Israel hat einen Krieg ausgel\u00f6st, der Leid und Trauer, Angst und Verzweiflung, Wut und Hass in die Herzen von Israelis wie Pal\u00e4stinensern gleicherma\u00dfen getragen hat. Und die Hisbollah im Libanon und das religi\u00f6se Regime...\" \/>\n<meta property=\"og:url\" content=\"https:\/\/carl-humann.de\/en\/wir-gruessen-unsere-juedischen-mitschuelerinnen-und-mitschueler-ganz-herzlich-zum-neujahrsfest-rosch-haschana-5785-2024\/\" \/>\n<meta property=\"og:site_name\" content=\"Carl-Humann-Gymnasium Essen\" \/>\n<meta property=\"article:published_time\" content=\"2024-10-04T10:30:59+00:00\" \/>\n<meta property=\"article:modified_time\" content=\"2024-10-04T10:31:37+00:00\" \/>\n<meta property=\"og:image\" content=\"https:\/\/carl-humann.de\/wp-content\/uploads\/2024\/10\/roshhashana.png\" \/>\n\t<meta property=\"og:image:width\" content=\"672\" \/>\n\t<meta property=\"og:image:height\" content=\"562\" \/>\n\t<meta property=\"og:image:type\" content=\"image\/png\" \/>\n<meta name=\"author\" content=\"Max Baukrowitz\" \/>\n<meta name=\"twitter:card\" content=\"summary_large_image\" \/>\n<meta name=\"twitter:label1\" content=\"Written by\" \/>\n\t<meta name=\"twitter:data1\" content=\"Max Baukrowitz\" \/>\n\t<meta name=\"twitter:label2\" content=\"Est. reading time\" \/>\n\t<meta name=\"twitter:data2\" content=\"2 minutes\" \/>\n<script type=\"application\/ld+json\" class=\"yoast-schema-graph\">{\"@context\":\"https:\\\/\\\/schema.org\",\"@graph\":[{\"@type\":\"Article\",\"@id\":\"https:\\\/\\\/carl-humann.de\\\/en\\\/wir-gruessen-unsere-juedischen-mitschuelerinnen-und-mitschueler-ganz-herzlich-zum-neujahrsfest-rosch-haschana-5785-2024\\\/#article\",\"isPartOf\":{\"@id\":\"https:\\\/\\\/carl-humann.de\\\/en\\\/wir-gruessen-unsere-juedischen-mitschuelerinnen-und-mitschueler-ganz-herzlich-zum-neujahrsfest-rosch-haschana-5785-2024\\\/\"},\"author\":{\"name\":\"Max Baukrowitz\",\"@id\":\"https:\\\/\\\/carl-humann.de\\\/#\\\/schema\\\/person\\\/11e850f41ea9f13a02e91c11f24dfb74\"},\"headline\":\"Wir gr\u00fc\u00dfen unsere j\u00fcdischen Mitsch\u00fclerinnen und Mitsch\u00fcler ganz herzlich zum Neujahrsfest Rosch HaSchana 5785\\\/2024\",\"datePublished\":\"2024-10-04T10:30:59+00:00\",\"dateModified\":\"2024-10-04T10:31:37+00:00\",\"mainEntityOfPage\":{\"@id\":\"https:\\\/\\\/carl-humann.de\\\/en\\\/wir-gruessen-unsere-juedischen-mitschuelerinnen-und-mitschueler-ganz-herzlich-zum-neujahrsfest-rosch-haschana-5785-2024\\\/\"},\"wordCount\":240,\"publisher\":{\"@id\":\"https:\\\/\\\/carl-humann.de\\\/#organization\"},\"image\":{\"@id\":\"https:\\\/\\\/carl-humann.de\\\/en\\\/wir-gruessen-unsere-juedischen-mitschuelerinnen-und-mitschueler-ganz-herzlich-zum-neujahrsfest-rosch-haschana-5785-2024\\\/#primaryimage\"},\"thumbnailUrl\":\"https:\\\/\\\/carl-humann.de\\\/wp-content\\\/uploads\\\/2024\\\/10\\\/roshhashana.png\",\"inLanguage\":\"en-US\"},{\"@type\":\"WebPage\",\"@id\":\"https:\\\/\\\/carl-humann.de\\\/en\\\/wir-gruessen-unsere-juedischen-mitschuelerinnen-und-mitschueler-ganz-herzlich-zum-neujahrsfest-rosch-haschana-5785-2024\\\/\",\"url\":\"https:\\\/\\\/carl-humann.de\\\/en\\\/wir-gruessen-unsere-juedischen-mitschuelerinnen-und-mitschueler-ganz-herzlich-zum-neujahrsfest-rosch-haschana-5785-2024\\\/\",\"name\":\"Wir gr\u00fc\u00dfen unsere j\u00fcdischen Mitsch\u00fclerinnen und Mitsch\u00fcler ganz herzlich zum Neujahrsfest Rosch HaSchana 5785\\\/2024 - Carl-Humann-Gymnasium Essen\",\"isPartOf\":{\"@id\":\"https:\\\/\\\/carl-humann.de\\\/#website\"},\"primaryImageOfPage\":{\"@id\":\"https:\\\/\\\/carl-humann.de\\\/en\\\/wir-gruessen-unsere-juedischen-mitschuelerinnen-und-mitschueler-ganz-herzlich-zum-neujahrsfest-rosch-haschana-5785-2024\\\/#primaryimage\"},\"image\":{\"@id\":\"https:\\\/\\\/carl-humann.de\\\/en\\\/wir-gruessen-unsere-juedischen-mitschuelerinnen-und-mitschueler-ganz-herzlich-zum-neujahrsfest-rosch-haschana-5785-2024\\\/#primaryimage\"},\"thumbnailUrl\":\"https:\\\/\\\/carl-humann.de\\\/wp-content\\\/uploads\\\/2024\\\/10\\\/roshhashana.png\",\"datePublished\":\"2024-10-04T10:30:59+00:00\",\"dateModified\":\"2024-10-04T10:31:37+00:00\",\"breadcrumb\":{\"@id\":\"https:\\\/\\\/carl-humann.de\\\/en\\\/wir-gruessen-unsere-juedischen-mitschuelerinnen-und-mitschueler-ganz-herzlich-zum-neujahrsfest-rosch-haschana-5785-2024\\\/#breadcrumb\"},\"inLanguage\":\"en-US\",\"potentialAction\":[{\"@type\":\"ReadAction\",\"target\":[\"https:\\\/\\\/carl-humann.de\\\/en\\\/wir-gruessen-unsere-juedischen-mitschuelerinnen-und-mitschueler-ganz-herzlich-zum-neujahrsfest-rosch-haschana-5785-2024\\\/\"]}]},{\"@type\":\"ImageObject\",\"inLanguage\":\"en-US\",\"@id\":\"https:\\\/\\\/carl-humann.de\\\/en\\\/wir-gruessen-unsere-juedischen-mitschuelerinnen-und-mitschueler-ganz-herzlich-zum-neujahrsfest-rosch-haschana-5785-2024\\\/#primaryimage\",\"url\":\"https:\\\/\\\/carl-humann.de\\\/wp-content\\\/uploads\\\/2024\\\/10\\\/roshhashana.png\",\"contentUrl\":\"https:\\\/\\\/carl-humann.de\\\/wp-content\\\/uploads\\\/2024\\\/10\\\/roshhashana.png\",\"width\":672,\"height\":562},{\"@type\":\"BreadcrumbList\",\"@id\":\"https:\\\/\\\/carl-humann.de\\\/en\\\/wir-gruessen-unsere-juedischen-mitschuelerinnen-und-mitschueler-ganz-herzlich-zum-neujahrsfest-rosch-haschana-5785-2024\\\/#breadcrumb\",\"itemListElement\":[{\"@type\":\"ListItem\",\"position\":1,\"name\":\"Startseite\",\"item\":\"https:\\\/\\\/carl-humann.de\\\/\"},{\"@type\":\"ListItem\",\"position\":2,\"name\":\"Wir gr\u00fc\u00dfen unsere j\u00fcdischen Mitsch\u00fclerinnen und Mitsch\u00fcler ganz herzlich zum Neujahrsfest Rosch HaSchana 5785\\\/2024\"}]},{\"@type\":\"WebSite\",\"@id\":\"https:\\\/\\\/carl-humann.de\\\/#website\",\"url\":\"https:\\\/\\\/carl-humann.de\\\/\",\"name\":\"Carl-Humann-Gymnasium Essen\",\"description\":\"\",\"publisher\":{\"@id\":\"https:\\\/\\\/carl-humann.de\\\/#organization\"},\"potentialAction\":[{\"@type\":\"SearchAction\",\"target\":{\"@type\":\"EntryPoint\",\"urlTemplate\":\"https:\\\/\\\/carl-humann.de\\\/?s={search_term_string}\"},\"query-input\":{\"@type\":\"PropertyValueSpecification\",\"valueRequired\":true,\"valueName\":\"search_term_string\"}}],\"inLanguage\":\"en-US\"},{\"@type\":\"Organization\",\"@id\":\"https:\\\/\\\/carl-humann.de\\\/#organization\",\"name\":\"Carl-Humann-Gymnasium Essen\",\"url\":\"https:\\\/\\\/carl-humann.de\\\/\",\"logo\":{\"@type\":\"ImageObject\",\"inLanguage\":\"en-US\",\"@id\":\"https:\\\/\\\/carl-humann.de\\\/#\\\/schema\\\/logo\\\/image\\\/\",\"url\":\"https:\\\/\\\/carl-humann.de\\\/wp-content\\\/uploads\\\/2021\\\/09\\\/Logo_1c_222x85mm-1.png\",\"contentUrl\":\"https:\\\/\\\/carl-humann.de\\\/wp-content\\\/uploads\\\/2021\\\/09\\\/Logo_1c_222x85mm-1.png\",\"width\":2622,\"height\":1004,\"caption\":\"Carl-Humann-Gymnasium Essen\"},\"image\":{\"@id\":\"https:\\\/\\\/carl-humann.de\\\/#\\\/schema\\\/logo\\\/image\\\/\"}},{\"@type\":\"Person\",\"@id\":\"https:\\\/\\\/carl-humann.de\\\/#\\\/schema\\\/person\\\/11e850f41ea9f13a02e91c11f24dfb74\",\"name\":\"Max Baukrowitz\",\"url\":\"https:\\\/\\\/carl-humann.de\\\/en\\\/author\\\/max-baukrowitz\\\/\"}]}<\/script>\n<!-- \/ Yoast SEO plugin. -->","yoast_head_json":{"title":"Wir gr\u00fc\u00dfen unsere j\u00fcdischen Mitsch\u00fclerinnen und Mitsch\u00fcler ganz herzlich zum Neujahrsfest Rosch HaSchana 5785\/2024 - Carl-Humann-Gymnasium Essen","robots":{"index":"index","follow":"follow","max-snippet":"max-snippet:-1","max-image-preview":"max-image-preview:large","max-video-preview":"max-video-preview:-1"},"canonical":"https:\/\/carl-humann.de\/en\/wir-gruessen-unsere-juedischen-mitschuelerinnen-und-mitschueler-ganz-herzlich-zum-neujahrsfest-rosch-haschana-5785-2024\/","og_locale":"en_US","og_type":"article","og_title":"Wir gr\u00fc\u00dfen unsere j\u00fcdischen Mitsch\u00fclerinnen und Mitsch\u00fcler ganz herzlich zum Neujahrsfest Rosch HaSchana 5785\/2024 - Carl-Humann-Gymnasium Essen","og_description":"Mit Sorge schauen wir in den Nahen Osten. Der furchtbare Terroranschlag der Hamas am 7. Oktober 2023 auf unschuldige Menschen in Israel hat einen Krieg ausgel\u00f6st, der Leid und Trauer, Angst und Verzweiflung, Wut und Hass in die Herzen von Israelis wie Pal\u00e4stinensern gleicherma\u00dfen getragen hat. Und die Hisbollah im Libanon und das religi\u00f6se Regime...","og_url":"https:\/\/carl-humann.de\/en\/wir-gruessen-unsere-juedischen-mitschuelerinnen-und-mitschueler-ganz-herzlich-zum-neujahrsfest-rosch-haschana-5785-2024\/","og_site_name":"Carl-Humann-Gymnasium Essen","article_published_time":"2024-10-04T10:30:59+00:00","article_modified_time":"2024-10-04T10:31:37+00:00","og_image":[{"width":672,"height":562,"url":"https:\/\/carl-humann.de\/wp-content\/uploads\/2024\/10\/roshhashana.png","type":"image\/png"}],"author":"Max Baukrowitz","twitter_card":"summary_large_image","twitter_misc":{"Written by":"Max Baukrowitz","Est. reading time":"2 minutes"},"schema":{"@context":"https:\/\/schema.org","@graph":[{"@type":"Article","@id":"https:\/\/carl-humann.de\/en\/wir-gruessen-unsere-juedischen-mitschuelerinnen-und-mitschueler-ganz-herzlich-zum-neujahrsfest-rosch-haschana-5785-2024\/#article","isPartOf":{"@id":"https:\/\/carl-humann.de\/en\/wir-gruessen-unsere-juedischen-mitschuelerinnen-und-mitschueler-ganz-herzlich-zum-neujahrsfest-rosch-haschana-5785-2024\/"},"author":{"name":"Max Baukrowitz","@id":"https:\/\/carl-humann.de\/#\/schema\/person\/11e850f41ea9f13a02e91c11f24dfb74"},"headline":"Wir gr\u00fc\u00dfen unsere j\u00fcdischen Mitsch\u00fclerinnen und Mitsch\u00fcler ganz herzlich zum Neujahrsfest Rosch HaSchana 5785\/2024","datePublished":"2024-10-04T10:30:59+00:00","dateModified":"2024-10-04T10:31:37+00:00","mainEntityOfPage":{"@id":"https:\/\/carl-humann.de\/en\/wir-gruessen-unsere-juedischen-mitschuelerinnen-und-mitschueler-ganz-herzlich-zum-neujahrsfest-rosch-haschana-5785-2024\/"},"wordCount":240,"publisher":{"@id":"https:\/\/carl-humann.de\/#organization"},"image":{"@id":"https:\/\/carl-humann.de\/en\/wir-gruessen-unsere-juedischen-mitschuelerinnen-und-mitschueler-ganz-herzlich-zum-neujahrsfest-rosch-haschana-5785-2024\/#primaryimage"},"thumbnailUrl":"https:\/\/carl-humann.de\/wp-content\/uploads\/2024\/10\/roshhashana.png","inLanguage":"en-US"},{"@type":"WebPage","@id":"https:\/\/carl-humann.de\/en\/wir-gruessen-unsere-juedischen-mitschuelerinnen-und-mitschueler-ganz-herzlich-zum-neujahrsfest-rosch-haschana-5785-2024\/","url":"https:\/\/carl-humann.de\/en\/wir-gruessen-unsere-juedischen-mitschuelerinnen-und-mitschueler-ganz-herzlich-zum-neujahrsfest-rosch-haschana-5785-2024\/","name":"Wir gr\u00fc\u00dfen unsere j\u00fcdischen Mitsch\u00fclerinnen und Mitsch\u00fcler ganz herzlich zum Neujahrsfest Rosch HaSchana 5785\/2024 - Carl-Humann-Gymnasium Essen","isPartOf":{"@id":"https:\/\/carl-humann.de\/#website"},"primaryImageOfPage":{"@id":"https:\/\/carl-humann.de\/en\/wir-gruessen-unsere-juedischen-mitschuelerinnen-und-mitschueler-ganz-herzlich-zum-neujahrsfest-rosch-haschana-5785-2024\/#primaryimage"},"image":{"@id":"https:\/\/carl-humann.de\/en\/wir-gruessen-unsere-juedischen-mitschuelerinnen-und-mitschueler-ganz-herzlich-zum-neujahrsfest-rosch-haschana-5785-2024\/#primaryimage"},"thumbnailUrl":"https:\/\/carl-humann.de\/wp-content\/uploads\/2024\/10\/roshhashana.png","datePublished":"2024-10-04T10:30:59+00:00","dateModified":"2024-10-04T10:31:37+00:00","breadcrumb":{"@id":"https:\/\/carl-humann.de\/en\/wir-gruessen-unsere-juedischen-mitschuelerinnen-und-mitschueler-ganz-herzlich-zum-neujahrsfest-rosch-haschana-5785-2024\/#breadcrumb"},"inLanguage":"en-US","potentialAction":[{"@type":"ReadAction","target":["https:\/\/carl-humann.de\/en\/wir-gruessen-unsere-juedischen-mitschuelerinnen-und-mitschueler-ganz-herzlich-zum-neujahrsfest-rosch-haschana-5785-2024\/"]}]},{"@type":"ImageObject","inLanguage":"en-US","@id":"https:\/\/carl-humann.de\/en\/wir-gruessen-unsere-juedischen-mitschuelerinnen-und-mitschueler-ganz-herzlich-zum-neujahrsfest-rosch-haschana-5785-2024\/#primaryimage","url":"https:\/\/carl-humann.de\/wp-content\/uploads\/2024\/10\/roshhashana.png","contentUrl":"https:\/\/carl-humann.de\/wp-content\/uploads\/2024\/10\/roshhashana.png","width":672,"height":562},{"@type":"BreadcrumbList","@id":"https:\/\/carl-humann.de\/en\/wir-gruessen-unsere-juedischen-mitschuelerinnen-und-mitschueler-ganz-herzlich-zum-neujahrsfest-rosch-haschana-5785-2024\/#breadcrumb","itemListElement":[{"@type":"ListItem","position":1,"name":"Startseite","item":"https:\/\/carl-humann.de\/"},{"@type":"ListItem","position":2,"name":"Wir gr\u00fc\u00dfen unsere j\u00fcdischen Mitsch\u00fclerinnen und Mitsch\u00fcler ganz herzlich zum Neujahrsfest Rosch HaSchana 5785\/2024"}]},{"@type":"WebSite","@id":"https:\/\/carl-humann.de\/#website","url":"https:\/\/carl-humann.de\/","name":"Carl-Humann-Gymnasium Essen","description":"","publisher":{"@id":"https:\/\/carl-humann.de\/#organization"},"potentialAction":[{"@type":"SearchAction","target":{"@type":"EntryPoint","urlTemplate":"https:\/\/carl-humann.de\/?s={search_term_string}"},"query-input":{"@type":"PropertyValueSpecification","valueRequired":true,"valueName":"search_term_string"}}],"inLanguage":"en-US"},{"@type":"Organization","@id":"https:\/\/carl-humann.de\/#organization","name":"Carl-Humann-Gymnasium Essen","url":"https:\/\/carl-humann.de\/","logo":{"@type":"ImageObject","inLanguage":"en-US","@id":"https:\/\/carl-humann.de\/#\/schema\/logo\/image\/","url":"https:\/\/carl-humann.de\/wp-content\/uploads\/2021\/09\/Logo_1c_222x85mm-1.png","contentUrl":"https:\/\/carl-humann.de\/wp-content\/uploads\/2021\/09\/Logo_1c_222x85mm-1.png","width":2622,"height":1004,"caption":"Carl-Humann-Gymnasium Essen"},"image":{"@id":"https:\/\/carl-humann.de\/#\/schema\/logo\/image\/"}},{"@type":"Person","@id":"https:\/\/carl-humann.de\/#\/schema\/person\/11e850f41ea9f13a02e91c11f24dfb74","name":"Max Baukrowitz","url":"https:\/\/carl-humann.de\/en\/author\/max-baukrowitz\/"}]}},"_links":{"self":[{"href":"https:\/\/carl-humann.de\/en\/wp-json\/wp\/v2\/posts\/1007828","targetHints":{"allow":["GET"]}}],"collection":[{"href":"https:\/\/carl-humann.de\/en\/wp-json\/wp\/v2\/posts"}],"about":[{"href":"https:\/\/carl-humann.de\/en\/wp-json\/wp\/v2\/types\/post"}],"author":[{"embeddable":true,"href":"https:\/\/carl-humann.de\/en\/wp-json\/wp\/v2\/users\/5"}],"replies":[{"embeddable":true,"href":"https:\/\/carl-humann.de\/en\/wp-json\/wp\/v2\/comments?post=1007828"}],"version-history":[{"count":2,"href":"https:\/\/carl-humann.de\/en\/wp-json\/wp\/v2\/posts\/1007828\/revisions"}],"predecessor-version":[{"id":1007838,"href":"https:\/\/carl-humann.de\/en\/wp-json\/wp\/v2\/posts\/1007828\/revisions\/1007838"}],"wp:featuredmedia":[{"embeddable":true,"href":"https:\/\/carl-humann.de\/en\/wp-json\/wp\/v2\/media\/1007826"}],"wp:attachment":[{"href":"https:\/\/carl-humann.de\/en\/wp-json\/wp\/v2\/media?parent=1007828"}],"wp:term":[{"taxonomy":"category","embeddable":true,"href":"https:\/\/carl-humann.de\/en\/wp-json\/wp\/v2\/categories?post=1007828"},{"taxonomy":"post_tag","embeddable":true,"href":"https:\/\/carl-humann.de\/en\/wp-json\/wp\/v2\/tags?post=1007828"}],"curies":[{"name":"wp","href":"https:\/\/api.w.org\/{rel}","templated":true}]}}