{"id":1007503,"date":"2024-09-06T10:49:34","date_gmt":"2024-09-06T08:49:34","guid":{"rendered":"https:\/\/carl-humann.de\/schulerrat-wahlt-neue-schulervertretung-sv\/"},"modified":"2024-10-04T08:56:50","modified_gmt":"2024-10-04T06:56:50","slug":"schulerrat-wahlt-neue-schulervertretung-sv","status":"publish","type":"post","link":"https:\/\/carl-humann.de\/en\/schulerrat-wahlt-neue-schulervertretung-sv\/","title":{"rendered":"Sch\u00fclerrat w\u00e4hlt neue Sch\u00fclervertretung (SV)"},"content":{"rendered":"\t\t<div data-elementor-type=\"wp-post\" data-elementor-id=\"1007503\" class=\"elementor elementor-1007503\" data-elementor-post-type=\"post\">\n\t\t\t\t\t\t<section class=\"elementor-section elementor-top-section elementor-element elementor-element-48607a2d elementor-section-boxed elementor-section-height-default elementor-section-height-default\" data-id=\"48607a2d\" data-element_type=\"section\" data-e-type=\"section\">\n\t\t\t\t\t\t<div class=\"elementor-container elementor-column-gap-default\">\n\t\t\t\t\t<div class=\"elementor-column elementor-col-100 elementor-top-column elementor-element elementor-element-6e0e6cad\" data-id=\"6e0e6cad\" data-element_type=\"column\" data-e-type=\"column\">\n\t\t\t<div class=\"elementor-widget-wrap elementor-element-populated\">\n\t\t\t\t\t\t<div class=\"elementor-element elementor-element-32540ac9 elementor-widget elementor-widget-text-editor\" data-id=\"32540ac9\" data-element_type=\"widget\" data-e-type=\"widget\" data-widget_type=\"text-editor.default\">\n\t\t\t\t<div class=\"elementor-widget-container\">\n\t\t\t\t\t\t\t\t\t<p style=\"font-weight: 400;\">Der Sch\u00fclerrat hat in seiner ersten Sitzung zum Schuljahresanfang getagt und nicht nur eine neue Sch\u00fclervertretung, sondern auch ein neues Vertrauenslehrerteam gew\u00e4hlt.<\/p><p style=\"font-weight: 400;\">Als neue Sch\u00fclersprecherin wurde Lisa R. aus der EF gew\u00e4hlt. In dieser Position folgt sie auf Yul St. (Q2), der Lisa als stellvertretender Sch\u00fclersprecher unterst\u00fctzend zur Seite steht.<\/p><p style=\"font-weight: 400;\">Weitere Mitglieder der SV sind:<\/p><p style=\"font-weight: 400;\"><strong>Kern-SV<br \/><\/strong>&#8211; Emma E. (EF)<br \/>&#8211; Paul B. (8d)<br \/>&#8211; Ida St. (Q2)<br \/>&#8211; Larissa N. T. (EF)<\/p><p style=\"font-weight: 400;\"><strong>Vertreter*innen<br \/><\/strong>&#8211; Jonas L. (7d)<br \/>&#8211; Neele W. (8d)<br \/>&#8211; Bela D. (9b)<br \/>&#8211; Zainab F. (9b)<br \/>&#8211; Frida R. (9a)<\/p><p style=\"font-weight: 400;\">Zudem wurde neben Sandra Pa\u00df, die durch den Sch\u00fclerrat mehrheitlich in ihrem Atem best\u00e4tigt wurde, Thomas Wojtczak neu ins Vertrauenslehrerteam gew\u00e4hlt. Er tritt die Nachfolge von Joachim Dahlhoff an, der dieses Amt zehn Jahre infolge ausge\u00fcbt hat.<\/p><p style=\"font-weight: 400;\">F\u00fcr diese langj\u00e4hrige und vertrauensvolle Zusammenarbeit hat sich die SV bei Herrn Dahlhoff geb\u00fchrend bedankt. In einem kleinen Filmeinspieler haben heutige und ehemalige SV-Mitglieder fr\u00fcherer Abiturjahrg\u00e4nge mit pers\u00f6nlichen Worten des Dankes die Vertrauenslehrerarbeit von Herrn Dahlhoff gew\u00fcrdigt. \u00a0Der Sch\u00fclerrat hat sich mit einem von der SV umgedichteten Lied von Herr Dahlhoff verabschiedet. Und einen gro\u00dfen, bunten Blumenstrau\u00df gab es auch. Herr Dahlhoff, der mit solch einer wertsch\u00e4tzenden Verabschiedung nicht gerechnet hatte, war sichtlich ger\u00fchrt und bedankte sich bei den Sch\u00fclerinnen und Sch\u00fclern, bei der SV und den Teamkolleginnen Christine W\u00fcstenberg und Sandra Pa\u00df f\u00fcr die langj\u00e4hrige gute Zusammenarbeit und f\u00fcr das ihm entgegengebrachte Vertrauen.<\/p><p style=\"font-weight: 400;\">Danach begr\u00fc\u00dfte Herr Reuter und Frau W\u00fcstenberg als Schulleitungsteam den Sch\u00fclerrat und informierte u.a. \u00fcber den Stand der Toilettensanierung sowie \u00fcber das neue Schutzkonzept zum Thema \u201eSexualisierte Gewalt\u201c.<\/p><p><em>Ein Bild der gesamten neugew\u00e4hlten SV folgt in K\u00fcrze.<\/em><\/p>\t\t\t\t\t\t\t\t<\/div>\n\t\t\t\t<\/div>\n\t\t\t\t<div class=\"elementor-element elementor-element-b9c0b9c elementor-widget elementor-widget-gallery\" data-id=\"b9c0b9c\" data-element_type=\"widget\" data-e-type=\"widget\" data-settings=\"{&quot;lazyload&quot;:&quot;yes&quot;,&quot;gallery_layout&quot;:&quot;grid&quot;,&quot;columns&quot;:4,&quot;columns_tablet&quot;:2,&quot;columns_mobile&quot;:1,&quot;gap&quot;:{&quot;unit&quot;:&quot;px&quot;,&quot;size&quot;:10,&quot;sizes&quot;:[]},&quot;gap_tablet&quot;:{&quot;unit&quot;:&quot;px&quot;,&quot;size&quot;:10,&quot;sizes&quot;:[]},&quot;gap_mobile&quot;:{&quot;unit&quot;:&quot;px&quot;,&quot;size&quot;:10,&quot;sizes&quot;:[]},&quot;link_to&quot;:&quot;file&quot;,&quot;aspect_ratio&quot;:&quot;3:2&quot;,&quot;overlay_background&quot;:&quot;yes&quot;,&quot;content_hover_animation&quot;:&quot;fade-in&quot;}\" data-widget_type=\"gallery.default\">\n\t\t\t\t<div class=\"elementor-widget-container\">\n\t\t\t\t\t\t\t<div class=\"elementor-gallery__container\">\n\t\t\t\t\t\t\t<a class=\"e-gallery-item elementor-gallery-item elementor-animated-content\" href=\"https:\/\/carl-humann.de\/wp-content\/uploads\/2024\/09\/00a69047-e15c-47e0-8fff-7ea6081735dd.jpg\" data-elementor-open-lightbox=\"yes\" data-elementor-lightbox-slideshow=\"b9c0b9c\" data-elementor-lightbox-title=\"00a69047-e15c-47e0-8fff-7ea6081735dd\" data-e-action-hash=\"#elementor-action%3Aaction%3Dlightbox%26settings%3DeyJpZCI6MTAwNzQ1MCwidXJsIjoiaHR0cHM6XC9cL2NhcmwtaHVtYW5uLmRlXC93cC1jb250ZW50XC91cGxvYWRzXC8yMDI0XC8wOVwvMDBhNjkwNDctZTE1Yy00N2UwLThmZmYtN2VhNjA4MTczNWRkLmpwZyIsInNsaWRlc2hvdyI6ImI5YzBiOWMifQ%3D%3D\">\n\t\t\t\t\t<div class=\"e-gallery-image elementor-gallery-item__image\" data-thumbnail=\"https:\/\/carl-humann.de\/wp-content\/uploads\/2024\/09\/00a69047-e15c-47e0-8fff-7ea6081735dd-300x225.jpg\" data-width=\"300\" data-height=\"225\" aria-label=\"\" role=\"img\" ><\/div>\n\t\t\t\t\t\t\t\t\t\t\t<div class=\"elementor-gallery-item__overlay\"><\/div>\n\t\t\t\t\t\t\t\t\t\t\t\t\t\t<\/a>\n\t\t\t\t\t\t\t<a class=\"e-gallery-item elementor-gallery-item elementor-animated-content\" href=\"https:\/\/carl-humann.de\/wp-content\/uploads\/2024\/09\/6887df58-b383-499d-b5f0-3ee5bbc17b72.jpg\" data-elementor-open-lightbox=\"yes\" data-elementor-lightbox-slideshow=\"b9c0b9c\" data-elementor-lightbox-title=\"6887df58-b383-499d-b5f0-3ee5bbc17b72\" data-e-action-hash=\"#elementor-action%3Aaction%3Dlightbox%26settings%3DeyJpZCI6MTAwNzQ1MiwidXJsIjoiaHR0cHM6XC9cL2NhcmwtaHVtYW5uLmRlXC93cC1jb250ZW50XC91cGxvYWRzXC8yMDI0XC8wOVwvNjg4N2RmNTgtYjM4My00OTlkLWI1ZjAtM2VlNWJiYzE3YjcyLmpwZyIsInNsaWRlc2hvdyI6ImI5YzBiOWMifQ%3D%3D\">\n\t\t\t\t\t<div class=\"e-gallery-image elementor-gallery-item__image\" data-thumbnail=\"https:\/\/carl-humann.de\/wp-content\/uploads\/2024\/09\/6887df58-b383-499d-b5f0-3ee5bbc17b72-300x225.jpg\" data-width=\"300\" data-height=\"225\" aria-label=\"\" role=\"img\" ><\/div>\n\t\t\t\t\t\t\t\t\t\t\t<div class=\"elementor-gallery-item__overlay\"><\/div>\n\t\t\t\t\t\t\t\t\t\t\t\t\t\t<\/a>\n\t\t\t\t\t\t\t<a class=\"e-gallery-item elementor-gallery-item elementor-animated-content\" href=\"https:\/\/carl-humann.de\/wp-content\/uploads\/2024\/09\/ac584215-ccfe-4116-b5a5-88cccf7a7f10.jpg\" data-elementor-open-lightbox=\"yes\" data-elementor-lightbox-slideshow=\"b9c0b9c\" data-elementor-lightbox-title=\"ac584215-ccfe-4116-b5a5-88cccf7a7f10\" data-e-action-hash=\"#elementor-action%3Aaction%3Dlightbox%26settings%3DeyJpZCI6MTAwNzQ1NCwidXJsIjoiaHR0cHM6XC9cL2NhcmwtaHVtYW5uLmRlXC93cC1jb250ZW50XC91cGxvYWRzXC8yMDI0XC8wOVwvYWM1ODQyMTUtY2NmZS00MTE2LWI1YTUtODhjY2NmN2E3ZjEwLmpwZyIsInNsaWRlc2hvdyI6ImI5YzBiOWMifQ%3D%3D\">\n\t\t\t\t\t<div class=\"e-gallery-image elementor-gallery-item__image\" data-thumbnail=\"https:\/\/carl-humann.de\/wp-content\/uploads\/2024\/09\/ac584215-ccfe-4116-b5a5-88cccf7a7f10-300x225.jpg\" data-width=\"300\" data-height=\"225\" aria-label=\"\" role=\"img\" ><\/div>\n\t\t\t\t\t\t\t\t\t\t\t<div class=\"elementor-gallery-item__overlay\"><\/div>\n\t\t\t\t\t\t\t\t\t\t\t\t\t\t<\/a>\n\t\t\t\t\t\t\t<a class=\"e-gallery-item elementor-gallery-item elementor-animated-content\" href=\"https:\/\/carl-humann.de\/wp-content\/uploads\/2024\/09\/fecba45d-73f6-4f44-8e08-e737151962c7.jpg\" data-elementor-open-lightbox=\"yes\" data-elementor-lightbox-slideshow=\"b9c0b9c\" data-elementor-lightbox-title=\"fecba45d-73f6-4f44-8e08-e737151962c7\" data-e-action-hash=\"#elementor-action%3Aaction%3Dlightbox%26settings%3DeyJpZCI6MTAwNzQ1NiwidXJsIjoiaHR0cHM6XC9cL2NhcmwtaHVtYW5uLmRlXC93cC1jb250ZW50XC91cGxvYWRzXC8yMDI0XC8wOVwvZmVjYmE0NWQtNzNmNi00ZjQ0LThlMDgtZTczNzE1MTk2MmM3LmpwZyIsInNsaWRlc2hvdyI6ImI5YzBiOWMifQ%3D%3D\">\n\t\t\t\t\t<div class=\"e-gallery-image elementor-gallery-item__image\" data-thumbnail=\"https:\/\/carl-humann.de\/wp-content\/uploads\/2024\/09\/fecba45d-73f6-4f44-8e08-e737151962c7-225x300.jpg\" data-width=\"225\" data-height=\"300\" aria-label=\"\" role=\"img\" ><\/div>\n\t\t\t\t\t\t\t\t\t\t\t<div class=\"elementor-gallery-item__overlay\"><\/div>\n\t\t\t\t\t\t\t\t\t\t\t\t\t\t<\/a>\n\t\t\t\t\t\t\t<a class=\"e-gallery-item elementor-gallery-item elementor-animated-content\" href=\"https:\/\/carl-humann.de\/wp-content\/uploads\/2024\/09\/IMG_4688-scaled.jpg\" data-elementor-open-lightbox=\"yes\" data-elementor-lightbox-slideshow=\"b9c0b9c\" data-elementor-lightbox-title=\"IMG_4688\" data-e-action-hash=\"#elementor-action%3Aaction%3Dlightbox%26settings%3DeyJpZCI6MTAwNzQ1OCwidXJsIjoiaHR0cHM6XC9cL2NhcmwtaHVtYW5uLmRlXC93cC1jb250ZW50XC91cGxvYWRzXC8yMDI0XC8wOVwvSU1HXzQ2ODgtc2NhbGVkLmpwZyIsInNsaWRlc2hvdyI6ImI5YzBiOWMifQ%3D%3D\">\n\t\t\t\t\t<div class=\"e-gallery-image elementor-gallery-item__image\" data-thumbnail=\"https:\/\/carl-humann.de\/wp-content\/uploads\/2024\/09\/IMG_4688-300x225.jpg\" data-width=\"300\" data-height=\"225\" aria-label=\"\" role=\"img\" ><\/div>\n\t\t\t\t\t\t\t\t\t\t\t<div class=\"elementor-gallery-item__overlay\"><\/div>\n\t\t\t\t\t\t\t\t\t\t\t\t\t\t<\/a>\n\t\t\t\t\t\t\t<a class=\"e-gallery-item elementor-gallery-item elementor-animated-content\" href=\"https:\/\/carl-humann.de\/wp-content\/uploads\/2024\/09\/IMG_4691-scaled.jpg\" data-elementor-open-lightbox=\"yes\" data-elementor-lightbox-slideshow=\"b9c0b9c\" data-elementor-lightbox-title=\"IMG_4691\" data-e-action-hash=\"#elementor-action%3Aaction%3Dlightbox%26settings%3DeyJpZCI6MTAwNzQ2MCwidXJsIjoiaHR0cHM6XC9cL2NhcmwtaHVtYW5uLmRlXC93cC1jb250ZW50XC91cGxvYWRzXC8yMDI0XC8wOVwvSU1HXzQ2OTEtc2NhbGVkLmpwZyIsInNsaWRlc2hvdyI6ImI5YzBiOWMifQ%3D%3D\">\n\t\t\t\t\t<div class=\"e-gallery-image elementor-gallery-item__image\" data-thumbnail=\"https:\/\/carl-humann.de\/wp-content\/uploads\/2024\/09\/IMG_4691-300x225.jpg\" data-width=\"300\" data-height=\"225\" aria-label=\"\" role=\"img\" ><\/div>\n\t\t\t\t\t\t\t\t\t\t\t<div class=\"elementor-gallery-item__overlay\"><\/div>\n\t\t\t\t\t\t\t\t\t\t\t\t\t\t<\/a>\n\t\t\t\t\t\t\t<a class=\"e-gallery-item elementor-gallery-item elementor-animated-content\" href=\"https:\/\/carl-humann.de\/wp-content\/uploads\/2024\/09\/IMG_4692-scaled.jpg\" data-elementor-open-lightbox=\"yes\" data-elementor-lightbox-slideshow=\"b9c0b9c\" data-elementor-lightbox-title=\"IMG_4692\" data-e-action-hash=\"#elementor-action%3Aaction%3Dlightbox%26settings%3DeyJpZCI6MTAwNzQ2MiwidXJsIjoiaHR0cHM6XC9cL2NhcmwtaHVtYW5uLmRlXC93cC1jb250ZW50XC91cGxvYWRzXC8yMDI0XC8wOVwvSU1HXzQ2OTItc2NhbGVkLmpwZyIsInNsaWRlc2hvdyI6ImI5YzBiOWMifQ%3D%3D\">\n\t\t\t\t\t<div class=\"e-gallery-image elementor-gallery-item__image\" data-thumbnail=\"https:\/\/carl-humann.de\/wp-content\/uploads\/2024\/09\/IMG_4692-300x225.jpg\" data-width=\"300\" data-height=\"225\" aria-label=\"\" role=\"img\" ><\/div>\n\t\t\t\t\t\t\t\t\t\t\t<div class=\"elementor-gallery-item__overlay\"><\/div>\n\t\t\t\t\t\t\t\t\t\t\t\t\t\t<\/a>\n\t\t\t\t\t\t\t<a class=\"e-gallery-item elementor-gallery-item elementor-animated-content\" href=\"https:\/\/carl-humann.de\/wp-content\/uploads\/2024\/09\/IMG_4693-scaled.jpg\" data-elementor-open-lightbox=\"yes\" data-elementor-lightbox-slideshow=\"b9c0b9c\" data-elementor-lightbox-title=\"IMG_4693\" data-e-action-hash=\"#elementor-action%3Aaction%3Dlightbox%26settings%3DeyJpZCI6MTAwNzQ2NCwidXJsIjoiaHR0cHM6XC9cL2NhcmwtaHVtYW5uLmRlXC93cC1jb250ZW50XC91cGxvYWRzXC8yMDI0XC8wOVwvSU1HXzQ2OTMtc2NhbGVkLmpwZyIsInNsaWRlc2hvdyI6ImI5YzBiOWMifQ%3D%3D\">\n\t\t\t\t\t<div class=\"e-gallery-image elementor-gallery-item__image\" data-thumbnail=\"https:\/\/carl-humann.de\/wp-content\/uploads\/2024\/09\/IMG_4693-300x225.jpg\" data-width=\"300\" data-height=\"225\" aria-label=\"\" role=\"img\" ><\/div>\n\t\t\t\t\t\t\t\t\t\t\t<div class=\"elementor-gallery-item__overlay\"><\/div>\n\t\t\t\t\t\t\t\t\t\t\t\t\t\t<\/a>\n\t\t\t\t\t\t\t<a class=\"e-gallery-item elementor-gallery-item elementor-animated-content\" href=\"https:\/\/carl-humann.de\/wp-content\/uploads\/2024\/09\/IMG_4694-scaled.jpg\" data-elementor-open-lightbox=\"yes\" data-elementor-lightbox-slideshow=\"b9c0b9c\" data-elementor-lightbox-title=\"IMG_4694\" data-e-action-hash=\"#elementor-action%3Aaction%3Dlightbox%26settings%3DeyJpZCI6MTAwNzQ2NiwidXJsIjoiaHR0cHM6XC9cL2NhcmwtaHVtYW5uLmRlXC93cC1jb250ZW50XC91cGxvYWRzXC8yMDI0XC8wOVwvSU1HXzQ2OTQtc2NhbGVkLmpwZyIsInNsaWRlc2hvdyI6ImI5YzBiOWMifQ%3D%3D\">\n\t\t\t\t\t<div class=\"e-gallery-image elementor-gallery-item__image\" data-thumbnail=\"https:\/\/carl-humann.de\/wp-content\/uploads\/2024\/09\/IMG_4694-300x225.jpg\" data-width=\"300\" data-height=\"225\" aria-label=\"\" role=\"img\" ><\/div>\n\t\t\t\t\t\t\t\t\t\t\t<div class=\"elementor-gallery-item__overlay\"><\/div>\n\t\t\t\t\t\t\t\t\t\t\t\t\t\t<\/a>\n\t\t\t\t\t\t\t<a class=\"e-gallery-item elementor-gallery-item elementor-animated-content\" href=\"https:\/\/carl-humann.de\/wp-content\/uploads\/2024\/09\/IMG_4715-scaled.jpg\" data-elementor-open-lightbox=\"yes\" data-elementor-lightbox-slideshow=\"b9c0b9c\" data-elementor-lightbox-title=\"IMG_4715\" data-e-action-hash=\"#elementor-action%3Aaction%3Dlightbox%26settings%3DeyJpZCI6MTAwNzQ2OSwidXJsIjoiaHR0cHM6XC9cL2NhcmwtaHVtYW5uLmRlXC93cC1jb250ZW50XC91cGxvYWRzXC8yMDI0XC8wOVwvSU1HXzQ3MTUtc2NhbGVkLmpwZyIsInNsaWRlc2hvdyI6ImI5YzBiOWMifQ%3D%3D\">\n\t\t\t\t\t<div class=\"e-gallery-image elementor-gallery-item__image\" data-thumbnail=\"https:\/\/carl-humann.de\/wp-content\/uploads\/2024\/09\/IMG_4715-300x225.jpg\" data-width=\"300\" data-height=\"225\" aria-label=\"\" role=\"img\" ><\/div>\n\t\t\t\t\t\t\t\t\t\t\t<div class=\"elementor-gallery-item__overlay\"><\/div>\n\t\t\t\t\t\t\t\t\t\t\t\t\t\t<\/a>\n\t\t\t\t\t<\/div>\n\t\t\t\t\t<\/div>\n\t\t\t\t<\/div>\n\t\t\t\t\t<\/div>\n\t\t<\/div>\n\t\t\t\t\t<\/div>\n\t\t<\/section>\n\t\t\t\t<\/div>\n\t\t","protected":false},"excerpt":{"rendered":"<p>Der Sch\u00fclerrat hat in seiner ersten Sitzung zum Schuljahresanfang getagt und nicht nur eine neue Sch\u00fclervertretung, sondern auch ein neues Vertrauenslehrerteam gew\u00e4hlt. Als neue Sch\u00fclersprecherin wurde Lisa R. aus der EF gew\u00e4hlt. In dieser Position folgt sie auf Yul St. (Q2), der Lisa als stellvertretender Sch\u00fclersprecher unterst\u00fctzend zur Seite steht. Weitere Mitglieder der SV sind:&#8230;<\/p>\n","protected":false},"author":5,"featured_media":1007816,"comment_status":"closed","ping_status":"closed","sticky":false,"template":"","format":"standard","meta":{"inline_featured_image":false,"footnotes":""},"categories":[],"tags":[],"class_list":["post-1007503","post","type-post","status-publish","format-standard","has-post-thumbnail","hentry"],"yoast_head":"<!-- This site is optimized with the Yoast SEO plugin v27.4 - https:\/\/yoast.com\/product\/yoast-seo-wordpress\/ -->\n<title>Sch\u00fclerrat w\u00e4hlt neue Sch\u00fclervertretung (SV) - Carl-Humann-Gymnasium Essen<\/title>\n<meta name=\"robots\" content=\"index, follow, max-snippet:-1, max-image-preview:large, max-video-preview:-1\" \/>\n<link rel=\"canonical\" href=\"https:\/\/carl-humann.de\/en\/schulerrat-wahlt-neue-schulervertretung-sv\/\" \/>\n<meta property=\"og:locale\" content=\"en_US\" \/>\n<meta property=\"og:type\" content=\"article\" \/>\n<meta property=\"og:title\" content=\"Sch\u00fclerrat w\u00e4hlt neue Sch\u00fclervertretung (SV) - Carl-Humann-Gymnasium Essen\" \/>\n<meta property=\"og:description\" content=\"Der Sch\u00fclerrat hat in seiner ersten Sitzung zum Schuljahresanfang getagt und nicht nur eine neue Sch\u00fclervertretung, sondern auch ein neues Vertrauenslehrerteam gew\u00e4hlt. Als neue Sch\u00fclersprecherin wurde Lisa R. aus der EF gew\u00e4hlt. In dieser Position folgt sie auf Yul St. (Q2), der Lisa als stellvertretender Sch\u00fclersprecher unterst\u00fctzend zur Seite steht. Weitere Mitglieder der SV sind:...\" \/>\n<meta property=\"og:url\" content=\"https:\/\/carl-humann.de\/en\/schulerrat-wahlt-neue-schulervertretung-sv\/\" \/>\n<meta property=\"og:site_name\" content=\"Carl-Humann-Gymnasium Essen\" \/>\n<meta property=\"article:published_time\" content=\"2024-09-06T08:49:34+00:00\" \/>\n<meta property=\"article:modified_time\" content=\"2024-10-04T06:56:50+00:00\" \/>\n<meta property=\"og:image\" content=\"https:\/\/carl-humann.de\/wp-content\/uploads\/2024\/09\/IMG_0881.jpg\" \/>\n\t<meta property=\"og:image:width\" content=\"850\" \/>\n\t<meta property=\"og:image:height\" content=\"1065\" \/>\n\t<meta property=\"og:image:type\" content=\"image\/jpeg\" \/>\n<meta name=\"author\" content=\"Max Baukrowitz\" \/>\n<meta name=\"twitter:card\" content=\"summary_large_image\" \/>\n<meta name=\"twitter:label1\" content=\"Written by\" \/>\n\t<meta name=\"twitter:data1\" content=\"Max Baukrowitz\" \/>\n\t<meta name=\"twitter:label2\" content=\"Est. reading time\" \/>\n\t<meta name=\"twitter:data2\" content=\"2 minutes\" \/>\n<script type=\"application\/ld+json\" class=\"yoast-schema-graph\">{\"@context\":\"https:\\\/\\\/schema.org\",\"@graph\":[{\"@type\":\"Article\",\"@id\":\"https:\\\/\\\/carl-humann.de\\\/en\\\/schulerrat-wahlt-neue-schulervertretung-sv\\\/#article\",\"isPartOf\":{\"@id\":\"https:\\\/\\\/carl-humann.de\\\/en\\\/schulerrat-wahlt-neue-schulervertretung-sv\\\/\"},\"author\":{\"name\":\"Max Baukrowitz\",\"@id\":\"https:\\\/\\\/carl-humann.de\\\/#\\\/schema\\\/person\\\/11e850f41ea9f13a02e91c11f24dfb74\"},\"headline\":\"Sch\u00fclerrat w\u00e4hlt neue Sch\u00fclervertretung (SV)\",\"datePublished\":\"2024-09-06T08:49:34+00:00\",\"dateModified\":\"2024-10-04T06:56:50+00:00\",\"mainEntityOfPage\":{\"@id\":\"https:\\\/\\\/carl-humann.de\\\/en\\\/schulerrat-wahlt-neue-schulervertretung-sv\\\/\"},\"wordCount\":315,\"publisher\":{\"@id\":\"https:\\\/\\\/carl-humann.de\\\/#organization\"},\"image\":{\"@id\":\"https:\\\/\\\/carl-humann.de\\\/en\\\/schulerrat-wahlt-neue-schulervertretung-sv\\\/#primaryimage\"},\"thumbnailUrl\":\"https:\\\/\\\/carl-humann.de\\\/wp-content\\\/uploads\\\/2024\\\/09\\\/IMG_0881.jpg\",\"inLanguage\":\"en-US\"},{\"@type\":\"WebPage\",\"@id\":\"https:\\\/\\\/carl-humann.de\\\/en\\\/schulerrat-wahlt-neue-schulervertretung-sv\\\/\",\"url\":\"https:\\\/\\\/carl-humann.de\\\/en\\\/schulerrat-wahlt-neue-schulervertretung-sv\\\/\",\"name\":\"Sch\u00fclerrat w\u00e4hlt neue Sch\u00fclervertretung (SV) - Carl-Humann-Gymnasium Essen\",\"isPartOf\":{\"@id\":\"https:\\\/\\\/carl-humann.de\\\/#website\"},\"primaryImageOfPage\":{\"@id\":\"https:\\\/\\\/carl-humann.de\\\/en\\\/schulerrat-wahlt-neue-schulervertretung-sv\\\/#primaryimage\"},\"image\":{\"@id\":\"https:\\\/\\\/carl-humann.de\\\/en\\\/schulerrat-wahlt-neue-schulervertretung-sv\\\/#primaryimage\"},\"thumbnailUrl\":\"https:\\\/\\\/carl-humann.de\\\/wp-content\\\/uploads\\\/2024\\\/09\\\/IMG_0881.jpg\",\"datePublished\":\"2024-09-06T08:49:34+00:00\",\"dateModified\":\"2024-10-04T06:56:50+00:00\",\"breadcrumb\":{\"@id\":\"https:\\\/\\\/carl-humann.de\\\/en\\\/schulerrat-wahlt-neue-schulervertretung-sv\\\/#breadcrumb\"},\"inLanguage\":\"en-US\",\"potentialAction\":[{\"@type\":\"ReadAction\",\"target\":[\"https:\\\/\\\/carl-humann.de\\\/en\\\/schulerrat-wahlt-neue-schulervertretung-sv\\\/\"]}]},{\"@type\":\"ImageObject\",\"inLanguage\":\"en-US\",\"@id\":\"https:\\\/\\\/carl-humann.de\\\/en\\\/schulerrat-wahlt-neue-schulervertretung-sv\\\/#primaryimage\",\"url\":\"https:\\\/\\\/carl-humann.de\\\/wp-content\\\/uploads\\\/2024\\\/09\\\/IMG_0881.jpg\",\"contentUrl\":\"https:\\\/\\\/carl-humann.de\\\/wp-content\\\/uploads\\\/2024\\\/09\\\/IMG_0881.jpg\",\"width\":850,\"height\":1065,\"caption\":\"Screenshot\"},{\"@type\":\"BreadcrumbList\",\"@id\":\"https:\\\/\\\/carl-humann.de\\\/en\\\/schulerrat-wahlt-neue-schulervertretung-sv\\\/#breadcrumb\",\"itemListElement\":[{\"@type\":\"ListItem\",\"position\":1,\"name\":\"Startseite\",\"item\":\"https:\\\/\\\/carl-humann.de\\\/\"},{\"@type\":\"ListItem\",\"position\":2,\"name\":\"Sch\u00fclerrat w\u00e4hlt neue Sch\u00fclervertretung (SV)\"}]},{\"@type\":\"WebSite\",\"@id\":\"https:\\\/\\\/carl-humann.de\\\/#website\",\"url\":\"https:\\\/\\\/carl-humann.de\\\/\",\"name\":\"Carl-Humann-Gymnasium Essen\",\"description\":\"\",\"publisher\":{\"@id\":\"https:\\\/\\\/carl-humann.de\\\/#organization\"},\"potentialAction\":[{\"@type\":\"SearchAction\",\"target\":{\"@type\":\"EntryPoint\",\"urlTemplate\":\"https:\\\/\\\/carl-humann.de\\\/?s={search_term_string}\"},\"query-input\":{\"@type\":\"PropertyValueSpecification\",\"valueRequired\":true,\"valueName\":\"search_term_string\"}}],\"inLanguage\":\"en-US\"},{\"@type\":\"Organization\",\"@id\":\"https:\\\/\\\/carl-humann.de\\\/#organization\",\"name\":\"Carl-Humann-Gymnasium Essen\",\"url\":\"https:\\\/\\\/carl-humann.de\\\/\",\"logo\":{\"@type\":\"ImageObject\",\"inLanguage\":\"en-US\",\"@id\":\"https:\\\/\\\/carl-humann.de\\\/#\\\/schema\\\/logo\\\/image\\\/\",\"url\":\"https:\\\/\\\/carl-humann.de\\\/wp-content\\\/uploads\\\/2021\\\/09\\\/Logo_1c_222x85mm-1.png\",\"contentUrl\":\"https:\\\/\\\/carl-humann.de\\\/wp-content\\\/uploads\\\/2021\\\/09\\\/Logo_1c_222x85mm-1.png\",\"width\":2622,\"height\":1004,\"caption\":\"Carl-Humann-Gymnasium Essen\"},\"image\":{\"@id\":\"https:\\\/\\\/carl-humann.de\\\/#\\\/schema\\\/logo\\\/image\\\/\"}},{\"@type\":\"Person\",\"@id\":\"https:\\\/\\\/carl-humann.de\\\/#\\\/schema\\\/person\\\/11e850f41ea9f13a02e91c11f24dfb74\",\"name\":\"Max Baukrowitz\",\"url\":\"https:\\\/\\\/carl-humann.de\\\/en\\\/author\\\/max-baukrowitz\\\/\"}]}<\/script>\n<!-- \/ Yoast SEO plugin. -->","yoast_head_json":{"title":"Sch\u00fclerrat w\u00e4hlt neue Sch\u00fclervertretung (SV) - Carl-Humann-Gymnasium Essen","robots":{"index":"index","follow":"follow","max-snippet":"max-snippet:-1","max-image-preview":"max-image-preview:large","max-video-preview":"max-video-preview:-1"},"canonical":"https:\/\/carl-humann.de\/en\/schulerrat-wahlt-neue-schulervertretung-sv\/","og_locale":"en_US","og_type":"article","og_title":"Sch\u00fclerrat w\u00e4hlt neue Sch\u00fclervertretung (SV) - Carl-Humann-Gymnasium Essen","og_description":"Der Sch\u00fclerrat hat in seiner ersten Sitzung zum Schuljahresanfang getagt und nicht nur eine neue Sch\u00fclervertretung, sondern auch ein neues Vertrauenslehrerteam gew\u00e4hlt. Als neue Sch\u00fclersprecherin wurde Lisa R. aus der EF gew\u00e4hlt. In dieser Position folgt sie auf Yul St. (Q2), der Lisa als stellvertretender Sch\u00fclersprecher unterst\u00fctzend zur Seite steht. Weitere Mitglieder der SV sind:...","og_url":"https:\/\/carl-humann.de\/en\/schulerrat-wahlt-neue-schulervertretung-sv\/","og_site_name":"Carl-Humann-Gymnasium Essen","article_published_time":"2024-09-06T08:49:34+00:00","article_modified_time":"2024-10-04T06:56:50+00:00","og_image":[{"width":850,"height":1065,"url":"https:\/\/carl-humann.de\/wp-content\/uploads\/2024\/09\/IMG_0881.jpg","type":"image\/jpeg"}],"author":"Max Baukrowitz","twitter_card":"summary_large_image","twitter_misc":{"Written by":"Max Baukrowitz","Est. reading time":"2 minutes"},"schema":{"@context":"https:\/\/schema.org","@graph":[{"@type":"Article","@id":"https:\/\/carl-humann.de\/en\/schulerrat-wahlt-neue-schulervertretung-sv\/#article","isPartOf":{"@id":"https:\/\/carl-humann.de\/en\/schulerrat-wahlt-neue-schulervertretung-sv\/"},"author":{"name":"Max Baukrowitz","@id":"https:\/\/carl-humann.de\/#\/schema\/person\/11e850f41ea9f13a02e91c11f24dfb74"},"headline":"Sch\u00fclerrat w\u00e4hlt neue Sch\u00fclervertretung (SV)","datePublished":"2024-09-06T08:49:34+00:00","dateModified":"2024-10-04T06:56:50+00:00","mainEntityOfPage":{"@id":"https:\/\/carl-humann.de\/en\/schulerrat-wahlt-neue-schulervertretung-sv\/"},"wordCount":315,"publisher":{"@id":"https:\/\/carl-humann.de\/#organization"},"image":{"@id":"https:\/\/carl-humann.de\/en\/schulerrat-wahlt-neue-schulervertretung-sv\/#primaryimage"},"thumbnailUrl":"https:\/\/carl-humann.de\/wp-content\/uploads\/2024\/09\/IMG_0881.jpg","inLanguage":"en-US"},{"@type":"WebPage","@id":"https:\/\/carl-humann.de\/en\/schulerrat-wahlt-neue-schulervertretung-sv\/","url":"https:\/\/carl-humann.de\/en\/schulerrat-wahlt-neue-schulervertretung-sv\/","name":"Sch\u00fclerrat w\u00e4hlt neue Sch\u00fclervertretung (SV) - Carl-Humann-Gymnasium Essen","isPartOf":{"@id":"https:\/\/carl-humann.de\/#website"},"primaryImageOfPage":{"@id":"https:\/\/carl-humann.de\/en\/schulerrat-wahlt-neue-schulervertretung-sv\/#primaryimage"},"image":{"@id":"https:\/\/carl-humann.de\/en\/schulerrat-wahlt-neue-schulervertretung-sv\/#primaryimage"},"thumbnailUrl":"https:\/\/carl-humann.de\/wp-content\/uploads\/2024\/09\/IMG_0881.jpg","datePublished":"2024-09-06T08:49:34+00:00","dateModified":"2024-10-04T06:56:50+00:00","breadcrumb":{"@id":"https:\/\/carl-humann.de\/en\/schulerrat-wahlt-neue-schulervertretung-sv\/#breadcrumb"},"inLanguage":"en-US","potentialAction":[{"@type":"ReadAction","target":["https:\/\/carl-humann.de\/en\/schulerrat-wahlt-neue-schulervertretung-sv\/"]}]},{"@type":"ImageObject","inLanguage":"en-US","@id":"https:\/\/carl-humann.de\/en\/schulerrat-wahlt-neue-schulervertretung-sv\/#primaryimage","url":"https:\/\/carl-humann.de\/wp-content\/uploads\/2024\/09\/IMG_0881.jpg","contentUrl":"https:\/\/carl-humann.de\/wp-content\/uploads\/2024\/09\/IMG_0881.jpg","width":850,"height":1065,"caption":"Screenshot"},{"@type":"BreadcrumbList","@id":"https:\/\/carl-humann.de\/en\/schulerrat-wahlt-neue-schulervertretung-sv\/#breadcrumb","itemListElement":[{"@type":"ListItem","position":1,"name":"Startseite","item":"https:\/\/carl-humann.de\/"},{"@type":"ListItem","position":2,"name":"Sch\u00fclerrat w\u00e4hlt neue Sch\u00fclervertretung (SV)"}]},{"@type":"WebSite","@id":"https:\/\/carl-humann.de\/#website","url":"https:\/\/carl-humann.de\/","name":"Carl-Humann-Gymnasium Essen","description":"","publisher":{"@id":"https:\/\/carl-humann.de\/#organization"},"potentialAction":[{"@type":"SearchAction","target":{"@type":"EntryPoint","urlTemplate":"https:\/\/carl-humann.de\/?s={search_term_string}"},"query-input":{"@type":"PropertyValueSpecification","valueRequired":true,"valueName":"search_term_string"}}],"inLanguage":"en-US"},{"@type":"Organization","@id":"https:\/\/carl-humann.de\/#organization","name":"Carl-Humann-Gymnasium Essen","url":"https:\/\/carl-humann.de\/","logo":{"@type":"ImageObject","inLanguage":"en-US","@id":"https:\/\/carl-humann.de\/#\/schema\/logo\/image\/","url":"https:\/\/carl-humann.de\/wp-content\/uploads\/2021\/09\/Logo_1c_222x85mm-1.png","contentUrl":"https:\/\/carl-humann.de\/wp-content\/uploads\/2021\/09\/Logo_1c_222x85mm-1.png","width":2622,"height":1004,"caption":"Carl-Humann-Gymnasium Essen"},"image":{"@id":"https:\/\/carl-humann.de\/#\/schema\/logo\/image\/"}},{"@type":"Person","@id":"https:\/\/carl-humann.de\/#\/schema\/person\/11e850f41ea9f13a02e91c11f24dfb74","name":"Max Baukrowitz","url":"https:\/\/carl-humann.de\/en\/author\/max-baukrowitz\/"}]}},"_links":{"self":[{"href":"https:\/\/carl-humann.de\/en\/wp-json\/wp\/v2\/posts\/1007503","targetHints":{"allow":["GET"]}}],"collection":[{"href":"https:\/\/carl-humann.de\/en\/wp-json\/wp\/v2\/posts"}],"about":[{"href":"https:\/\/carl-humann.de\/en\/wp-json\/wp\/v2\/types\/post"}],"author":[{"embeddable":true,"href":"https:\/\/carl-humann.de\/en\/wp-json\/wp\/v2\/users\/5"}],"replies":[{"embeddable":true,"href":"https:\/\/carl-humann.de\/en\/wp-json\/wp\/v2\/comments?post=1007503"}],"version-history":[{"count":1,"href":"https:\/\/carl-humann.de\/en\/wp-json\/wp\/v2\/posts\/1007503\/revisions"}],"predecessor-version":[{"id":1007504,"href":"https:\/\/carl-humann.de\/en\/wp-json\/wp\/v2\/posts\/1007503\/revisions\/1007504"}],"wp:featuredmedia":[{"embeddable":true,"href":"https:\/\/carl-humann.de\/en\/wp-json\/wp\/v2\/media\/1007816"}],"wp:attachment":[{"href":"https:\/\/carl-humann.de\/en\/wp-json\/wp\/v2\/media?parent=1007503"}],"wp:term":[{"taxonomy":"category","embeddable":true,"href":"https:\/\/carl-humann.de\/en\/wp-json\/wp\/v2\/categories?post=1007503"},{"taxonomy":"post_tag","embeddable":true,"href":"https:\/\/carl-humann.de\/en\/wp-json\/wp\/v2\/tags?post=1007503"}],"curies":[{"name":"wp","href":"https:\/\/api.w.org\/{rel}","templated":true}]}}