{"id":1007438,"date":"2024-08-30T10:03:41","date_gmt":"2024-08-30T08:03:41","guid":{"rendered":"https:\/\/carl-humann.de\/in-erinnerung-an-sven-meyer\/"},"modified":"2024-08-30T10:12:39","modified_gmt":"2024-08-30T08:12:39","slug":"in-erinnerung-an-sven-meyer","status":"publish","type":"post","link":"https:\/\/carl-humann.de\/en\/in-erinnerung-an-sven-meyer\/","title":{"rendered":"In Erinnerung an <br>Sven Meyer"},"content":{"rendered":"\t\t<div data-elementor-type=\"wp-post\" data-elementor-id=\"1007438\" class=\"elementor elementor-1007438\" data-elementor-post-type=\"post\">\n\t\t\t\t\t\t<section class=\"elementor-section elementor-top-section elementor-element elementor-element-23e5b207 elementor-section-boxed elementor-section-height-default elementor-section-height-default\" data-id=\"23e5b207\" data-element_type=\"section\" data-e-type=\"section\">\n\t\t\t\t\t\t<div class=\"elementor-container elementor-column-gap-default\">\n\t\t\t\t\t<div class=\"elementor-column elementor-col-100 elementor-top-column elementor-element elementor-element-383e19d4\" data-id=\"383e19d4\" data-element_type=\"column\" data-e-type=\"column\">\n\t\t\t<div class=\"elementor-widget-wrap elementor-element-populated\">\n\t\t\t\t\t\t<div class=\"elementor-element elementor-element-3f614738 elementor-widget elementor-widget-text-editor\" data-id=\"3f614738\" data-element_type=\"widget\" data-e-type=\"widget\" data-widget_type=\"text-editor.default\">\n\t\t\t\t<div class=\"elementor-widget-container\">\n\t\t\t\t\t\t\t\t\t<p style=\"font-weight: 400; text-align: left;\">Die Schulgemeinschaft des Carl-Humann-Gymnasiums trauert um ihren ehemaligen Sch\u00fcler Sven Meyer.<\/p><p style=\"font-weight: 400; text-align: left;\">Sven wurde im August 2015 am CHG als Sextaner eingeschult. Nach erfolgreicher Abiturpr\u00fcfung hat er im Juni 2023 sein Zeugnis mit einem sehr guten Notendurchschnitt entgegennehmen d\u00fcrfen.\u00a0<\/p><p style=\"font-weight: 400; text-align: left;\">Kurz danach ist er schwer erkrankt. In Folge dieser Krankheit ist er \u2013 unerwartet &#8211; am\u00a026. Juli 2024 viel zu fr\u00fch verstorben.<\/p><p style=\"font-weight: 400; text-align: left;\">Wenn wir an Sven denken, dann erinnern wir uns an einen bescheidenen und sympathischen jungen Mann, der bei seinen Mitsch\u00fclerinnen und Mitsch\u00fclern und bei seinen Lehrerinnen und Lehrern gleicherma\u00dfen beliebt war. Neben seiner Leidenschaft f\u00fcr das Fach Informatik war er vor allem ein begeisterter und talentierter Fussballspieler, der seine Zukunft durchaus im Profifussball gesehen hat. Mit seinem Balltalent und fussballerischem K\u00f6nnen geh\u00f6rte er auch zu den wichtigen Spielern im Team unserer Fussballschulmannschaft.<\/p><p style=\"font-weight: 400; text-align: left;\">Sein allzu fr\u00fcher Tod macht uns als Schulgemeinde sehr traurig.<\/p><p style=\"font-weight: 400; text-align: left;\">Wir werden Sven stets in guter Erinnerung behalten.<\/p><p style=\"font-weight: 400; text-align: left;\">Unser tiefempfundenes Mitgef\u00fchl geh\u00f6rt in diesen Tagen und Wochen seinen Eltern und seinem Bruder sowie seinem engsten Freundeskreis.<\/p><p style=\"font-weight: 400; text-align: center;\">Die Schulgemeinde des Carl-Humann-Gymnasiums<\/p>\t\t\t\t\t\t\t\t<\/div>\n\t\t\t\t<\/div>\n\t\t\t\t\t<\/div>\n\t\t<\/div>\n\t\t\t\t\t<\/div>\n\t\t<\/section>\n\t\t\t\t<\/div>\n\t\t","protected":false},"excerpt":{"rendered":"<p>Die Schulgemeinschaft des Carl-Humann-Gymnasiums trauert um ihren ehemaligen Sch\u00fcler Sven Meyer. Sven wurde im August 2015 am CHG als Sextaner eingeschult. Nach erfolgreicher Abiturpr\u00fcfung hat er im Juni 2023 sein Zeugnis mit einem sehr guten Notendurchschnitt entgegennehmen d\u00fcrfen. Kurz danach ist er schwer erkrankt. In Folge dieser Krankheit ist er \u2013 unerwartet &#8211; am\u00a026. Juli&#8230;<\/p>\n","protected":false},"author":5,"featured_media":1007435,"comment_status":"closed","ping_status":"closed","sticky":false,"template":"","format":"standard","meta":{"inline_featured_image":false,"footnotes":""},"categories":[],"tags":[],"class_list":["post-1007438","post","type-post","status-publish","format-standard","has-post-thumbnail","hentry"],"yoast_head":"<!-- This site is optimized with the Yoast SEO plugin v27.5 - https:\/\/yoast.com\/product\/yoast-seo-wordpress\/ -->\n<title>In Erinnerung an Sven Meyer - Carl-Humann-Gymnasium Essen<\/title>\n<meta name=\"robots\" content=\"index, follow, max-snippet:-1, max-image-preview:large, max-video-preview:-1\" \/>\n<link rel=\"canonical\" href=\"https:\/\/carl-humann.de\/en\/in-erinnerung-an-sven-meyer\/\" \/>\n<meta property=\"og:locale\" content=\"en_US\" \/>\n<meta property=\"og:type\" content=\"article\" \/>\n<meta property=\"og:title\" content=\"In Erinnerung an Sven Meyer - Carl-Humann-Gymnasium Essen\" \/>\n<meta property=\"og:description\" content=\"Die Schulgemeinschaft des Carl-Humann-Gymnasiums trauert um ihren ehemaligen Sch\u00fcler Sven Meyer. Sven wurde im August 2015 am CHG als Sextaner eingeschult. Nach erfolgreicher Abiturpr\u00fcfung hat er im Juni 2023 sein Zeugnis mit einem sehr guten Notendurchschnitt entgegennehmen d\u00fcrfen. Kurz danach ist er schwer erkrankt. In Folge dieser Krankheit ist er \u2013 unerwartet &#8211; am\u00a026. Juli...\" \/>\n<meta property=\"og:url\" content=\"https:\/\/carl-humann.de\/en\/in-erinnerung-an-sven-meyer\/\" \/>\n<meta property=\"og:site_name\" content=\"Carl-Humann-Gymnasium Essen\" \/>\n<meta property=\"article:published_time\" content=\"2024-08-30T08:03:41+00:00\" \/>\n<meta property=\"article:modified_time\" content=\"2024-08-30T08:12:39+00:00\" \/>\n<meta property=\"og:image\" content=\"https:\/\/carl-humann.de\/wp-content\/uploads\/2024\/08\/Neues-Projekt-9.png\" \/>\n\t<meta property=\"og:image:width\" content=\"1920\" \/>\n\t<meta property=\"og:image:height\" content=\"1080\" \/>\n\t<meta property=\"og:image:type\" content=\"image\/png\" \/>\n<meta name=\"author\" content=\"Max Baukrowitz\" \/>\n<meta name=\"twitter:card\" content=\"summary_large_image\" \/>\n<meta name=\"twitter:label1\" content=\"Written by\" \/>\n\t<meta name=\"twitter:data1\" content=\"Max Baukrowitz\" \/>\n\t<meta name=\"twitter:label2\" content=\"Est. reading time\" \/>\n\t<meta name=\"twitter:data2\" content=\"2 minutes\" \/>\n<script type=\"application\/ld+json\" class=\"yoast-schema-graph\">{\"@context\":\"https:\\\/\\\/schema.org\",\"@graph\":[{\"@type\":\"Article\",\"@id\":\"https:\\\/\\\/carl-humann.de\\\/en\\\/in-erinnerung-an-sven-meyer\\\/#article\",\"isPartOf\":{\"@id\":\"https:\\\/\\\/carl-humann.de\\\/en\\\/in-erinnerung-an-sven-meyer\\\/\"},\"author\":{\"name\":\"Max Baukrowitz\",\"@id\":\"https:\\\/\\\/carl-humann.de\\\/#\\\/schema\\\/person\\\/11e850f41ea9f13a02e91c11f24dfb74\"},\"headline\":\"In Erinnerung an Sven Meyer\",\"datePublished\":\"2024-08-30T08:03:41+00:00\",\"dateModified\":\"2024-08-30T08:12:39+00:00\",\"mainEntityOfPage\":{\"@id\":\"https:\\\/\\\/carl-humann.de\\\/en\\\/in-erinnerung-an-sven-meyer\\\/\"},\"wordCount\":186,\"publisher\":{\"@id\":\"https:\\\/\\\/carl-humann.de\\\/#organization\"},\"image\":{\"@id\":\"https:\\\/\\\/carl-humann.de\\\/en\\\/in-erinnerung-an-sven-meyer\\\/#primaryimage\"},\"thumbnailUrl\":\"https:\\\/\\\/carl-humann.de\\\/wp-content\\\/uploads\\\/2024\\\/08\\\/Neues-Projekt-9.png\",\"inLanguage\":\"en-US\"},{\"@type\":\"WebPage\",\"@id\":\"https:\\\/\\\/carl-humann.de\\\/en\\\/in-erinnerung-an-sven-meyer\\\/\",\"url\":\"https:\\\/\\\/carl-humann.de\\\/en\\\/in-erinnerung-an-sven-meyer\\\/\",\"name\":\"In Erinnerung an Sven Meyer - Carl-Humann-Gymnasium Essen\",\"isPartOf\":{\"@id\":\"https:\\\/\\\/carl-humann.de\\\/#website\"},\"primaryImageOfPage\":{\"@id\":\"https:\\\/\\\/carl-humann.de\\\/en\\\/in-erinnerung-an-sven-meyer\\\/#primaryimage\"},\"image\":{\"@id\":\"https:\\\/\\\/carl-humann.de\\\/en\\\/in-erinnerung-an-sven-meyer\\\/#primaryimage\"},\"thumbnailUrl\":\"https:\\\/\\\/carl-humann.de\\\/wp-content\\\/uploads\\\/2024\\\/08\\\/Neues-Projekt-9.png\",\"datePublished\":\"2024-08-30T08:03:41+00:00\",\"dateModified\":\"2024-08-30T08:12:39+00:00\",\"breadcrumb\":{\"@id\":\"https:\\\/\\\/carl-humann.de\\\/en\\\/in-erinnerung-an-sven-meyer\\\/#breadcrumb\"},\"inLanguage\":\"en-US\",\"potentialAction\":[{\"@type\":\"ReadAction\",\"target\":[\"https:\\\/\\\/carl-humann.de\\\/en\\\/in-erinnerung-an-sven-meyer\\\/\"]}]},{\"@type\":\"ImageObject\",\"inLanguage\":\"en-US\",\"@id\":\"https:\\\/\\\/carl-humann.de\\\/en\\\/in-erinnerung-an-sven-meyer\\\/#primaryimage\",\"url\":\"https:\\\/\\\/carl-humann.de\\\/wp-content\\\/uploads\\\/2024\\\/08\\\/Neues-Projekt-9.png\",\"contentUrl\":\"https:\\\/\\\/carl-humann.de\\\/wp-content\\\/uploads\\\/2024\\\/08\\\/Neues-Projekt-9.png\",\"width\":1920,\"height\":1080},{\"@type\":\"BreadcrumbList\",\"@id\":\"https:\\\/\\\/carl-humann.de\\\/en\\\/in-erinnerung-an-sven-meyer\\\/#breadcrumb\",\"itemListElement\":[{\"@type\":\"ListItem\",\"position\":1,\"name\":\"Startseite\",\"item\":\"https:\\\/\\\/carl-humann.de\\\/\"},{\"@type\":\"ListItem\",\"position\":2,\"name\":\"In Erinnerung an Sven Meyer\"}]},{\"@type\":\"WebSite\",\"@id\":\"https:\\\/\\\/carl-humann.de\\\/#website\",\"url\":\"https:\\\/\\\/carl-humann.de\\\/\",\"name\":\"Carl-Humann-Gymnasium Essen\",\"description\":\"\",\"publisher\":{\"@id\":\"https:\\\/\\\/carl-humann.de\\\/#organization\"},\"potentialAction\":[{\"@type\":\"SearchAction\",\"target\":{\"@type\":\"EntryPoint\",\"urlTemplate\":\"https:\\\/\\\/carl-humann.de\\\/?s={search_term_string}\"},\"query-input\":{\"@type\":\"PropertyValueSpecification\",\"valueRequired\":true,\"valueName\":\"search_term_string\"}}],\"inLanguage\":\"en-US\"},{\"@type\":\"Organization\",\"@id\":\"https:\\\/\\\/carl-humann.de\\\/#organization\",\"name\":\"Carl-Humann-Gymnasium Essen\",\"url\":\"https:\\\/\\\/carl-humann.de\\\/\",\"logo\":{\"@type\":\"ImageObject\",\"inLanguage\":\"en-US\",\"@id\":\"https:\\\/\\\/carl-humann.de\\\/#\\\/schema\\\/logo\\\/image\\\/\",\"url\":\"https:\\\/\\\/carl-humann.de\\\/wp-content\\\/uploads\\\/2021\\\/09\\\/Logo_1c_222x85mm-1.png\",\"contentUrl\":\"https:\\\/\\\/carl-humann.de\\\/wp-content\\\/uploads\\\/2021\\\/09\\\/Logo_1c_222x85mm-1.png\",\"width\":2622,\"height\":1004,\"caption\":\"Carl-Humann-Gymnasium Essen\"},\"image\":{\"@id\":\"https:\\\/\\\/carl-humann.de\\\/#\\\/schema\\\/logo\\\/image\\\/\"}},{\"@type\":\"Person\",\"@id\":\"https:\\\/\\\/carl-humann.de\\\/#\\\/schema\\\/person\\\/11e850f41ea9f13a02e91c11f24dfb74\",\"name\":\"Max Baukrowitz\",\"url\":\"https:\\\/\\\/carl-humann.de\\\/en\\\/author\\\/max-baukrowitz\\\/\"}]}<\/script>\n<!-- \/ Yoast SEO plugin. -->","yoast_head_json":{"title":"In Erinnerung an Sven Meyer - Carl-Humann-Gymnasium Essen","robots":{"index":"index","follow":"follow","max-snippet":"max-snippet:-1","max-image-preview":"max-image-preview:large","max-video-preview":"max-video-preview:-1"},"canonical":"https:\/\/carl-humann.de\/en\/in-erinnerung-an-sven-meyer\/","og_locale":"en_US","og_type":"article","og_title":"In Erinnerung an Sven Meyer - Carl-Humann-Gymnasium Essen","og_description":"Die Schulgemeinschaft des Carl-Humann-Gymnasiums trauert um ihren ehemaligen Sch\u00fcler Sven Meyer. Sven wurde im August 2015 am CHG als Sextaner eingeschult. Nach erfolgreicher Abiturpr\u00fcfung hat er im Juni 2023 sein Zeugnis mit einem sehr guten Notendurchschnitt entgegennehmen d\u00fcrfen. Kurz danach ist er schwer erkrankt. In Folge dieser Krankheit ist er \u2013 unerwartet &#8211; am\u00a026. Juli...","og_url":"https:\/\/carl-humann.de\/en\/in-erinnerung-an-sven-meyer\/","og_site_name":"Carl-Humann-Gymnasium Essen","article_published_time":"2024-08-30T08:03:41+00:00","article_modified_time":"2024-08-30T08:12:39+00:00","og_image":[{"width":1920,"height":1080,"url":"https:\/\/carl-humann.de\/wp-content\/uploads\/2024\/08\/Neues-Projekt-9.png","type":"image\/png"}],"author":"Max Baukrowitz","twitter_card":"summary_large_image","twitter_misc":{"Written by":"Max Baukrowitz","Est. reading time":"2 minutes"},"schema":{"@context":"https:\/\/schema.org","@graph":[{"@type":"Article","@id":"https:\/\/carl-humann.de\/en\/in-erinnerung-an-sven-meyer\/#article","isPartOf":{"@id":"https:\/\/carl-humann.de\/en\/in-erinnerung-an-sven-meyer\/"},"author":{"name":"Max Baukrowitz","@id":"https:\/\/carl-humann.de\/#\/schema\/person\/11e850f41ea9f13a02e91c11f24dfb74"},"headline":"In Erinnerung an Sven Meyer","datePublished":"2024-08-30T08:03:41+00:00","dateModified":"2024-08-30T08:12:39+00:00","mainEntityOfPage":{"@id":"https:\/\/carl-humann.de\/en\/in-erinnerung-an-sven-meyer\/"},"wordCount":186,"publisher":{"@id":"https:\/\/carl-humann.de\/#organization"},"image":{"@id":"https:\/\/carl-humann.de\/en\/in-erinnerung-an-sven-meyer\/#primaryimage"},"thumbnailUrl":"https:\/\/carl-humann.de\/wp-content\/uploads\/2024\/08\/Neues-Projekt-9.png","inLanguage":"en-US"},{"@type":"WebPage","@id":"https:\/\/carl-humann.de\/en\/in-erinnerung-an-sven-meyer\/","url":"https:\/\/carl-humann.de\/en\/in-erinnerung-an-sven-meyer\/","name":"In Erinnerung an Sven Meyer - Carl-Humann-Gymnasium Essen","isPartOf":{"@id":"https:\/\/carl-humann.de\/#website"},"primaryImageOfPage":{"@id":"https:\/\/carl-humann.de\/en\/in-erinnerung-an-sven-meyer\/#primaryimage"},"image":{"@id":"https:\/\/carl-humann.de\/en\/in-erinnerung-an-sven-meyer\/#primaryimage"},"thumbnailUrl":"https:\/\/carl-humann.de\/wp-content\/uploads\/2024\/08\/Neues-Projekt-9.png","datePublished":"2024-08-30T08:03:41+00:00","dateModified":"2024-08-30T08:12:39+00:00","breadcrumb":{"@id":"https:\/\/carl-humann.de\/en\/in-erinnerung-an-sven-meyer\/#breadcrumb"},"inLanguage":"en-US","potentialAction":[{"@type":"ReadAction","target":["https:\/\/carl-humann.de\/en\/in-erinnerung-an-sven-meyer\/"]}]},{"@type":"ImageObject","inLanguage":"en-US","@id":"https:\/\/carl-humann.de\/en\/in-erinnerung-an-sven-meyer\/#primaryimage","url":"https:\/\/carl-humann.de\/wp-content\/uploads\/2024\/08\/Neues-Projekt-9.png","contentUrl":"https:\/\/carl-humann.de\/wp-content\/uploads\/2024\/08\/Neues-Projekt-9.png","width":1920,"height":1080},{"@type":"BreadcrumbList","@id":"https:\/\/carl-humann.de\/en\/in-erinnerung-an-sven-meyer\/#breadcrumb","itemListElement":[{"@type":"ListItem","position":1,"name":"Startseite","item":"https:\/\/carl-humann.de\/"},{"@type":"ListItem","position":2,"name":"In Erinnerung an Sven Meyer"}]},{"@type":"WebSite","@id":"https:\/\/carl-humann.de\/#website","url":"https:\/\/carl-humann.de\/","name":"Carl-Humann-Gymnasium Essen","description":"","publisher":{"@id":"https:\/\/carl-humann.de\/#organization"},"potentialAction":[{"@type":"SearchAction","target":{"@type":"EntryPoint","urlTemplate":"https:\/\/carl-humann.de\/?s={search_term_string}"},"query-input":{"@type":"PropertyValueSpecification","valueRequired":true,"valueName":"search_term_string"}}],"inLanguage":"en-US"},{"@type":"Organization","@id":"https:\/\/carl-humann.de\/#organization","name":"Carl-Humann-Gymnasium Essen","url":"https:\/\/carl-humann.de\/","logo":{"@type":"ImageObject","inLanguage":"en-US","@id":"https:\/\/carl-humann.de\/#\/schema\/logo\/image\/","url":"https:\/\/carl-humann.de\/wp-content\/uploads\/2021\/09\/Logo_1c_222x85mm-1.png","contentUrl":"https:\/\/carl-humann.de\/wp-content\/uploads\/2021\/09\/Logo_1c_222x85mm-1.png","width":2622,"height":1004,"caption":"Carl-Humann-Gymnasium Essen"},"image":{"@id":"https:\/\/carl-humann.de\/#\/schema\/logo\/image\/"}},{"@type":"Person","@id":"https:\/\/carl-humann.de\/#\/schema\/person\/11e850f41ea9f13a02e91c11f24dfb74","name":"Max Baukrowitz","url":"https:\/\/carl-humann.de\/en\/author\/max-baukrowitz\/"}]}},"_links":{"self":[{"href":"https:\/\/carl-humann.de\/en\/wp-json\/wp\/v2\/posts\/1007438","targetHints":{"allow":["GET"]}}],"collection":[{"href":"https:\/\/carl-humann.de\/en\/wp-json\/wp\/v2\/posts"}],"about":[{"href":"https:\/\/carl-humann.de\/en\/wp-json\/wp\/v2\/types\/post"}],"author":[{"embeddable":true,"href":"https:\/\/carl-humann.de\/en\/wp-json\/wp\/v2\/users\/5"}],"replies":[{"embeddable":true,"href":"https:\/\/carl-humann.de\/en\/wp-json\/wp\/v2\/comments?post=1007438"}],"version-history":[{"count":1,"href":"https:\/\/carl-humann.de\/en\/wp-json\/wp\/v2\/posts\/1007438\/revisions"}],"predecessor-version":[{"id":1007439,"href":"https:\/\/carl-humann.de\/en\/wp-json\/wp\/v2\/posts\/1007438\/revisions\/1007439"}],"wp:featuredmedia":[{"embeddable":true,"href":"https:\/\/carl-humann.de\/en\/wp-json\/wp\/v2\/media\/1007435"}],"wp:attachment":[{"href":"https:\/\/carl-humann.de\/en\/wp-json\/wp\/v2\/media?parent=1007438"}],"wp:term":[{"taxonomy":"category","embeddable":true,"href":"https:\/\/carl-humann.de\/en\/wp-json\/wp\/v2\/categories?post=1007438"},{"taxonomy":"post_tag","embeddable":true,"href":"https:\/\/carl-humann.de\/en\/wp-json\/wp\/v2\/tags?post=1007438"}],"curies":[{"name":"wp","href":"https:\/\/api.w.org\/{rel}","templated":true}]}}