{"id":1007427,"date":"2024-08-30T09:58:35","date_gmt":"2024-08-30T07:58:35","guid":{"rendered":"https:\/\/carl-humann.de\/mit-dem-haus-vom-nikolaus-und-salzstangen-kanten-durch-die-ferien-meine-teilnahme-an-der-juniorakademie-juelich-2024\/"},"modified":"2024-08-30T09:58:55","modified_gmt":"2024-08-30T07:58:55","slug":"mit-dem-haus-vom-nikolaus-und-salzstangen-kanten-durch-die-ferien-meine-teilnahme-an-der-juniorakademie-juelich-2024","status":"publish","type":"post","link":"https:\/\/carl-humann.de\/en\/mit-dem-haus-vom-nikolaus-und-salzstangen-kanten-durch-die-ferien-meine-teilnahme-an-der-juniorakademie-juelich-2024\/","title":{"rendered":"Mit dem Haus vom Nikolaus und Salzstangen-Kanten durch die Ferien &#8211; meine Teilnahme an der JuniorAkademie J\u00fclich 2024"},"content":{"rendered":"<div class=\"vgblk-rw-wrapper limit-wrapper\">\n<p style=\"font-weight: 400;\">Auf Empfehlung meiner Schule bekam ich in den Sommerferien die M\u00f6glichkeit, mich in J\u00fclich 10 Tage lang intensiv mit Graphen aller Art, wie dem Haus vom Nikolaus, zu besch\u00e4ftigen, erg\u00e4nzt durch Sport, Musik und \u201eK\u00fcAs&#8221; (kurs\u00fcbergreifende Angebote). Zusammen mit mir lernten in den Kursen Nanotechnologie, Microcontrolling und Graphentheorie, musizierten und verausgabten sich 47 weitere Sch\u00fcler*innen aus ganz NRW vom 22. \u2013 31. Juli 2024.<br \/>\nH\u00f6rt sich schrecklich an? &#8211; Absolut nicht! Neben J\u00fclich fanden auch in Ostbevern (englischsprachig) und in Essen Akademien statt, die eine breitgef\u00e4cherte Auswahl an Themen von Biomimicry \u00fcber Psychologie bis hin zum Klimawandel boten.<br \/>\nBei den JuniorAkademien handelt es sich um Veranstaltungen, die vielseitig interessierten Sch\u00fcler*innen die M\u00f6glichkeit bieten, sich auch in den Ferien akademischen Herausforderungen zu stellen, neue Kontakte zu kn\u00fcpfen und viel Spa\u00df zu haben.<\/p>\n<p style=\"font-weight: 400;\"><strong>Tagesablauf einer JuniorAkademie<\/strong><\/p>\n<p style=\"font-weight: 400;\">Nach dem Fr\u00fchst\u00fcck startete der Tag mit einem gemeinsamen Plenum im Science College, das der Kl\u00e4rung von organisatorischen Fragen und Absprachen zum Tagesgeschehen diente.<br \/>\nAnschlie\u00dfend begaben sich alle f\u00fcr drei Stunden mit einer Pause von 15 Minuten in ihre jeweiligen Kurse. Darauf folgten das Mittagessen und das Mittagsprogramm mit dem Chor und\u00a0 \u00a0einer K\u00fcA-Einheit. Unsere zweite Kurseinheit am Nachmittag umfasste zwei weitere Stunden. Hungrig nach dieser Einheit a\u00dfen wir zu Abend. Den Tag beschlossen dann zwei K\u00fcA-Schienen, die auch das Orchester und den Sport umfassten.<br \/>\nAu\u00dferdem besuchten wir im Rahmen der Akademie das J\u00fclicher Forschungszentrum und veranstalteten einen Rotationstag, der dem Zweck diente, uns gegenseitig unsere jeweiligen Kursinhalte vorzustellen.<\/p>\n<p style=\"font-weight: 400;\"><strong>Mein Kurs \u2013 Graphentheorie <\/strong><\/p>\n<p style=\"font-weight: 400;\">Die Graphentheorie ist die Schnittstelle zwischen diskreter Mathematik und angewandter Informatik. W\u00e4hrend wir uns zu Beginn mit Definitionen auseinandergesetzt haben, lernten wir gegen Ende hin mehr und mehr Algorithmen und Beweise kennen. Zum Schluss haben wir sogar Algorithmen am Computer implementiert und eine Vorlesung \u00fcber Abbildungen und Unendlichkeiten geh\u00f6rt.<br \/>\nDie Kursteilnahme war aus mehreren Gr\u00fcnden eine ganz besondere Erfahrung: zum einen, das war vielleicht auch am wichtigsten, bestand unser Kurs nur aus 15 Personen exklusive Kursleitung, anders als in den \u00fcberf\u00fcllten Klassen in Schulen. Au\u00dferdem hatten ausnahmslos alle Teilnehmenden Lust und Spa\u00df am Lernen.<br \/>\nDie Art und Weise des Unterrichts war ansprechend; es wurde zun\u00e4chst viel uns selbst \u00fcberlassen, sodass wir alle Probleme und Fragestellungen f\u00fcr uns untersuchen konnten bevor wir gemeinsam die L\u00f6sung besprachen. Abschlie\u00dfend haben die Kursleitenden, Marena und Fabien, durch ihre Umgangsweise mit uns, ihre Art, Fragen zu beantworten und ihre Lust am Unterrichten und an der Zusammenarbeit mit uns zum Erfolg des Kurses beigetragen.<\/p>\n<p style=\"font-weight: 400;\"><strong>Weitere Aktivit\u00e4ten und Angebote<\/strong><\/p>\n<p style=\"font-weight: 400;\">Neben den jeweiligen Kursinhalten gab es zahlreiche weitere Angebote. Musikalisch geh\u00f6rten dazu ein Chor und ein Orchester.\u00a0 Der Chor war an den ersten drei Tagen obligatorisch. Das Orchester fand immer abends in der ersten K\u00fcA-Schiene statt. Au\u00dferdem gab es t\u00e4glich Sportangebote, die haupts\u00e4chlich daraus bestanden, sich an den in der Turnhalle befindlichen Ger\u00e4ten zu bedienen &#8211; nicht, dass das den Spa\u00df eingeschr\u00e4nkt h\u00e4tte. Letztlich wurden von den Teilnehmenden selbst K\u00fcAs angeboten, deren Idee es war, etwas, das einen selbst interessiert oder das besonders gut beherrscht wird, an die anderen weiterzugeben. Beispielhaft kann ich hier die Angebote Standardtanz, Haribo-Quiz, Zeichen- und H\u00e4kelkurs oder mein eigenes Angebot \u201eVolleyball 101&#8243; nennen.<\/p>\n<p style=\"font-weight: 400;\"><strong>Mein Fazit der JuniorAkademie<\/strong><strong>\u00a0<\/strong><\/p>\n<p style=\"font-weight: 400;\">Ich kann guten Gewissens sagen, dass ich die JuniorAkademie als eine der sch\u00f6nsten Erfahrungen meines Lebens betrachten kann. Nicht nur habe ich massiv neues Wissen angeh\u00e4uft, sondern sch\u00e4tze ich vor allen Dingen die Leute, die ich getroffen habe. Jeder Tag war zwar anstrengend, aber auf eine \u00e4u\u00dferst positive Weise. Fiel man abends ins Bett, tat der Schlaf noch mal doppelt so wohl wie sonst.<br \/>\nUm alles abzurunden, m\u00f6chte ich potentiellen, zuk\u00fcnftigen Akademiker*innen sagen: sollte sich euch diese M\u00f6glichkeit er\u00f6ffnen, ergreift sie. Lasst euch nicht von der Vorstellung der Schule in den Ferien abschrecken. Ihr werdet um eine besondere Erfahrung reicher werden.<\/p>\n<p style=\"font-weight: 400;\">Jakob, Klasse 10c<\/p>\n<\/div>\n<p><!-- .vgblk-rw-wrapper --><\/p>\n","protected":false},"excerpt":{"rendered":"<p>Auf Empfehlung meiner Schule bekam ich in den Sommerferien die M\u00f6glichkeit, mich in J\u00fclich 10 Tage lang intensiv mit Graphen aller Art, wie dem Haus vom Nikolaus, zu besch\u00e4ftigen, erg\u00e4nzt durch Sport, Musik und \u201eK\u00fcAs&#8221; (kurs\u00fcbergreifende Angebote). Zusammen mit mir lernten in den Kursen Nanotechnologie, Microcontrolling und Graphentheorie, musizierten und verausgabten sich 47 weitere Sch\u00fcler*innen&#8230;<\/p>\n","protected":false},"author":5,"featured_media":1007425,"comment_status":"closed","ping_status":"closed","sticky":false,"template":"","format":"standard","meta":{"inline_featured_image":false,"footnotes":""},"categories":[],"tags":[],"class_list":["post-1007427","post","type-post","status-publish","format-standard","has-post-thumbnail","hentry"],"yoast_head":"<!-- This site is optimized with the Yoast SEO plugin v27.5 - https:\/\/yoast.com\/product\/yoast-seo-wordpress\/ -->\n<title>Mit dem Haus vom Nikolaus und Salzstangen-Kanten durch die Ferien - meine Teilnahme an der JuniorAkademie J\u00fclich 2024 - Carl-Humann-Gymnasium Essen<\/title>\n<meta name=\"robots\" content=\"index, follow, max-snippet:-1, max-image-preview:large, max-video-preview:-1\" \/>\n<link rel=\"canonical\" href=\"https:\/\/carl-humann.de\/en\/mit-dem-haus-vom-nikolaus-und-salzstangen-kanten-durch-die-ferien-meine-teilnahme-an-der-juniorakademie-juelich-2024\/\" \/>\n<meta property=\"og:locale\" content=\"en_US\" \/>\n<meta property=\"og:type\" content=\"article\" \/>\n<meta property=\"og:title\" content=\"Mit dem Haus vom Nikolaus und Salzstangen-Kanten durch die Ferien - meine Teilnahme an der JuniorAkademie J\u00fclich 2024 - Carl-Humann-Gymnasium Essen\" \/>\n<meta property=\"og:description\" content=\"Auf Empfehlung meiner Schule bekam ich in den Sommerferien die M\u00f6glichkeit, mich in J\u00fclich 10 Tage lang intensiv mit Graphen aller Art, wie dem Haus vom Nikolaus, zu besch\u00e4ftigen, erg\u00e4nzt durch Sport, Musik und \u201eK\u00fcAs&#8221; (kurs\u00fcbergreifende Angebote). Zusammen mit mir lernten in den Kursen Nanotechnologie, Microcontrolling und Graphentheorie, musizierten und verausgabten sich 47 weitere Sch\u00fcler*innen...\" \/>\n<meta property=\"og:url\" content=\"https:\/\/carl-humann.de\/en\/mit-dem-haus-vom-nikolaus-und-salzstangen-kanten-durch-die-ferien-meine-teilnahme-an-der-juniorakademie-juelich-2024\/\" \/>\n<meta property=\"og:site_name\" content=\"Carl-Humann-Gymnasium Essen\" \/>\n<meta property=\"article:published_time\" content=\"2024-08-30T07:58:35+00:00\" \/>\n<meta property=\"article:modified_time\" content=\"2024-08-30T07:58:55+00:00\" \/>\n<meta property=\"og:image\" content=\"https:\/\/carl-humann.de\/wp-content\/uploads\/2024\/08\/Foto-Einrichtung-in-Juelich.jpg\" \/>\n\t<meta property=\"og:image:width\" content=\"2048\" \/>\n\t<meta property=\"og:image:height\" content=\"1536\" \/>\n\t<meta property=\"og:image:type\" content=\"image\/jpeg\" \/>\n<meta name=\"author\" content=\"Max Baukrowitz\" \/>\n<meta name=\"twitter:card\" content=\"summary_large_image\" \/>\n<meta name=\"twitter:label1\" content=\"Written by\" \/>\n\t<meta name=\"twitter:data1\" content=\"Max Baukrowitz\" \/>\n\t<meta name=\"twitter:label2\" content=\"Est. reading time\" \/>\n\t<meta name=\"twitter:data2\" content=\"4 minutes\" \/>\n<script type=\"application\/ld+json\" class=\"yoast-schema-graph\">{\"@context\":\"https:\\\/\\\/schema.org\",\"@graph\":[{\"@type\":\"Article\",\"@id\":\"https:\\\/\\\/carl-humann.de\\\/en\\\/mit-dem-haus-vom-nikolaus-und-salzstangen-kanten-durch-die-ferien-meine-teilnahme-an-der-juniorakademie-juelich-2024\\\/#article\",\"isPartOf\":{\"@id\":\"https:\\\/\\\/carl-humann.de\\\/en\\\/mit-dem-haus-vom-nikolaus-und-salzstangen-kanten-durch-die-ferien-meine-teilnahme-an-der-juniorakademie-juelich-2024\\\/\"},\"author\":{\"name\":\"Max Baukrowitz\",\"@id\":\"https:\\\/\\\/carl-humann.de\\\/#\\\/schema\\\/person\\\/11e850f41ea9f13a02e91c11f24dfb74\"},\"headline\":\"Mit dem Haus vom Nikolaus und Salzstangen-Kanten durch die Ferien &#8211; meine Teilnahme an der JuniorAkademie J\u00fclich 2024\",\"datePublished\":\"2024-08-30T07:58:35+00:00\",\"dateModified\":\"2024-08-30T07:58:55+00:00\",\"mainEntityOfPage\":{\"@id\":\"https:\\\/\\\/carl-humann.de\\\/en\\\/mit-dem-haus-vom-nikolaus-und-salzstangen-kanten-durch-die-ferien-meine-teilnahme-an-der-juniorakademie-juelich-2024\\\/\"},\"wordCount\":687,\"publisher\":{\"@id\":\"https:\\\/\\\/carl-humann.de\\\/#organization\"},\"image\":{\"@id\":\"https:\\\/\\\/carl-humann.de\\\/en\\\/mit-dem-haus-vom-nikolaus-und-salzstangen-kanten-durch-die-ferien-meine-teilnahme-an-der-juniorakademie-juelich-2024\\\/#primaryimage\"},\"thumbnailUrl\":\"https:\\\/\\\/carl-humann.de\\\/wp-content\\\/uploads\\\/2024\\\/08\\\/Foto-Einrichtung-in-Juelich.jpg\",\"inLanguage\":\"en-US\"},{\"@type\":\"WebPage\",\"@id\":\"https:\\\/\\\/carl-humann.de\\\/en\\\/mit-dem-haus-vom-nikolaus-und-salzstangen-kanten-durch-die-ferien-meine-teilnahme-an-der-juniorakademie-juelich-2024\\\/\",\"url\":\"https:\\\/\\\/carl-humann.de\\\/en\\\/mit-dem-haus-vom-nikolaus-und-salzstangen-kanten-durch-die-ferien-meine-teilnahme-an-der-juniorakademie-juelich-2024\\\/\",\"name\":\"Mit dem Haus vom Nikolaus und Salzstangen-Kanten durch die Ferien - meine Teilnahme an der JuniorAkademie J\u00fclich 2024 - Carl-Humann-Gymnasium Essen\",\"isPartOf\":{\"@id\":\"https:\\\/\\\/carl-humann.de\\\/#website\"},\"primaryImageOfPage\":{\"@id\":\"https:\\\/\\\/carl-humann.de\\\/en\\\/mit-dem-haus-vom-nikolaus-und-salzstangen-kanten-durch-die-ferien-meine-teilnahme-an-der-juniorakademie-juelich-2024\\\/#primaryimage\"},\"image\":{\"@id\":\"https:\\\/\\\/carl-humann.de\\\/en\\\/mit-dem-haus-vom-nikolaus-und-salzstangen-kanten-durch-die-ferien-meine-teilnahme-an-der-juniorakademie-juelich-2024\\\/#primaryimage\"},\"thumbnailUrl\":\"https:\\\/\\\/carl-humann.de\\\/wp-content\\\/uploads\\\/2024\\\/08\\\/Foto-Einrichtung-in-Juelich.jpg\",\"datePublished\":\"2024-08-30T07:58:35+00:00\",\"dateModified\":\"2024-08-30T07:58:55+00:00\",\"breadcrumb\":{\"@id\":\"https:\\\/\\\/carl-humann.de\\\/en\\\/mit-dem-haus-vom-nikolaus-und-salzstangen-kanten-durch-die-ferien-meine-teilnahme-an-der-juniorakademie-juelich-2024\\\/#breadcrumb\"},\"inLanguage\":\"en-US\",\"potentialAction\":[{\"@type\":\"ReadAction\",\"target\":[\"https:\\\/\\\/carl-humann.de\\\/en\\\/mit-dem-haus-vom-nikolaus-und-salzstangen-kanten-durch-die-ferien-meine-teilnahme-an-der-juniorakademie-juelich-2024\\\/\"]}]},{\"@type\":\"ImageObject\",\"inLanguage\":\"en-US\",\"@id\":\"https:\\\/\\\/carl-humann.de\\\/en\\\/mit-dem-haus-vom-nikolaus-und-salzstangen-kanten-durch-die-ferien-meine-teilnahme-an-der-juniorakademie-juelich-2024\\\/#primaryimage\",\"url\":\"https:\\\/\\\/carl-humann.de\\\/wp-content\\\/uploads\\\/2024\\\/08\\\/Foto-Einrichtung-in-Juelich.jpg\",\"contentUrl\":\"https:\\\/\\\/carl-humann.de\\\/wp-content\\\/uploads\\\/2024\\\/08\\\/Foto-Einrichtung-in-Juelich.jpg\",\"width\":2048,\"height\":1536},{\"@type\":\"BreadcrumbList\",\"@id\":\"https:\\\/\\\/carl-humann.de\\\/en\\\/mit-dem-haus-vom-nikolaus-und-salzstangen-kanten-durch-die-ferien-meine-teilnahme-an-der-juniorakademie-juelich-2024\\\/#breadcrumb\",\"itemListElement\":[{\"@type\":\"ListItem\",\"position\":1,\"name\":\"Startseite\",\"item\":\"https:\\\/\\\/carl-humann.de\\\/\"},{\"@type\":\"ListItem\",\"position\":2,\"name\":\"Mit dem Haus vom Nikolaus und Salzstangen-Kanten durch die Ferien &#8211; meine Teilnahme an der JuniorAkademie J\u00fclich 2024\"}]},{\"@type\":\"WebSite\",\"@id\":\"https:\\\/\\\/carl-humann.de\\\/#website\",\"url\":\"https:\\\/\\\/carl-humann.de\\\/\",\"name\":\"Carl-Humann-Gymnasium Essen\",\"description\":\"\",\"publisher\":{\"@id\":\"https:\\\/\\\/carl-humann.de\\\/#organization\"},\"potentialAction\":[{\"@type\":\"SearchAction\",\"target\":{\"@type\":\"EntryPoint\",\"urlTemplate\":\"https:\\\/\\\/carl-humann.de\\\/?s={search_term_string}\"},\"query-input\":{\"@type\":\"PropertyValueSpecification\",\"valueRequired\":true,\"valueName\":\"search_term_string\"}}],\"inLanguage\":\"en-US\"},{\"@type\":\"Organization\",\"@id\":\"https:\\\/\\\/carl-humann.de\\\/#organization\",\"name\":\"Carl-Humann-Gymnasium Essen\",\"url\":\"https:\\\/\\\/carl-humann.de\\\/\",\"logo\":{\"@type\":\"ImageObject\",\"inLanguage\":\"en-US\",\"@id\":\"https:\\\/\\\/carl-humann.de\\\/#\\\/schema\\\/logo\\\/image\\\/\",\"url\":\"https:\\\/\\\/carl-humann.de\\\/wp-content\\\/uploads\\\/2021\\\/09\\\/Logo_1c_222x85mm-1.png\",\"contentUrl\":\"https:\\\/\\\/carl-humann.de\\\/wp-content\\\/uploads\\\/2021\\\/09\\\/Logo_1c_222x85mm-1.png\",\"width\":2622,\"height\":1004,\"caption\":\"Carl-Humann-Gymnasium Essen\"},\"image\":{\"@id\":\"https:\\\/\\\/carl-humann.de\\\/#\\\/schema\\\/logo\\\/image\\\/\"}},{\"@type\":\"Person\",\"@id\":\"https:\\\/\\\/carl-humann.de\\\/#\\\/schema\\\/person\\\/11e850f41ea9f13a02e91c11f24dfb74\",\"name\":\"Max Baukrowitz\",\"url\":\"https:\\\/\\\/carl-humann.de\\\/en\\\/author\\\/max-baukrowitz\\\/\"}]}<\/script>\n<!-- \/ Yoast SEO plugin. -->","yoast_head_json":{"title":"Mit dem Haus vom Nikolaus und Salzstangen-Kanten durch die Ferien - meine Teilnahme an der JuniorAkademie J\u00fclich 2024 - Carl-Humann-Gymnasium Essen","robots":{"index":"index","follow":"follow","max-snippet":"max-snippet:-1","max-image-preview":"max-image-preview:large","max-video-preview":"max-video-preview:-1"},"canonical":"https:\/\/carl-humann.de\/en\/mit-dem-haus-vom-nikolaus-und-salzstangen-kanten-durch-die-ferien-meine-teilnahme-an-der-juniorakademie-juelich-2024\/","og_locale":"en_US","og_type":"article","og_title":"Mit dem Haus vom Nikolaus und Salzstangen-Kanten durch die Ferien - meine Teilnahme an der JuniorAkademie J\u00fclich 2024 - Carl-Humann-Gymnasium Essen","og_description":"Auf Empfehlung meiner Schule bekam ich in den Sommerferien die M\u00f6glichkeit, mich in J\u00fclich 10 Tage lang intensiv mit Graphen aller Art, wie dem Haus vom Nikolaus, zu besch\u00e4ftigen, erg\u00e4nzt durch Sport, Musik und \u201eK\u00fcAs&#8221; (kurs\u00fcbergreifende Angebote). Zusammen mit mir lernten in den Kursen Nanotechnologie, Microcontrolling und Graphentheorie, musizierten und verausgabten sich 47 weitere Sch\u00fcler*innen...","og_url":"https:\/\/carl-humann.de\/en\/mit-dem-haus-vom-nikolaus-und-salzstangen-kanten-durch-die-ferien-meine-teilnahme-an-der-juniorakademie-juelich-2024\/","og_site_name":"Carl-Humann-Gymnasium Essen","article_published_time":"2024-08-30T07:58:35+00:00","article_modified_time":"2024-08-30T07:58:55+00:00","og_image":[{"width":2048,"height":1536,"url":"https:\/\/carl-humann.de\/wp-content\/uploads\/2024\/08\/Foto-Einrichtung-in-Juelich.jpg","type":"image\/jpeg"}],"author":"Max Baukrowitz","twitter_card":"summary_large_image","twitter_misc":{"Written by":"Max Baukrowitz","Est. reading time":"4 minutes"},"schema":{"@context":"https:\/\/schema.org","@graph":[{"@type":"Article","@id":"https:\/\/carl-humann.de\/en\/mit-dem-haus-vom-nikolaus-und-salzstangen-kanten-durch-die-ferien-meine-teilnahme-an-der-juniorakademie-juelich-2024\/#article","isPartOf":{"@id":"https:\/\/carl-humann.de\/en\/mit-dem-haus-vom-nikolaus-und-salzstangen-kanten-durch-die-ferien-meine-teilnahme-an-der-juniorakademie-juelich-2024\/"},"author":{"name":"Max Baukrowitz","@id":"https:\/\/carl-humann.de\/#\/schema\/person\/11e850f41ea9f13a02e91c11f24dfb74"},"headline":"Mit dem Haus vom Nikolaus und Salzstangen-Kanten durch die Ferien &#8211; meine Teilnahme an der JuniorAkademie J\u00fclich 2024","datePublished":"2024-08-30T07:58:35+00:00","dateModified":"2024-08-30T07:58:55+00:00","mainEntityOfPage":{"@id":"https:\/\/carl-humann.de\/en\/mit-dem-haus-vom-nikolaus-und-salzstangen-kanten-durch-die-ferien-meine-teilnahme-an-der-juniorakademie-juelich-2024\/"},"wordCount":687,"publisher":{"@id":"https:\/\/carl-humann.de\/#organization"},"image":{"@id":"https:\/\/carl-humann.de\/en\/mit-dem-haus-vom-nikolaus-und-salzstangen-kanten-durch-die-ferien-meine-teilnahme-an-der-juniorakademie-juelich-2024\/#primaryimage"},"thumbnailUrl":"https:\/\/carl-humann.de\/wp-content\/uploads\/2024\/08\/Foto-Einrichtung-in-Juelich.jpg","inLanguage":"en-US"},{"@type":"WebPage","@id":"https:\/\/carl-humann.de\/en\/mit-dem-haus-vom-nikolaus-und-salzstangen-kanten-durch-die-ferien-meine-teilnahme-an-der-juniorakademie-juelich-2024\/","url":"https:\/\/carl-humann.de\/en\/mit-dem-haus-vom-nikolaus-und-salzstangen-kanten-durch-die-ferien-meine-teilnahme-an-der-juniorakademie-juelich-2024\/","name":"Mit dem Haus vom Nikolaus und Salzstangen-Kanten durch die Ferien - meine Teilnahme an der JuniorAkademie J\u00fclich 2024 - Carl-Humann-Gymnasium Essen","isPartOf":{"@id":"https:\/\/carl-humann.de\/#website"},"primaryImageOfPage":{"@id":"https:\/\/carl-humann.de\/en\/mit-dem-haus-vom-nikolaus-und-salzstangen-kanten-durch-die-ferien-meine-teilnahme-an-der-juniorakademie-juelich-2024\/#primaryimage"},"image":{"@id":"https:\/\/carl-humann.de\/en\/mit-dem-haus-vom-nikolaus-und-salzstangen-kanten-durch-die-ferien-meine-teilnahme-an-der-juniorakademie-juelich-2024\/#primaryimage"},"thumbnailUrl":"https:\/\/carl-humann.de\/wp-content\/uploads\/2024\/08\/Foto-Einrichtung-in-Juelich.jpg","datePublished":"2024-08-30T07:58:35+00:00","dateModified":"2024-08-30T07:58:55+00:00","breadcrumb":{"@id":"https:\/\/carl-humann.de\/en\/mit-dem-haus-vom-nikolaus-und-salzstangen-kanten-durch-die-ferien-meine-teilnahme-an-der-juniorakademie-juelich-2024\/#breadcrumb"},"inLanguage":"en-US","potentialAction":[{"@type":"ReadAction","target":["https:\/\/carl-humann.de\/en\/mit-dem-haus-vom-nikolaus-und-salzstangen-kanten-durch-die-ferien-meine-teilnahme-an-der-juniorakademie-juelich-2024\/"]}]},{"@type":"ImageObject","inLanguage":"en-US","@id":"https:\/\/carl-humann.de\/en\/mit-dem-haus-vom-nikolaus-und-salzstangen-kanten-durch-die-ferien-meine-teilnahme-an-der-juniorakademie-juelich-2024\/#primaryimage","url":"https:\/\/carl-humann.de\/wp-content\/uploads\/2024\/08\/Foto-Einrichtung-in-Juelich.jpg","contentUrl":"https:\/\/carl-humann.de\/wp-content\/uploads\/2024\/08\/Foto-Einrichtung-in-Juelich.jpg","width":2048,"height":1536},{"@type":"BreadcrumbList","@id":"https:\/\/carl-humann.de\/en\/mit-dem-haus-vom-nikolaus-und-salzstangen-kanten-durch-die-ferien-meine-teilnahme-an-der-juniorakademie-juelich-2024\/#breadcrumb","itemListElement":[{"@type":"ListItem","position":1,"name":"Startseite","item":"https:\/\/carl-humann.de\/"},{"@type":"ListItem","position":2,"name":"Mit dem Haus vom Nikolaus und Salzstangen-Kanten durch die Ferien &#8211; meine Teilnahme an der JuniorAkademie J\u00fclich 2024"}]},{"@type":"WebSite","@id":"https:\/\/carl-humann.de\/#website","url":"https:\/\/carl-humann.de\/","name":"Carl-Humann-Gymnasium Essen","description":"","publisher":{"@id":"https:\/\/carl-humann.de\/#organization"},"potentialAction":[{"@type":"SearchAction","target":{"@type":"EntryPoint","urlTemplate":"https:\/\/carl-humann.de\/?s={search_term_string}"},"query-input":{"@type":"PropertyValueSpecification","valueRequired":true,"valueName":"search_term_string"}}],"inLanguage":"en-US"},{"@type":"Organization","@id":"https:\/\/carl-humann.de\/#organization","name":"Carl-Humann-Gymnasium Essen","url":"https:\/\/carl-humann.de\/","logo":{"@type":"ImageObject","inLanguage":"en-US","@id":"https:\/\/carl-humann.de\/#\/schema\/logo\/image\/","url":"https:\/\/carl-humann.de\/wp-content\/uploads\/2021\/09\/Logo_1c_222x85mm-1.png","contentUrl":"https:\/\/carl-humann.de\/wp-content\/uploads\/2021\/09\/Logo_1c_222x85mm-1.png","width":2622,"height":1004,"caption":"Carl-Humann-Gymnasium Essen"},"image":{"@id":"https:\/\/carl-humann.de\/#\/schema\/logo\/image\/"}},{"@type":"Person","@id":"https:\/\/carl-humann.de\/#\/schema\/person\/11e850f41ea9f13a02e91c11f24dfb74","name":"Max Baukrowitz","url":"https:\/\/carl-humann.de\/en\/author\/max-baukrowitz\/"}]}},"_links":{"self":[{"href":"https:\/\/carl-humann.de\/en\/wp-json\/wp\/v2\/posts\/1007427","targetHints":{"allow":["GET"]}}],"collection":[{"href":"https:\/\/carl-humann.de\/en\/wp-json\/wp\/v2\/posts"}],"about":[{"href":"https:\/\/carl-humann.de\/en\/wp-json\/wp\/v2\/types\/post"}],"author":[{"embeddable":true,"href":"https:\/\/carl-humann.de\/en\/wp-json\/wp\/v2\/users\/5"}],"replies":[{"embeddable":true,"href":"https:\/\/carl-humann.de\/en\/wp-json\/wp\/v2\/comments?post=1007427"}],"version-history":[{"count":1,"href":"https:\/\/carl-humann.de\/en\/wp-json\/wp\/v2\/posts\/1007427\/revisions"}],"predecessor-version":[{"id":1007428,"href":"https:\/\/carl-humann.de\/en\/wp-json\/wp\/v2\/posts\/1007427\/revisions\/1007428"}],"wp:featuredmedia":[{"embeddable":true,"href":"https:\/\/carl-humann.de\/en\/wp-json\/wp\/v2\/media\/1007425"}],"wp:attachment":[{"href":"https:\/\/carl-humann.de\/en\/wp-json\/wp\/v2\/media?parent=1007427"}],"wp:term":[{"taxonomy":"category","embeddable":true,"href":"https:\/\/carl-humann.de\/en\/wp-json\/wp\/v2\/categories?post=1007427"},{"taxonomy":"post_tag","embeddable":true,"href":"https:\/\/carl-humann.de\/en\/wp-json\/wp\/v2\/tags?post=1007427"}],"curies":[{"name":"wp","href":"https:\/\/api.w.org\/{rel}","templated":true}]}}