{"id":1006618,"date":"2024-07-04T16:05:17","date_gmt":"2024-07-04T14:05:17","guid":{"rendered":"https:\/\/carl-humann.de\/mit-anderen-worten-ein-projekt-des-literaturkurses-2024\/"},"modified":"2024-07-04T16:07:37","modified_gmt":"2024-07-04T14:07:37","slug":"mit-anderen-worten-ein-projekt-des-literaturkurses-2024","status":"publish","type":"post","link":"https:\/\/carl-humann.de\/en\/mit-anderen-worten-ein-projekt-des-literaturkurses-2024\/","title":{"rendered":"\u201eMit anderen Worten\u201d &#8211; ein Projekt des Literaturkurses 2024"},"content":{"rendered":"\t\t<div data-elementor-type=\"wp-post\" data-elementor-id=\"1006618\" class=\"elementor elementor-1006618\" data-elementor-post-type=\"post\">\n\t\t\t\t\t\t<section class=\"elementor-section elementor-top-section elementor-element elementor-element-708c8714 elementor-section-boxed elementor-section-height-default elementor-section-height-default\" data-id=\"708c8714\" data-element_type=\"section\" data-e-type=\"section\">\n\t\t\t\t\t\t<div class=\"elementor-container elementor-column-gap-default\">\n\t\t\t\t\t<div class=\"elementor-column elementor-col-100 elementor-top-column elementor-element elementor-element-50926c06\" data-id=\"50926c06\" data-element_type=\"column\" data-e-type=\"column\">\n\t\t\t<div class=\"elementor-widget-wrap elementor-element-populated\">\n\t\t\t\t\t\t<div class=\"elementor-element elementor-element-148883a6 elementor-widget elementor-widget-text-editor\" data-id=\"148883a6\" data-element_type=\"widget\" data-e-type=\"widget\" data-widget_type=\"text-editor.default\">\n\t\t\t\t<div class=\"elementor-widget-container\">\n\t\t\t\t\t\t\t\t\t<p>Die Litfa\u00dfs\u00e4ule auf unserem Schulhof ist eine Besonderheit und wie in jedem Jahr ist sie die \u201eSpielfl\u00e4che\u201c f\u00fcr das finale Abschlussprojekt des Literaturkurses. Aber was ist \u00fcberhaupt eine Litfa\u00dfs\u00e4ule? Ein zylindrischer K\u00f6rper im \u00f6ffentlichen Raum, der wirbt und Aufmerksamkeit hervorruft. Doch was, wenn eben die eigentliche Funktion einer Litfa\u00dfs\u00e4ule unterwandert und k\u00fcnstlerisch ver\u00e4ndert wird?<\/p><p>Die Idee zu unserem Literaturprojekt <b><i>\u201eMit anderen Worten\u201d<\/i><\/b> entstand durch die Auseinandersetzung mit Vorstellungen, Bildern und Ikonen des Feminismus. In der gemeinsamen Diskussion entwickelten wir ein Konzept. Wir entschieden uns zun\u00e4chst f\u00fcr das \u201eEinkleiden\u201d der S\u00e4ule mit einer 1970er-Jahre Tapete. Doch warum aus den 1970ern, und warum dieses Muster? Die Ausdrucksqualit\u00e4t der Tapete erweckt ein privates, gem\u00fctliches Ambiente. Sie k\u00f6nnte in einem altmodischen Wohnzimmer zu finden sein, undenkbar jedoch als Plakatierung einer konventionellen Litfa\u00dfs\u00e4ule. Mit dieser formalen Erscheinungsform spielen wir, um inhaltliche Kontexte des Privaten zu ber\u00fchren. Hierbei ist auch die Farbwahl unterst\u00fctzend, welche eben jene Intimit\u00e4t und Originaltreue aufweist. Der inhaltliche und gestalterische Aspekt der Tapete steht im ironischen Kontrast zu dem urspr\u00fcnglichen Zweck der Litfa\u00dfs\u00e4ule, welche funktional und in aller \u00d6ffentlichkeit beeinflussen und gezielt werben will. Durch die Zweckentfremdung soll die von uns und euch gestaltete Litfa\u00dfs\u00e4ule stattdessen als freier Mitteilungsort pers\u00f6nlicher Gedanken und Gef\u00fchle dienen. Uns war es wichtig, dass sich die Schulgemeinschaft aktiv an dem Projekt beteiligen konnte. Nach einem Aufruf zur Teilnahme sammelten wir eure \u201eTexte\u201d in Form von pers\u00f6nlichen Zitaten und Spr\u00fcchen. So war es m\u00f6glich die pers\u00f6nliche Ebene der Schule hervorzuheben und in den Austausch miteinander zu kommen. Einerseits kann ein Einblick in eure emotionale Lage und Motivationen gew\u00e4hrt werden, andererseits kann man sich von den unterschiedlichen Beitr\u00e4gen inspirieren lassen. Eure Spr\u00fcche und Zitate haben wir eingerahmt, in barocken, goldenen Bilderrahmen, die wiederum eine vertraute, famili\u00e4re Wirkung unterstreichen.<span class=\"Apple-converted-space\">\u00a0<\/span><\/p><p>Hier seht ihr die Bilder von unserem gemeinsamen Projekt, dass ohne eure Teilnahme in dieser Form nicht realisierbar gewesen w\u00e4re. Danke f\u00fcr eure Unterst\u00fctzung!<\/p><p>Mathilda E. f\u00fcr den Literaturkurs 2023\/2024<\/p>\t\t\t\t\t\t\t\t<\/div>\n\t\t\t\t<\/div>\n\t\t\t\t<div class=\"elementor-element elementor-element-6c3176b elementor-widget elementor-widget-gallery\" data-id=\"6c3176b\" data-element_type=\"widget\" data-e-type=\"widget\" data-settings=\"{&quot;lazyload&quot;:&quot;yes&quot;,&quot;gallery_layout&quot;:&quot;grid&quot;,&quot;columns&quot;:4,&quot;columns_tablet&quot;:2,&quot;columns_mobile&quot;:1,&quot;gap&quot;:{&quot;unit&quot;:&quot;px&quot;,&quot;size&quot;:10,&quot;sizes&quot;:[]},&quot;gap_tablet&quot;:{&quot;unit&quot;:&quot;px&quot;,&quot;size&quot;:10,&quot;sizes&quot;:[]},&quot;gap_mobile&quot;:{&quot;unit&quot;:&quot;px&quot;,&quot;size&quot;:10,&quot;sizes&quot;:[]},&quot;link_to&quot;:&quot;file&quot;,&quot;aspect_ratio&quot;:&quot;3:2&quot;,&quot;overlay_background&quot;:&quot;yes&quot;,&quot;content_hover_animation&quot;:&quot;fade-in&quot;}\" data-widget_type=\"gallery.default\">\n\t\t\t\t<div class=\"elementor-widget-container\">\n\t\t\t\t\t\t\t<div class=\"elementor-gallery__container\">\n\t\t\t\t\t\t\t<a class=\"e-gallery-item elementor-gallery-item elementor-animated-content\" href=\"https:\/\/carl-humann.de\/wp-content\/uploads\/2024\/07\/02.jpeg\" data-elementor-open-lightbox=\"yes\" data-elementor-lightbox-slideshow=\"6c3176b\" data-elementor-lightbox-title=\"02\" data-e-action-hash=\"#elementor-action%3Aaction%3Dlightbox%26settings%3DeyJpZCI6MTAwNjU5OCwidXJsIjoiaHR0cHM6XC9cL2NhcmwtaHVtYW5uLmRlXC93cC1jb250ZW50XC91cGxvYWRzXC8yMDI0XC8wN1wvMDIuanBlZyIsInNsaWRlc2hvdyI6IjZjMzE3NmIifQ%3D%3D\">\n\t\t\t\t\t<div class=\"e-gallery-image elementor-gallery-item__image\" data-thumbnail=\"https:\/\/carl-humann.de\/wp-content\/uploads\/2024\/07\/02-225x300.jpeg\" data-width=\"225\" data-height=\"300\" aria-label=\"\" role=\"img\" ><\/div>\n\t\t\t\t\t\t\t\t\t\t\t<div class=\"elementor-gallery-item__overlay\"><\/div>\n\t\t\t\t\t\t\t\t\t\t\t\t\t\t<\/a>\n\t\t\t\t\t\t\t<a class=\"e-gallery-item elementor-gallery-item elementor-animated-content\" href=\"https:\/\/carl-humann.de\/wp-content\/uploads\/2024\/07\/03.jpeg\" data-elementor-open-lightbox=\"yes\" data-elementor-lightbox-slideshow=\"6c3176b\" data-elementor-lightbox-title=\"03\" data-e-action-hash=\"#elementor-action%3Aaction%3Dlightbox%26settings%3DeyJpZCI6MTAwNjYwMCwidXJsIjoiaHR0cHM6XC9cL2NhcmwtaHVtYW5uLmRlXC93cC1jb250ZW50XC91cGxvYWRzXC8yMDI0XC8wN1wvMDMuanBlZyIsInNsaWRlc2hvdyI6IjZjMzE3NmIifQ%3D%3D\">\n\t\t\t\t\t<div class=\"e-gallery-image elementor-gallery-item__image\" data-thumbnail=\"https:\/\/carl-humann.de\/wp-content\/uploads\/2024\/07\/03-225x300.jpeg\" data-width=\"225\" data-height=\"300\" aria-label=\"\" role=\"img\" ><\/div>\n\t\t\t\t\t\t\t\t\t\t\t<div class=\"elementor-gallery-item__overlay\"><\/div>\n\t\t\t\t\t\t\t\t\t\t\t\t\t\t<\/a>\n\t\t\t\t\t\t\t<a class=\"e-gallery-item elementor-gallery-item elementor-animated-content\" href=\"https:\/\/carl-humann.de\/wp-content\/uploads\/2024\/07\/04.jpeg\" data-elementor-open-lightbox=\"yes\" data-elementor-lightbox-slideshow=\"6c3176b\" data-elementor-lightbox-title=\"04\" data-e-action-hash=\"#elementor-action%3Aaction%3Dlightbox%26settings%3DeyJpZCI6MTAwNjYwMiwidXJsIjoiaHR0cHM6XC9cL2NhcmwtaHVtYW5uLmRlXC93cC1jb250ZW50XC91cGxvYWRzXC8yMDI0XC8wN1wvMDQuanBlZyIsInNsaWRlc2hvdyI6IjZjMzE3NmIifQ%3D%3D\">\n\t\t\t\t\t<div class=\"e-gallery-image elementor-gallery-item__image\" data-thumbnail=\"https:\/\/carl-humann.de\/wp-content\/uploads\/2024\/07\/04-225x300.jpeg\" data-width=\"225\" data-height=\"300\" aria-label=\"\" role=\"img\" ><\/div>\n\t\t\t\t\t\t\t\t\t\t\t<div class=\"elementor-gallery-item__overlay\"><\/div>\n\t\t\t\t\t\t\t\t\t\t\t\t\t\t<\/a>\n\t\t\t\t\t\t\t<a class=\"e-gallery-item elementor-gallery-item elementor-animated-content\" href=\"https:\/\/carl-humann.de\/wp-content\/uploads\/2024\/07\/05.jpeg\" data-elementor-open-lightbox=\"yes\" data-elementor-lightbox-slideshow=\"6c3176b\" data-elementor-lightbox-title=\"05\" data-e-action-hash=\"#elementor-action%3Aaction%3Dlightbox%26settings%3DeyJpZCI6MTAwNjYwNCwidXJsIjoiaHR0cHM6XC9cL2NhcmwtaHVtYW5uLmRlXC93cC1jb250ZW50XC91cGxvYWRzXC8yMDI0XC8wN1wvMDUuanBlZyIsInNsaWRlc2hvdyI6IjZjMzE3NmIifQ%3D%3D\">\n\t\t\t\t\t<div class=\"e-gallery-image elementor-gallery-item__image\" data-thumbnail=\"https:\/\/carl-humann.de\/wp-content\/uploads\/2024\/07\/05-225x300.jpeg\" data-width=\"225\" data-height=\"300\" aria-label=\"\" role=\"img\" ><\/div>\n\t\t\t\t\t\t\t\t\t\t\t<div class=\"elementor-gallery-item__overlay\"><\/div>\n\t\t\t\t\t\t\t\t\t\t\t\t\t\t<\/a>\n\t\t\t\t\t\t\t<a class=\"e-gallery-item elementor-gallery-item elementor-animated-content\" href=\"https:\/\/carl-humann.de\/wp-content\/uploads\/2024\/07\/06.jpeg\" data-elementor-open-lightbox=\"yes\" data-elementor-lightbox-slideshow=\"6c3176b\" data-elementor-lightbox-title=\"06\" data-e-action-hash=\"#elementor-action%3Aaction%3Dlightbox%26settings%3DeyJpZCI6MTAwNjYwNiwidXJsIjoiaHR0cHM6XC9cL2NhcmwtaHVtYW5uLmRlXC93cC1jb250ZW50XC91cGxvYWRzXC8yMDI0XC8wN1wvMDYuanBlZyIsInNsaWRlc2hvdyI6IjZjMzE3NmIifQ%3D%3D\">\n\t\t\t\t\t<div class=\"e-gallery-image elementor-gallery-item__image\" data-thumbnail=\"https:\/\/carl-humann.de\/wp-content\/uploads\/2024\/07\/06-225x300.jpeg\" data-width=\"225\" data-height=\"300\" aria-label=\"\" role=\"img\" ><\/div>\n\t\t\t\t\t\t\t\t\t\t\t<div class=\"elementor-gallery-item__overlay\"><\/div>\n\t\t\t\t\t\t\t\t\t\t\t\t\t\t<\/a>\n\t\t\t\t\t\t\t<a class=\"e-gallery-item elementor-gallery-item elementor-animated-content\" href=\"https:\/\/carl-humann.de\/wp-content\/uploads\/2024\/07\/07.jpeg\" data-elementor-open-lightbox=\"yes\" data-elementor-lightbox-slideshow=\"6c3176b\" data-elementor-lightbox-title=\"07\" data-e-action-hash=\"#elementor-action%3Aaction%3Dlightbox%26settings%3DeyJpZCI6MTAwNjYwOCwidXJsIjoiaHR0cHM6XC9cL2NhcmwtaHVtYW5uLmRlXC93cC1jb250ZW50XC91cGxvYWRzXC8yMDI0XC8wN1wvMDcuanBlZyIsInNsaWRlc2hvdyI6IjZjMzE3NmIifQ%3D%3D\">\n\t\t\t\t\t<div class=\"e-gallery-image elementor-gallery-item__image\" data-thumbnail=\"https:\/\/carl-humann.de\/wp-content\/uploads\/2024\/07\/07-225x300.jpeg\" data-width=\"225\" data-height=\"300\" aria-label=\"\" role=\"img\" ><\/div>\n\t\t\t\t\t\t\t\t\t\t\t<div class=\"elementor-gallery-item__overlay\"><\/div>\n\t\t\t\t\t\t\t\t\t\t\t\t\t\t<\/a>\n\t\t\t\t\t\t\t<a class=\"e-gallery-item elementor-gallery-item elementor-animated-content\" href=\"https:\/\/carl-humann.de\/wp-content\/uploads\/2024\/07\/08.jpeg\" data-elementor-open-lightbox=\"yes\" data-elementor-lightbox-slideshow=\"6c3176b\" data-elementor-lightbox-title=\"08\" data-e-action-hash=\"#elementor-action%3Aaction%3Dlightbox%26settings%3DeyJpZCI6MTAwNjYxMCwidXJsIjoiaHR0cHM6XC9cL2NhcmwtaHVtYW5uLmRlXC93cC1jb250ZW50XC91cGxvYWRzXC8yMDI0XC8wN1wvMDguanBlZyIsInNsaWRlc2hvdyI6IjZjMzE3NmIifQ%3D%3D\">\n\t\t\t\t\t<div class=\"e-gallery-image elementor-gallery-item__image\" data-thumbnail=\"https:\/\/carl-humann.de\/wp-content\/uploads\/2024\/07\/08-225x300.jpeg\" data-width=\"225\" data-height=\"300\" aria-label=\"\" role=\"img\" ><\/div>\n\t\t\t\t\t\t\t\t\t\t\t<div class=\"elementor-gallery-item__overlay\"><\/div>\n\t\t\t\t\t\t\t\t\t\t\t\t\t\t<\/a>\n\t\t\t\t\t<\/div>\n\t\t\t\t\t<\/div>\n\t\t\t\t<\/div>\n\t\t\t\t\t<\/div>\n\t\t<\/div>\n\t\t\t\t\t<\/div>\n\t\t<\/section>\n\t\t\t\t<\/div>\n\t\t","protected":false},"excerpt":{"rendered":"<p>Die Litfa\u00dfs\u00e4ule auf unserem Schulhof ist eine Besonderheit und wie in jedem Jahr ist sie die \u201eSpielfl\u00e4che\u201c f\u00fcr das finale Abschlussprojekt des Literaturkurses. Aber was ist \u00fcberhaupt eine Litfa\u00dfs\u00e4ule? Ein zylindrischer K\u00f6rper im \u00f6ffentlichen Raum, der wirbt und Aufmerksamkeit hervorruft. Doch was, wenn eben die eigentliche Funktion einer Litfa\u00dfs\u00e4ule unterwandert und k\u00fcnstlerisch ver\u00e4ndert wird? Die&#8230;<\/p>\n","protected":false},"author":5,"featured_media":1006616,"comment_status":"closed","ping_status":"closed","sticky":false,"template":"","format":"standard","meta":{"inline_featured_image":false,"footnotes":""},"categories":[],"tags":[],"class_list":["post-1006618","post","type-post","status-publish","format-standard","has-post-thumbnail","hentry"],"yoast_head":"<!-- This site is optimized with the Yoast SEO plugin v27.4 - https:\/\/yoast.com\/product\/yoast-seo-wordpress\/ -->\n<title>\u201eMit anderen Worten\u201d - ein Projekt des Literaturkurses 2024 - Carl-Humann-Gymnasium Essen<\/title>\n<meta name=\"robots\" content=\"index, follow, max-snippet:-1, max-image-preview:large, max-video-preview:-1\" \/>\n<link rel=\"canonical\" href=\"https:\/\/carl-humann.de\/en\/mit-anderen-worten-ein-projekt-des-literaturkurses-2024\/\" \/>\n<meta property=\"og:locale\" content=\"en_US\" \/>\n<meta property=\"og:type\" content=\"article\" \/>\n<meta property=\"og:title\" content=\"\u201eMit anderen Worten\u201d - ein Projekt des Literaturkurses 2024 - Carl-Humann-Gymnasium Essen\" \/>\n<meta property=\"og:description\" content=\"Die Litfa\u00dfs\u00e4ule auf unserem Schulhof ist eine Besonderheit und wie in jedem Jahr ist sie die \u201eSpielfl\u00e4che\u201c f\u00fcr das finale Abschlussprojekt des Literaturkurses. Aber was ist \u00fcberhaupt eine Litfa\u00dfs\u00e4ule? Ein zylindrischer K\u00f6rper im \u00f6ffentlichen Raum, der wirbt und Aufmerksamkeit hervorruft. Doch was, wenn eben die eigentliche Funktion einer Litfa\u00dfs\u00e4ule unterwandert und k\u00fcnstlerisch ver\u00e4ndert wird? Die...\" \/>\n<meta property=\"og:url\" content=\"https:\/\/carl-humann.de\/en\/mit-anderen-worten-ein-projekt-des-literaturkurses-2024\/\" \/>\n<meta property=\"og:site_name\" content=\"Carl-Humann-Gymnasium Essen\" \/>\n<meta property=\"article:published_time\" content=\"2024-07-04T14:05:17+00:00\" \/>\n<meta property=\"article:modified_time\" content=\"2024-07-04T14:07:37+00:00\" \/>\n<meta property=\"og:image\" content=\"https:\/\/carl-humann.de\/wp-content\/uploads\/2024\/07\/01.jpeg\" \/>\n\t<meta property=\"og:image:width\" content=\"2057\" \/>\n\t<meta property=\"og:image:height\" content=\"1392\" \/>\n\t<meta property=\"og:image:type\" content=\"image\/jpeg\" \/>\n<meta name=\"author\" content=\"Max Baukrowitz\" \/>\n<meta name=\"twitter:card\" content=\"summary_large_image\" \/>\n<meta name=\"twitter:label1\" content=\"Written by\" \/>\n\t<meta name=\"twitter:data1\" content=\"Max Baukrowitz\" \/>\n\t<meta name=\"twitter:label2\" content=\"Est. reading time\" \/>\n\t<meta name=\"twitter:data2\" content=\"2 minutes\" \/>\n<script type=\"application\/ld+json\" class=\"yoast-schema-graph\">{\"@context\":\"https:\\\/\\\/schema.org\",\"@graph\":[{\"@type\":\"Article\",\"@id\":\"https:\\\/\\\/carl-humann.de\\\/en\\\/mit-anderen-worten-ein-projekt-des-literaturkurses-2024\\\/#article\",\"isPartOf\":{\"@id\":\"https:\\\/\\\/carl-humann.de\\\/en\\\/mit-anderen-worten-ein-projekt-des-literaturkurses-2024\\\/\"},\"author\":{\"name\":\"Max Baukrowitz\",\"@id\":\"https:\\\/\\\/carl-humann.de\\\/#\\\/schema\\\/person\\\/11e850f41ea9f13a02e91c11f24dfb74\"},\"headline\":\"\u201eMit anderen Worten\u201d &#8211; ein Projekt des Literaturkurses 2024\",\"datePublished\":\"2024-07-04T14:05:17+00:00\",\"dateModified\":\"2024-07-04T14:07:37+00:00\",\"mainEntityOfPage\":{\"@id\":\"https:\\\/\\\/carl-humann.de\\\/en\\\/mit-anderen-worten-ein-projekt-des-literaturkurses-2024\\\/\"},\"wordCount\":367,\"publisher\":{\"@id\":\"https:\\\/\\\/carl-humann.de\\\/#organization\"},\"image\":{\"@id\":\"https:\\\/\\\/carl-humann.de\\\/en\\\/mit-anderen-worten-ein-projekt-des-literaturkurses-2024\\\/#primaryimage\"},\"thumbnailUrl\":\"https:\\\/\\\/carl-humann.de\\\/wp-content\\\/uploads\\\/2024\\\/07\\\/01.jpeg\",\"inLanguage\":\"en-US\"},{\"@type\":\"WebPage\",\"@id\":\"https:\\\/\\\/carl-humann.de\\\/en\\\/mit-anderen-worten-ein-projekt-des-literaturkurses-2024\\\/\",\"url\":\"https:\\\/\\\/carl-humann.de\\\/en\\\/mit-anderen-worten-ein-projekt-des-literaturkurses-2024\\\/\",\"name\":\"\u201eMit anderen Worten\u201d - ein Projekt des Literaturkurses 2024 - Carl-Humann-Gymnasium Essen\",\"isPartOf\":{\"@id\":\"https:\\\/\\\/carl-humann.de\\\/#website\"},\"primaryImageOfPage\":{\"@id\":\"https:\\\/\\\/carl-humann.de\\\/en\\\/mit-anderen-worten-ein-projekt-des-literaturkurses-2024\\\/#primaryimage\"},\"image\":{\"@id\":\"https:\\\/\\\/carl-humann.de\\\/en\\\/mit-anderen-worten-ein-projekt-des-literaturkurses-2024\\\/#primaryimage\"},\"thumbnailUrl\":\"https:\\\/\\\/carl-humann.de\\\/wp-content\\\/uploads\\\/2024\\\/07\\\/01.jpeg\",\"datePublished\":\"2024-07-04T14:05:17+00:00\",\"dateModified\":\"2024-07-04T14:07:37+00:00\",\"breadcrumb\":{\"@id\":\"https:\\\/\\\/carl-humann.de\\\/en\\\/mit-anderen-worten-ein-projekt-des-literaturkurses-2024\\\/#breadcrumb\"},\"inLanguage\":\"en-US\",\"potentialAction\":[{\"@type\":\"ReadAction\",\"target\":[\"https:\\\/\\\/carl-humann.de\\\/en\\\/mit-anderen-worten-ein-projekt-des-literaturkurses-2024\\\/\"]}]},{\"@type\":\"ImageObject\",\"inLanguage\":\"en-US\",\"@id\":\"https:\\\/\\\/carl-humann.de\\\/en\\\/mit-anderen-worten-ein-projekt-des-literaturkurses-2024\\\/#primaryimage\",\"url\":\"https:\\\/\\\/carl-humann.de\\\/wp-content\\\/uploads\\\/2024\\\/07\\\/01.jpeg\",\"contentUrl\":\"https:\\\/\\\/carl-humann.de\\\/wp-content\\\/uploads\\\/2024\\\/07\\\/01.jpeg\",\"width\":2057,\"height\":1392},{\"@type\":\"BreadcrumbList\",\"@id\":\"https:\\\/\\\/carl-humann.de\\\/en\\\/mit-anderen-worten-ein-projekt-des-literaturkurses-2024\\\/#breadcrumb\",\"itemListElement\":[{\"@type\":\"ListItem\",\"position\":1,\"name\":\"Startseite\",\"item\":\"https:\\\/\\\/carl-humann.de\\\/\"},{\"@type\":\"ListItem\",\"position\":2,\"name\":\"\u201eMit anderen Worten\u201d &#8211; ein Projekt des Literaturkurses 2024\"}]},{\"@type\":\"WebSite\",\"@id\":\"https:\\\/\\\/carl-humann.de\\\/#website\",\"url\":\"https:\\\/\\\/carl-humann.de\\\/\",\"name\":\"Carl-Humann-Gymnasium Essen\",\"description\":\"\",\"publisher\":{\"@id\":\"https:\\\/\\\/carl-humann.de\\\/#organization\"},\"potentialAction\":[{\"@type\":\"SearchAction\",\"target\":{\"@type\":\"EntryPoint\",\"urlTemplate\":\"https:\\\/\\\/carl-humann.de\\\/?s={search_term_string}\"},\"query-input\":{\"@type\":\"PropertyValueSpecification\",\"valueRequired\":true,\"valueName\":\"search_term_string\"}}],\"inLanguage\":\"en-US\"},{\"@type\":\"Organization\",\"@id\":\"https:\\\/\\\/carl-humann.de\\\/#organization\",\"name\":\"Carl-Humann-Gymnasium Essen\",\"url\":\"https:\\\/\\\/carl-humann.de\\\/\",\"logo\":{\"@type\":\"ImageObject\",\"inLanguage\":\"en-US\",\"@id\":\"https:\\\/\\\/carl-humann.de\\\/#\\\/schema\\\/logo\\\/image\\\/\",\"url\":\"https:\\\/\\\/carl-humann.de\\\/wp-content\\\/uploads\\\/2021\\\/09\\\/Logo_1c_222x85mm-1.png\",\"contentUrl\":\"https:\\\/\\\/carl-humann.de\\\/wp-content\\\/uploads\\\/2021\\\/09\\\/Logo_1c_222x85mm-1.png\",\"width\":2622,\"height\":1004,\"caption\":\"Carl-Humann-Gymnasium Essen\"},\"image\":{\"@id\":\"https:\\\/\\\/carl-humann.de\\\/#\\\/schema\\\/logo\\\/image\\\/\"}},{\"@type\":\"Person\",\"@id\":\"https:\\\/\\\/carl-humann.de\\\/#\\\/schema\\\/person\\\/11e850f41ea9f13a02e91c11f24dfb74\",\"name\":\"Max Baukrowitz\",\"url\":\"https:\\\/\\\/carl-humann.de\\\/en\\\/author\\\/max-baukrowitz\\\/\"}]}<\/script>\n<!-- \/ Yoast SEO plugin. -->","yoast_head_json":{"title":"\u201eMit anderen Worten\u201d - ein Projekt des Literaturkurses 2024 - Carl-Humann-Gymnasium Essen","robots":{"index":"index","follow":"follow","max-snippet":"max-snippet:-1","max-image-preview":"max-image-preview:large","max-video-preview":"max-video-preview:-1"},"canonical":"https:\/\/carl-humann.de\/en\/mit-anderen-worten-ein-projekt-des-literaturkurses-2024\/","og_locale":"en_US","og_type":"article","og_title":"\u201eMit anderen Worten\u201d - ein Projekt des Literaturkurses 2024 - Carl-Humann-Gymnasium Essen","og_description":"Die Litfa\u00dfs\u00e4ule auf unserem Schulhof ist eine Besonderheit und wie in jedem Jahr ist sie die \u201eSpielfl\u00e4che\u201c f\u00fcr das finale Abschlussprojekt des Literaturkurses. Aber was ist \u00fcberhaupt eine Litfa\u00dfs\u00e4ule? Ein zylindrischer K\u00f6rper im \u00f6ffentlichen Raum, der wirbt und Aufmerksamkeit hervorruft. Doch was, wenn eben die eigentliche Funktion einer Litfa\u00dfs\u00e4ule unterwandert und k\u00fcnstlerisch ver\u00e4ndert wird? Die...","og_url":"https:\/\/carl-humann.de\/en\/mit-anderen-worten-ein-projekt-des-literaturkurses-2024\/","og_site_name":"Carl-Humann-Gymnasium Essen","article_published_time":"2024-07-04T14:05:17+00:00","article_modified_time":"2024-07-04T14:07:37+00:00","og_image":[{"width":2057,"height":1392,"url":"https:\/\/carl-humann.de\/wp-content\/uploads\/2024\/07\/01.jpeg","type":"image\/jpeg"}],"author":"Max Baukrowitz","twitter_card":"summary_large_image","twitter_misc":{"Written by":"Max Baukrowitz","Est. reading time":"2 minutes"},"schema":{"@context":"https:\/\/schema.org","@graph":[{"@type":"Article","@id":"https:\/\/carl-humann.de\/en\/mit-anderen-worten-ein-projekt-des-literaturkurses-2024\/#article","isPartOf":{"@id":"https:\/\/carl-humann.de\/en\/mit-anderen-worten-ein-projekt-des-literaturkurses-2024\/"},"author":{"name":"Max Baukrowitz","@id":"https:\/\/carl-humann.de\/#\/schema\/person\/11e850f41ea9f13a02e91c11f24dfb74"},"headline":"\u201eMit anderen Worten\u201d &#8211; ein Projekt des Literaturkurses 2024","datePublished":"2024-07-04T14:05:17+00:00","dateModified":"2024-07-04T14:07:37+00:00","mainEntityOfPage":{"@id":"https:\/\/carl-humann.de\/en\/mit-anderen-worten-ein-projekt-des-literaturkurses-2024\/"},"wordCount":367,"publisher":{"@id":"https:\/\/carl-humann.de\/#organization"},"image":{"@id":"https:\/\/carl-humann.de\/en\/mit-anderen-worten-ein-projekt-des-literaturkurses-2024\/#primaryimage"},"thumbnailUrl":"https:\/\/carl-humann.de\/wp-content\/uploads\/2024\/07\/01.jpeg","inLanguage":"en-US"},{"@type":"WebPage","@id":"https:\/\/carl-humann.de\/en\/mit-anderen-worten-ein-projekt-des-literaturkurses-2024\/","url":"https:\/\/carl-humann.de\/en\/mit-anderen-worten-ein-projekt-des-literaturkurses-2024\/","name":"\u201eMit anderen Worten\u201d - ein Projekt des Literaturkurses 2024 - Carl-Humann-Gymnasium Essen","isPartOf":{"@id":"https:\/\/carl-humann.de\/#website"},"primaryImageOfPage":{"@id":"https:\/\/carl-humann.de\/en\/mit-anderen-worten-ein-projekt-des-literaturkurses-2024\/#primaryimage"},"image":{"@id":"https:\/\/carl-humann.de\/en\/mit-anderen-worten-ein-projekt-des-literaturkurses-2024\/#primaryimage"},"thumbnailUrl":"https:\/\/carl-humann.de\/wp-content\/uploads\/2024\/07\/01.jpeg","datePublished":"2024-07-04T14:05:17+00:00","dateModified":"2024-07-04T14:07:37+00:00","breadcrumb":{"@id":"https:\/\/carl-humann.de\/en\/mit-anderen-worten-ein-projekt-des-literaturkurses-2024\/#breadcrumb"},"inLanguage":"en-US","potentialAction":[{"@type":"ReadAction","target":["https:\/\/carl-humann.de\/en\/mit-anderen-worten-ein-projekt-des-literaturkurses-2024\/"]}]},{"@type":"ImageObject","inLanguage":"en-US","@id":"https:\/\/carl-humann.de\/en\/mit-anderen-worten-ein-projekt-des-literaturkurses-2024\/#primaryimage","url":"https:\/\/carl-humann.de\/wp-content\/uploads\/2024\/07\/01.jpeg","contentUrl":"https:\/\/carl-humann.de\/wp-content\/uploads\/2024\/07\/01.jpeg","width":2057,"height":1392},{"@type":"BreadcrumbList","@id":"https:\/\/carl-humann.de\/en\/mit-anderen-worten-ein-projekt-des-literaturkurses-2024\/#breadcrumb","itemListElement":[{"@type":"ListItem","position":1,"name":"Startseite","item":"https:\/\/carl-humann.de\/"},{"@type":"ListItem","position":2,"name":"\u201eMit anderen Worten\u201d &#8211; ein Projekt des Literaturkurses 2024"}]},{"@type":"WebSite","@id":"https:\/\/carl-humann.de\/#website","url":"https:\/\/carl-humann.de\/","name":"Carl-Humann-Gymnasium Essen","description":"","publisher":{"@id":"https:\/\/carl-humann.de\/#organization"},"potentialAction":[{"@type":"SearchAction","target":{"@type":"EntryPoint","urlTemplate":"https:\/\/carl-humann.de\/?s={search_term_string}"},"query-input":{"@type":"PropertyValueSpecification","valueRequired":true,"valueName":"search_term_string"}}],"inLanguage":"en-US"},{"@type":"Organization","@id":"https:\/\/carl-humann.de\/#organization","name":"Carl-Humann-Gymnasium Essen","url":"https:\/\/carl-humann.de\/","logo":{"@type":"ImageObject","inLanguage":"en-US","@id":"https:\/\/carl-humann.de\/#\/schema\/logo\/image\/","url":"https:\/\/carl-humann.de\/wp-content\/uploads\/2021\/09\/Logo_1c_222x85mm-1.png","contentUrl":"https:\/\/carl-humann.de\/wp-content\/uploads\/2021\/09\/Logo_1c_222x85mm-1.png","width":2622,"height":1004,"caption":"Carl-Humann-Gymnasium Essen"},"image":{"@id":"https:\/\/carl-humann.de\/#\/schema\/logo\/image\/"}},{"@type":"Person","@id":"https:\/\/carl-humann.de\/#\/schema\/person\/11e850f41ea9f13a02e91c11f24dfb74","name":"Max Baukrowitz","url":"https:\/\/carl-humann.de\/en\/author\/max-baukrowitz\/"}]}},"_links":{"self":[{"href":"https:\/\/carl-humann.de\/en\/wp-json\/wp\/v2\/posts\/1006618","targetHints":{"allow":["GET"]}}],"collection":[{"href":"https:\/\/carl-humann.de\/en\/wp-json\/wp\/v2\/posts"}],"about":[{"href":"https:\/\/carl-humann.de\/en\/wp-json\/wp\/v2\/types\/post"}],"author":[{"embeddable":true,"href":"https:\/\/carl-humann.de\/en\/wp-json\/wp\/v2\/users\/5"}],"replies":[{"embeddable":true,"href":"https:\/\/carl-humann.de\/en\/wp-json\/wp\/v2\/comments?post=1006618"}],"version-history":[{"count":1,"href":"https:\/\/carl-humann.de\/en\/wp-json\/wp\/v2\/posts\/1006618\/revisions"}],"predecessor-version":[{"id":1006619,"href":"https:\/\/carl-humann.de\/en\/wp-json\/wp\/v2\/posts\/1006618\/revisions\/1006619"}],"wp:featuredmedia":[{"embeddable":true,"href":"https:\/\/carl-humann.de\/en\/wp-json\/wp\/v2\/media\/1006616"}],"wp:attachment":[{"href":"https:\/\/carl-humann.de\/en\/wp-json\/wp\/v2\/media?parent=1006618"}],"wp:term":[{"taxonomy":"category","embeddable":true,"href":"https:\/\/carl-humann.de\/en\/wp-json\/wp\/v2\/categories?post=1006618"},{"taxonomy":"post_tag","embeddable":true,"href":"https:\/\/carl-humann.de\/en\/wp-json\/wp\/v2\/tags?post=1006618"}],"curies":[{"name":"wp","href":"https:\/\/api.w.org\/{rel}","templated":true}]}}