{"id":1006408,"date":"2024-05-27T09:22:05","date_gmt":"2024-05-27T07:22:05","guid":{"rendered":"https:\/\/carl-humann.de\/?p=1006408"},"modified":"2024-05-27T09:26:10","modified_gmt":"2024-05-27T07:26:10","slug":"jetzt-ist-zeit-zu-handeln-fuer-europa","status":"publish","type":"post","link":"https:\/\/carl-humann.de\/en\/jetzt-ist-zeit-zu-handeln-fuer-europa\/","title":{"rendered":"Jetzt ist Zeit zu handeln f\u00fcr Europa!"},"content":{"rendered":"\t\t<div data-elementor-type=\"wp-post\" data-elementor-id=\"1006408\" class=\"elementor elementor-1006408\" data-elementor-post-type=\"post\">\n\t\t\t\t\t\t<section class=\"elementor-section elementor-top-section elementor-element elementor-element-714b18b9 elementor-section-boxed elementor-section-height-default elementor-section-height-default\" data-id=\"714b18b9\" data-element_type=\"section\" data-e-type=\"section\">\n\t\t\t\t\t\t<div class=\"elementor-container elementor-column-gap-default\">\n\t\t\t\t\t<div class=\"elementor-column elementor-col-100 elementor-top-column elementor-element elementor-element-6ce800be\" data-id=\"6ce800be\" data-element_type=\"column\" data-e-type=\"column\">\n\t\t\t<div class=\"elementor-widget-wrap elementor-element-populated\">\n\t\t\t\t\t\t<div class=\"elementor-element elementor-element-56dee346 elementor-widget elementor-widget-text-editor\" data-id=\"56dee346\" data-element_type=\"widget\" data-e-type=\"widget\" data-widget_type=\"text-editor.default\">\n\t\t\t\t<div class=\"elementor-widget-container\">\n\t\t\t\t\t\t\t\t\tAm Pfingstfest haben wir uns daran erinnert, dass die J\u00fcnger Jesu inspiriert wurden und in allen Sprachen sprechen konnten \u2013 ein sch\u00f6nes Bild f\u00fcr internationale Verst\u00e4ndigung. Dieser Gedanke passt auch zu Europa, das an unserer Schule in vielf\u00e4ltiger Weise pr\u00e4sent ist: im Fremdsprachenunterricht, bei Fahrten und Gegenbesuchen im Rahmen unseres Programms Erasmus+ und in diesem Jahr auch in der Projektwoche, die Europa als Thema hat.\n\nWas sind unsere Hoffnungen und W\u00fcnsche f\u00fcr Europa? Was ist wichtig f\u00fcr ein gutes Zusammenleben? Zu diesen Fragen gab es in den Kirchen am Hellweg, der alten europ\u00e4ischen Pilger- und Handelsstra\u00dfe, am Pfingstmontag neben dem Gottesdienst eine Aktion unter dem Motto \u201eJetzt ist Zeit zu handeln f\u00fcr Europa!\u201c Beteiligt war auch unsere Partnergemeinde St. Laurentius in Steele, die ein Zeichen setzte mit selbst gestalteten STIMM-B\u00c4NDERN f\u00fcr ein demokratisches, vielf\u00e4ltiges und menschenfreundliches Miteinander in Europa.\n\nEine Reihe der B\u00e4nder stammte dabei von Sch\u00fclerinnen und Sch\u00fclern der f\u00fcnften Klassen, die sich im Religionsunterricht mit dem Thema besch\u00e4ftigt hatten. Sie w\u00fcnschten sich Gleichberechtigung und Zusammenhalt, Mut und Frieden, malten die Friedenstaube und das Peace-Zeichen, aber auch das hebr\u00e4ische Schalom, denn das Europa, das wir uns w\u00fcnschen, hat keinen Platz f\u00fcr Antisemitismus.\n\n&nbsp;\t\t\t\t\t\t\t\t<\/div>\n\t\t\t\t<\/div>\n\t\t\t\t\t<\/div>\n\t\t<\/div>\n\t\t\t\t\t<\/div>\n\t\t<\/section>\n\t\t\t\t<section class=\"elementor-section elementor-top-section elementor-element elementor-element-242dea8 elementor-section-boxed elementor-section-height-default elementor-section-height-default\" data-id=\"242dea8\" data-element_type=\"section\" data-e-type=\"section\">\n\t\t\t\t\t\t<div class=\"elementor-container elementor-column-gap-default\">\n\t\t\t\t\t<div class=\"elementor-column elementor-col-100 elementor-top-column elementor-element elementor-element-08960b2\" data-id=\"08960b2\" data-element_type=\"column\" data-e-type=\"column\">\n\t\t\t<div class=\"elementor-widget-wrap elementor-element-populated\">\n\t\t\t\t\t\t<div class=\"elementor-element elementor-element-0edcf7f elementor-widget elementor-widget-gallery\" data-id=\"0edcf7f\" data-element_type=\"widget\" data-e-type=\"widget\" data-settings=\"{&quot;lazyload&quot;:&quot;yes&quot;,&quot;gallery_layout&quot;:&quot;grid&quot;,&quot;columns&quot;:4,&quot;columns_tablet&quot;:2,&quot;columns_mobile&quot;:1,&quot;gap&quot;:{&quot;unit&quot;:&quot;px&quot;,&quot;size&quot;:10,&quot;sizes&quot;:[]},&quot;gap_tablet&quot;:{&quot;unit&quot;:&quot;px&quot;,&quot;size&quot;:10,&quot;sizes&quot;:[]},&quot;gap_mobile&quot;:{&quot;unit&quot;:&quot;px&quot;,&quot;size&quot;:10,&quot;sizes&quot;:[]},&quot;link_to&quot;:&quot;file&quot;,&quot;aspect_ratio&quot;:&quot;3:2&quot;,&quot;overlay_background&quot;:&quot;yes&quot;,&quot;content_hover_animation&quot;:&quot;fade-in&quot;}\" data-widget_type=\"gallery.default\">\n\t\t\t\t<div class=\"elementor-widget-container\">\n\t\t\t\t\t\t\t<div class=\"elementor-gallery__container\">\n\t\t\t\t\t\t\t<a class=\"e-gallery-item elementor-gallery-item elementor-animated-content\" href=\"https:\/\/carl-humann.de\/wp-content\/uploads\/2024\/05\/P1050613.jpg\" data-elementor-open-lightbox=\"yes\" data-elementor-lightbox-slideshow=\"0edcf7f\" data-elementor-lightbox-title=\"P1050613\" data-e-action-hash=\"#elementor-action%3Aaction%3Dlightbox%26settings%3DeyJpZCI6MTAwNjM2OSwidXJsIjoiaHR0cHM6XC9cL2NhcmwtaHVtYW5uLmRlXC93cC1jb250ZW50XC91cGxvYWRzXC8yMDI0XC8wNVwvUDEwNTA2MTMuanBnIiwic2xpZGVzaG93IjoiMGVkY2Y3ZiJ9\">\n\t\t\t\t\t<div class=\"e-gallery-image elementor-gallery-item__image\" data-thumbnail=\"https:\/\/carl-humann.de\/wp-content\/uploads\/2024\/05\/P1050613-300x225.jpg\" data-width=\"300\" data-height=\"225\" aria-label=\"\" role=\"img\" ><\/div>\n\t\t\t\t\t\t\t\t\t\t\t<div class=\"elementor-gallery-item__overlay\"><\/div>\n\t\t\t\t\t\t\t\t\t\t\t\t\t\t<\/a>\n\t\t\t\t\t\t\t<a class=\"e-gallery-item elementor-gallery-item elementor-animated-content\" href=\"https:\/\/carl-humann.de\/wp-content\/uploads\/2024\/05\/4O3A6813_DxO-scaled.jpg\" data-elementor-open-lightbox=\"yes\" data-elementor-lightbox-slideshow=\"0edcf7f\" data-elementor-lightbox-title=\"4O3A6813_DxO\" data-e-action-hash=\"#elementor-action%3Aaction%3Dlightbox%26settings%3DeyJpZCI6MTAwNjM3MSwidXJsIjoiaHR0cHM6XC9cL2NhcmwtaHVtYW5uLmRlXC93cC1jb250ZW50XC91cGxvYWRzXC8yMDI0XC8wNVwvNE8zQTY4MTNfRHhPLXNjYWxlZC5qcGciLCJzbGlkZXNob3ciOiIwZWRjZjdmIn0%3D\">\n\t\t\t\t\t<div class=\"e-gallery-image elementor-gallery-item__image\" data-thumbnail=\"https:\/\/carl-humann.de\/wp-content\/uploads\/2024\/05\/4O3A6813_DxO-300x200.jpg\" data-width=\"300\" data-height=\"200\" aria-label=\"\" role=\"img\" ><\/div>\n\t\t\t\t\t\t\t\t\t\t\t<div class=\"elementor-gallery-item__overlay\"><\/div>\n\t\t\t\t\t\t\t\t\t\t\t\t\t\t<\/a>\n\t\t\t\t\t\t\t<a class=\"e-gallery-item elementor-gallery-item elementor-animated-content\" href=\"https:\/\/carl-humann.de\/wp-content\/uploads\/2024\/05\/P1050601.jpg\" data-elementor-open-lightbox=\"yes\" data-elementor-lightbox-slideshow=\"0edcf7f\" data-elementor-lightbox-title=\"P1050601\" data-e-action-hash=\"#elementor-action%3Aaction%3Dlightbox%26settings%3DeyJpZCI6MTAwNjM3MywidXJsIjoiaHR0cHM6XC9cL2NhcmwtaHVtYW5uLmRlXC93cC1jb250ZW50XC91cGxvYWRzXC8yMDI0XC8wNVwvUDEwNTA2MDEuanBnIiwic2xpZGVzaG93IjoiMGVkY2Y3ZiJ9\">\n\t\t\t\t\t<div class=\"e-gallery-image elementor-gallery-item__image\" data-thumbnail=\"https:\/\/carl-humann.de\/wp-content\/uploads\/2024\/05\/P1050601-300x225.jpg\" data-width=\"300\" data-height=\"225\" aria-label=\"\" role=\"img\" ><\/div>\n\t\t\t\t\t\t\t\t\t\t\t<div class=\"elementor-gallery-item__overlay\"><\/div>\n\t\t\t\t\t\t\t\t\t\t\t\t\t\t<\/a>\n\t\t\t\t\t\t\t<a class=\"e-gallery-item elementor-gallery-item elementor-animated-content\" href=\"https:\/\/carl-humann.de\/wp-content\/uploads\/2024\/05\/P1050619.jpg\" data-elementor-open-lightbox=\"yes\" data-elementor-lightbox-slideshow=\"0edcf7f\" data-elementor-lightbox-title=\"P1050619\" data-e-action-hash=\"#elementor-action%3Aaction%3Dlightbox%26settings%3DeyJpZCI6MTAwNjM3NSwidXJsIjoiaHR0cHM6XC9cL2NhcmwtaHVtYW5uLmRlXC93cC1jb250ZW50XC91cGxvYWRzXC8yMDI0XC8wNVwvUDEwNTA2MTkuanBnIiwic2xpZGVzaG93IjoiMGVkY2Y3ZiJ9\">\n\t\t\t\t\t<div class=\"e-gallery-image elementor-gallery-item__image\" data-thumbnail=\"https:\/\/carl-humann.de\/wp-content\/uploads\/2024\/05\/P1050619-300x225.jpg\" data-width=\"300\" data-height=\"225\" aria-label=\"\" role=\"img\" ><\/div>\n\t\t\t\t\t\t\t\t\t\t\t<div class=\"elementor-gallery-item__overlay\"><\/div>\n\t\t\t\t\t\t\t\t\t\t\t\t\t\t<\/a>\n\t\t\t\t\t\t\t<a class=\"e-gallery-item elementor-gallery-item elementor-animated-content\" href=\"https:\/\/carl-humann.de\/wp-content\/uploads\/2024\/05\/P1050610.jpg\" data-elementor-open-lightbox=\"yes\" data-elementor-lightbox-slideshow=\"0edcf7f\" data-elementor-lightbox-title=\"P1050610\" data-e-action-hash=\"#elementor-action%3Aaction%3Dlightbox%26settings%3DeyJpZCI6MTAwNjM3NywidXJsIjoiaHR0cHM6XC9cL2NhcmwtaHVtYW5uLmRlXC93cC1jb250ZW50XC91cGxvYWRzXC8yMDI0XC8wNVwvUDEwNTA2MTAuanBnIiwic2xpZGVzaG93IjoiMGVkY2Y3ZiJ9\">\n\t\t\t\t\t<div class=\"e-gallery-image elementor-gallery-item__image\" data-thumbnail=\"https:\/\/carl-humann.de\/wp-content\/uploads\/2024\/05\/P1050610-300x225.jpg\" data-width=\"300\" data-height=\"225\" aria-label=\"\" role=\"img\" ><\/div>\n\t\t\t\t\t\t\t\t\t\t\t<div class=\"elementor-gallery-item__overlay\"><\/div>\n\t\t\t\t\t\t\t\t\t\t\t\t\t\t<\/a>\n\t\t\t\t\t\t\t<a class=\"e-gallery-item elementor-gallery-item elementor-animated-content\" href=\"https:\/\/carl-humann.de\/wp-content\/uploads\/2024\/05\/P1050626.jpg\" data-elementor-open-lightbox=\"yes\" data-elementor-lightbox-slideshow=\"0edcf7f\" data-elementor-lightbox-title=\"P1050626\" data-e-action-hash=\"#elementor-action%3Aaction%3Dlightbox%26settings%3DeyJpZCI6MTAwNjM3OSwidXJsIjoiaHR0cHM6XC9cL2NhcmwtaHVtYW5uLmRlXC93cC1jb250ZW50XC91cGxvYWRzXC8yMDI0XC8wNVwvUDEwNTA2MjYuanBnIiwic2xpZGVzaG93IjoiMGVkY2Y3ZiJ9\">\n\t\t\t\t\t<div class=\"e-gallery-image elementor-gallery-item__image\" data-thumbnail=\"https:\/\/carl-humann.de\/wp-content\/uploads\/2024\/05\/P1050626-300x225.jpg\" data-width=\"300\" data-height=\"225\" aria-label=\"\" role=\"img\" ><\/div>\n\t\t\t\t\t\t\t\t\t\t\t<div class=\"elementor-gallery-item__overlay\"><\/div>\n\t\t\t\t\t\t\t\t\t\t\t\t\t\t<\/a>\n\t\t\t\t\t\t\t<a class=\"e-gallery-item elementor-gallery-item elementor-animated-content\" href=\"https:\/\/carl-humann.de\/wp-content\/uploads\/2024\/05\/P1050621.jpg\" data-elementor-open-lightbox=\"yes\" data-elementor-lightbox-slideshow=\"0edcf7f\" data-elementor-lightbox-title=\"P1050621\" data-e-action-hash=\"#elementor-action%3Aaction%3Dlightbox%26settings%3DeyJpZCI6MTAwNjM4MiwidXJsIjoiaHR0cHM6XC9cL2NhcmwtaHVtYW5uLmRlXC93cC1jb250ZW50XC91cGxvYWRzXC8yMDI0XC8wNVwvUDEwNTA2MjEuanBnIiwic2xpZGVzaG93IjoiMGVkY2Y3ZiJ9\">\n\t\t\t\t\t<div class=\"e-gallery-image elementor-gallery-item__image\" data-thumbnail=\"https:\/\/carl-humann.de\/wp-content\/uploads\/2024\/05\/P1050621-300x225.jpg\" data-width=\"300\" data-height=\"225\" aria-label=\"\" role=\"img\" ><\/div>\n\t\t\t\t\t\t\t\t\t\t\t<div class=\"elementor-gallery-item__overlay\"><\/div>\n\t\t\t\t\t\t\t\t\t\t\t\t\t\t<\/a>\n\t\t\t\t\t\t\t<a class=\"e-gallery-item elementor-gallery-item elementor-animated-content\" href=\"https:\/\/carl-humann.de\/wp-content\/uploads\/2024\/05\/4O3A6815_DxO-scaled.jpg\" data-elementor-open-lightbox=\"yes\" data-elementor-lightbox-slideshow=\"0edcf7f\" data-elementor-lightbox-title=\"4O3A6815_DxO\" data-e-action-hash=\"#elementor-action%3Aaction%3Dlightbox%26settings%3DeyJpZCI6MTAwNjM4NCwidXJsIjoiaHR0cHM6XC9cL2NhcmwtaHVtYW5uLmRlXC93cC1jb250ZW50XC91cGxvYWRzXC8yMDI0XC8wNVwvNE8zQTY4MTVfRHhPLXNjYWxlZC5qcGciLCJzbGlkZXNob3ciOiIwZWRjZjdmIn0%3D\">\n\t\t\t\t\t<div class=\"e-gallery-image elementor-gallery-item__image\" data-thumbnail=\"https:\/\/carl-humann.de\/wp-content\/uploads\/2024\/05\/4O3A6815_DxO-300x200.jpg\" data-width=\"300\" data-height=\"200\" aria-label=\"\" role=\"img\" ><\/div>\n\t\t\t\t\t\t\t\t\t\t\t<div class=\"elementor-gallery-item__overlay\"><\/div>\n\t\t\t\t\t\t\t\t\t\t\t\t\t\t<\/a>\n\t\t\t\t\t\t\t<a class=\"e-gallery-item elementor-gallery-item elementor-animated-content\" href=\"https:\/\/carl-humann.de\/wp-content\/uploads\/2024\/05\/P1050615.jpg\" data-elementor-open-lightbox=\"yes\" data-elementor-lightbox-slideshow=\"0edcf7f\" data-elementor-lightbox-title=\"P1050615\" data-e-action-hash=\"#elementor-action%3Aaction%3Dlightbox%26settings%3DeyJpZCI6MTAwNjM4NiwidXJsIjoiaHR0cHM6XC9cL2NhcmwtaHVtYW5uLmRlXC93cC1jb250ZW50XC91cGxvYWRzXC8yMDI0XC8wNVwvUDEwNTA2MTUuanBnIiwic2xpZGVzaG93IjoiMGVkY2Y3ZiJ9\">\n\t\t\t\t\t<div class=\"e-gallery-image elementor-gallery-item__image\" data-thumbnail=\"https:\/\/carl-humann.de\/wp-content\/uploads\/2024\/05\/P1050615-300x225.jpg\" data-width=\"300\" data-height=\"225\" aria-label=\"\" role=\"img\" ><\/div>\n\t\t\t\t\t\t\t\t\t\t\t<div class=\"elementor-gallery-item__overlay\"><\/div>\n\t\t\t\t\t\t\t\t\t\t\t\t\t\t<\/a>\n\t\t\t\t\t\t\t<a class=\"e-gallery-item elementor-gallery-item elementor-animated-content\" href=\"https:\/\/carl-humann.de\/wp-content\/uploads\/2024\/05\/4O3A6811_DxO-scaled.jpg\" data-elementor-open-lightbox=\"yes\" data-elementor-lightbox-slideshow=\"0edcf7f\" data-elementor-lightbox-title=\"4O3A6811_DxO\" data-e-action-hash=\"#elementor-action%3Aaction%3Dlightbox%26settings%3DeyJpZCI6MTAwNjM4OCwidXJsIjoiaHR0cHM6XC9cL2NhcmwtaHVtYW5uLmRlXC93cC1jb250ZW50XC91cGxvYWRzXC8yMDI0XC8wNVwvNE8zQTY4MTFfRHhPLXNjYWxlZC5qcGciLCJzbGlkZXNob3ciOiIwZWRjZjdmIn0%3D\">\n\t\t\t\t\t<div class=\"e-gallery-image elementor-gallery-item__image\" data-thumbnail=\"https:\/\/carl-humann.de\/wp-content\/uploads\/2024\/05\/4O3A6811_DxO-300x200.jpg\" data-width=\"300\" data-height=\"200\" aria-label=\"\" role=\"img\" ><\/div>\n\t\t\t\t\t\t\t\t\t\t\t<div class=\"elementor-gallery-item__overlay\"><\/div>\n\t\t\t\t\t\t\t\t\t\t\t\t\t\t<\/a>\n\t\t\t\t\t\t\t<a class=\"e-gallery-item elementor-gallery-item elementor-animated-content\" href=\"https:\/\/carl-humann.de\/wp-content\/uploads\/2024\/05\/P1050620.jpg\" data-elementor-open-lightbox=\"yes\" data-elementor-lightbox-slideshow=\"0edcf7f\" data-elementor-lightbox-title=\"P1050620\" data-e-action-hash=\"#elementor-action%3Aaction%3Dlightbox%26settings%3DeyJpZCI6MTAwNjM5MCwidXJsIjoiaHR0cHM6XC9cL2NhcmwtaHVtYW5uLmRlXC93cC1jb250ZW50XC91cGxvYWRzXC8yMDI0XC8wNVwvUDEwNTA2MjAuanBnIiwic2xpZGVzaG93IjoiMGVkY2Y3ZiJ9\">\n\t\t\t\t\t<div class=\"e-gallery-image elementor-gallery-item__image\" data-thumbnail=\"https:\/\/carl-humann.de\/wp-content\/uploads\/2024\/05\/P1050620-300x225.jpg\" data-width=\"300\" data-height=\"225\" aria-label=\"\" role=\"img\" ><\/div>\n\t\t\t\t\t\t\t\t\t\t\t<div class=\"elementor-gallery-item__overlay\"><\/div>\n\t\t\t\t\t\t\t\t\t\t\t\t\t\t<\/a>\n\t\t\t\t\t\t\t<a class=\"e-gallery-item elementor-gallery-item elementor-animated-content\" href=\"https:\/\/carl-humann.de\/wp-content\/uploads\/2024\/05\/P1050598.jpg\" data-elementor-open-lightbox=\"yes\" data-elementor-lightbox-slideshow=\"0edcf7f\" data-elementor-lightbox-title=\"P1050598\" data-e-action-hash=\"#elementor-action%3Aaction%3Dlightbox%26settings%3DeyJpZCI6MTAwNjM5MiwidXJsIjoiaHR0cHM6XC9cL2NhcmwtaHVtYW5uLmRlXC93cC1jb250ZW50XC91cGxvYWRzXC8yMDI0XC8wNVwvUDEwNTA1OTguanBnIiwic2xpZGVzaG93IjoiMGVkY2Y3ZiJ9\">\n\t\t\t\t\t<div class=\"e-gallery-image elementor-gallery-item__image\" data-thumbnail=\"https:\/\/carl-humann.de\/wp-content\/uploads\/2024\/05\/P1050598-300x225.jpg\" data-width=\"300\" data-height=\"225\" aria-label=\"\" role=\"img\" ><\/div>\n\t\t\t\t\t\t\t\t\t\t\t<div class=\"elementor-gallery-item__overlay\"><\/div>\n\t\t\t\t\t\t\t\t\t\t\t\t\t\t<\/a>\n\t\t\t\t\t\t\t<a class=\"e-gallery-item elementor-gallery-item elementor-animated-content\" href=\"https:\/\/carl-humann.de\/wp-content\/uploads\/2024\/05\/P1050603.jpg\" data-elementor-open-lightbox=\"yes\" data-elementor-lightbox-slideshow=\"0edcf7f\" data-elementor-lightbox-title=\"P1050603\" data-e-action-hash=\"#elementor-action%3Aaction%3Dlightbox%26settings%3DeyJpZCI6MTAwNjM5NCwidXJsIjoiaHR0cHM6XC9cL2NhcmwtaHVtYW5uLmRlXC93cC1jb250ZW50XC91cGxvYWRzXC8yMDI0XC8wNVwvUDEwNTA2MDMuanBnIiwic2xpZGVzaG93IjoiMGVkY2Y3ZiJ9\">\n\t\t\t\t\t<div class=\"e-gallery-image elementor-gallery-item__image\" data-thumbnail=\"https:\/\/carl-humann.de\/wp-content\/uploads\/2024\/05\/P1050603-300x225.jpg\" data-width=\"300\" data-height=\"225\" aria-label=\"\" role=\"img\" ><\/div>\n\t\t\t\t\t\t\t\t\t\t\t<div class=\"elementor-gallery-item__overlay\"><\/div>\n\t\t\t\t\t\t\t\t\t\t\t\t\t\t<\/a>\n\t\t\t\t\t\t\t<a class=\"e-gallery-item elementor-gallery-item elementor-animated-content\" href=\"https:\/\/carl-humann.de\/wp-content\/uploads\/2024\/05\/P1050612.jpg\" data-elementor-open-lightbox=\"yes\" data-elementor-lightbox-slideshow=\"0edcf7f\" data-elementor-lightbox-title=\"P1050612\" data-e-action-hash=\"#elementor-action%3Aaction%3Dlightbox%26settings%3DeyJpZCI6MTAwNjM5NiwidXJsIjoiaHR0cHM6XC9cL2NhcmwtaHVtYW5uLmRlXC93cC1jb250ZW50XC91cGxvYWRzXC8yMDI0XC8wNVwvUDEwNTA2MTIuanBnIiwic2xpZGVzaG93IjoiMGVkY2Y3ZiJ9\">\n\t\t\t\t\t<div class=\"e-gallery-image elementor-gallery-item__image\" data-thumbnail=\"https:\/\/carl-humann.de\/wp-content\/uploads\/2024\/05\/P1050612-300x225.jpg\" data-width=\"300\" data-height=\"225\" aria-label=\"\" role=\"img\" ><\/div>\n\t\t\t\t\t\t\t\t\t\t\t<div class=\"elementor-gallery-item__overlay\"><\/div>\n\t\t\t\t\t\t\t\t\t\t\t\t\t\t<\/a>\n\t\t\t\t\t\t\t<a class=\"e-gallery-item elementor-gallery-item elementor-animated-content\" href=\"https:\/\/carl-humann.de\/wp-content\/uploads\/2024\/05\/P1050624.jpg\" data-elementor-open-lightbox=\"yes\" data-elementor-lightbox-slideshow=\"0edcf7f\" data-elementor-lightbox-title=\"P1050624\" data-e-action-hash=\"#elementor-action%3Aaction%3Dlightbox%26settings%3DeyJpZCI6MTAwNjM5OCwidXJsIjoiaHR0cHM6XC9cL2NhcmwtaHVtYW5uLmRlXC93cC1jb250ZW50XC91cGxvYWRzXC8yMDI0XC8wNVwvUDEwNTA2MjQuanBnIiwic2xpZGVzaG93IjoiMGVkY2Y3ZiJ9\">\n\t\t\t\t\t<div class=\"e-gallery-image elementor-gallery-item__image\" data-thumbnail=\"https:\/\/carl-humann.de\/wp-content\/uploads\/2024\/05\/P1050624-300x225.jpg\" data-width=\"300\" data-height=\"225\" aria-label=\"\" role=\"img\" ><\/div>\n\t\t\t\t\t\t\t\t\t\t\t<div class=\"elementor-gallery-item__overlay\"><\/div>\n\t\t\t\t\t\t\t\t\t\t\t\t\t\t<\/a>\n\t\t\t\t\t\t\t<a class=\"e-gallery-item elementor-gallery-item elementor-animated-content\" href=\"https:\/\/carl-humann.de\/wp-content\/uploads\/2024\/05\/P1050628.jpg\" data-elementor-open-lightbox=\"yes\" data-elementor-lightbox-slideshow=\"0edcf7f\" data-elementor-lightbox-title=\"P1050628\" data-e-action-hash=\"#elementor-action%3Aaction%3Dlightbox%26settings%3DeyJpZCI6MTAwNjQwMCwidXJsIjoiaHR0cHM6XC9cL2NhcmwtaHVtYW5uLmRlXC93cC1jb250ZW50XC91cGxvYWRzXC8yMDI0XC8wNVwvUDEwNTA2MjguanBnIiwic2xpZGVzaG93IjoiMGVkY2Y3ZiJ9\">\n\t\t\t\t\t<div class=\"e-gallery-image elementor-gallery-item__image\" data-thumbnail=\"https:\/\/carl-humann.de\/wp-content\/uploads\/2024\/05\/P1050628-300x225.jpg\" data-width=\"300\" data-height=\"225\" aria-label=\"\" role=\"img\" ><\/div>\n\t\t\t\t\t\t\t\t\t\t\t<div class=\"elementor-gallery-item__overlay\"><\/div>\n\t\t\t\t\t\t\t\t\t\t\t\t\t\t<\/a>\n\t\t\t\t\t\t\t<a class=\"e-gallery-item elementor-gallery-item elementor-animated-content\" href=\"https:\/\/carl-humann.de\/wp-content\/uploads\/2024\/05\/4O3A6806_DxO-scaled.jpg\" data-elementor-open-lightbox=\"yes\" data-elementor-lightbox-slideshow=\"0edcf7f\" data-elementor-lightbox-title=\"4O3A6806_DxO\" data-e-action-hash=\"#elementor-action%3Aaction%3Dlightbox%26settings%3DeyJpZCI6MTAwNjQwMiwidXJsIjoiaHR0cHM6XC9cL2NhcmwtaHVtYW5uLmRlXC93cC1jb250ZW50XC91cGxvYWRzXC8yMDI0XC8wNVwvNE8zQTY4MDZfRHhPLXNjYWxlZC5qcGciLCJzbGlkZXNob3ciOiIwZWRjZjdmIn0%3D\">\n\t\t\t\t\t<div class=\"e-gallery-image elementor-gallery-item__image\" data-thumbnail=\"https:\/\/carl-humann.de\/wp-content\/uploads\/2024\/05\/4O3A6806_DxO-300x200.jpg\" data-width=\"300\" data-height=\"200\" aria-label=\"\" role=\"img\" ><\/div>\n\t\t\t\t\t\t\t\t\t\t\t<div class=\"elementor-gallery-item__overlay\"><\/div>\n\t\t\t\t\t\t\t\t\t\t\t\t\t\t<\/a>\n\t\t\t\t\t<\/div>\n\t\t\t\t\t<\/div>\n\t\t\t\t<\/div>\n\t\t\t\t\t<\/div>\n\t\t<\/div>\n\t\t\t\t\t<\/div>\n\t\t<\/section>\n\t\t\t\t<\/div>\n\t\t","protected":false},"excerpt":{"rendered":"<p>Am Pfingstfest haben wir uns daran erinnert, dass die J\u00fcnger Jesu inspiriert wurden und in allen Sprachen sprechen konnten \u2013 ein sch\u00f6nes Bild f\u00fcr internationale Verst\u00e4ndigung. Dieser Gedanke passt auch zu Europa, das an unserer Schule in vielf\u00e4ltiger Weise pr\u00e4sent ist: im Fremdsprachenunterricht, bei Fahrten und Gegenbesuchen im Rahmen unseres Programms Erasmus+ und in diesem&#8230;<\/p>\n","protected":false},"author":5,"featured_media":1006401,"comment_status":"closed","ping_status":"closed","sticky":false,"template":"","format":"standard","meta":{"inline_featured_image":false,"footnotes":""},"categories":[],"tags":[],"class_list":["post-1006408","post","type-post","status-publish","format-standard","has-post-thumbnail","hentry"],"yoast_head":"<!-- This site is optimized with the Yoast SEO plugin v27.4 - https:\/\/yoast.com\/product\/yoast-seo-wordpress\/ -->\n<title>Jetzt ist Zeit zu handeln f\u00fcr Europa! - Carl-Humann-Gymnasium Essen<\/title>\n<meta name=\"robots\" content=\"index, follow, max-snippet:-1, max-image-preview:large, max-video-preview:-1\" \/>\n<link rel=\"canonical\" href=\"https:\/\/carl-humann.de\/en\/jetzt-ist-zeit-zu-handeln-fuer-europa\/\" \/>\n<meta property=\"og:locale\" content=\"en_US\" \/>\n<meta property=\"og:type\" content=\"article\" \/>\n<meta property=\"og:title\" content=\"Jetzt ist Zeit zu handeln f\u00fcr Europa! - Carl-Humann-Gymnasium Essen\" \/>\n<meta property=\"og:description\" content=\"Am Pfingstfest haben wir uns daran erinnert, dass die J\u00fcnger Jesu inspiriert wurden und in allen Sprachen sprechen konnten \u2013 ein sch\u00f6nes Bild f\u00fcr internationale Verst\u00e4ndigung. Dieser Gedanke passt auch zu Europa, das an unserer Schule in vielf\u00e4ltiger Weise pr\u00e4sent ist: im Fremdsprachenunterricht, bei Fahrten und Gegenbesuchen im Rahmen unseres Programms Erasmus+ und in diesem...\" \/>\n<meta property=\"og:url\" content=\"https:\/\/carl-humann.de\/en\/jetzt-ist-zeit-zu-handeln-fuer-europa\/\" \/>\n<meta property=\"og:site_name\" content=\"Carl-Humann-Gymnasium Essen\" \/>\n<meta property=\"article:published_time\" content=\"2024-05-27T07:22:05+00:00\" \/>\n<meta property=\"article:modified_time\" content=\"2024-05-27T07:26:10+00:00\" \/>\n<meta property=\"og:image\" content=\"https:\/\/carl-humann.de\/wp-content\/uploads\/2024\/05\/P1050628-1024x768.jpg\" \/>\n\t<meta property=\"og:image:width\" content=\"1024\" \/>\n\t<meta property=\"og:image:height\" content=\"768\" \/>\n\t<meta property=\"og:image:type\" content=\"image\/jpeg\" \/>\n<meta name=\"author\" content=\"Max Baukrowitz\" \/>\n<meta name=\"twitter:card\" content=\"summary_large_image\" \/>\n<meta name=\"twitter:label1\" content=\"Written by\" \/>\n\t<meta name=\"twitter:data1\" content=\"Max Baukrowitz\" \/>\n<script type=\"application\/ld+json\" class=\"yoast-schema-graph\">{\"@context\":\"https:\\\/\\\/schema.org\",\"@graph\":[{\"@type\":\"Article\",\"@id\":\"https:\\\/\\\/carl-humann.de\\\/en\\\/jetzt-ist-zeit-zu-handeln-fuer-europa\\\/#article\",\"isPartOf\":{\"@id\":\"https:\\\/\\\/carl-humann.de\\\/en\\\/jetzt-ist-zeit-zu-handeln-fuer-europa\\\/\"},\"author\":{\"name\":\"Max Baukrowitz\",\"@id\":\"https:\\\/\\\/carl-humann.de\\\/#\\\/schema\\\/person\\\/11e850f41ea9f13a02e91c11f24dfb74\"},\"headline\":\"Jetzt ist Zeit zu handeln f\u00fcr Europa!\",\"datePublished\":\"2024-05-27T07:22:05+00:00\",\"dateModified\":\"2024-05-27T07:26:10+00:00\",\"mainEntityOfPage\":{\"@id\":\"https:\\\/\\\/carl-humann.de\\\/en\\\/jetzt-ist-zeit-zu-handeln-fuer-europa\\\/\"},\"wordCount\":224,\"publisher\":{\"@id\":\"https:\\\/\\\/carl-humann.de\\\/#organization\"},\"image\":{\"@id\":\"https:\\\/\\\/carl-humann.de\\\/en\\\/jetzt-ist-zeit-zu-handeln-fuer-europa\\\/#primaryimage\"},\"thumbnailUrl\":\"https:\\\/\\\/carl-humann.de\\\/wp-content\\\/uploads\\\/2024\\\/05\\\/P1050628.jpg\",\"inLanguage\":\"en-US\"},{\"@type\":\"WebPage\",\"@id\":\"https:\\\/\\\/carl-humann.de\\\/en\\\/jetzt-ist-zeit-zu-handeln-fuer-europa\\\/\",\"url\":\"https:\\\/\\\/carl-humann.de\\\/en\\\/jetzt-ist-zeit-zu-handeln-fuer-europa\\\/\",\"name\":\"Jetzt ist Zeit zu handeln f\u00fcr Europa! - Carl-Humann-Gymnasium Essen\",\"isPartOf\":{\"@id\":\"https:\\\/\\\/carl-humann.de\\\/#website\"},\"primaryImageOfPage\":{\"@id\":\"https:\\\/\\\/carl-humann.de\\\/en\\\/jetzt-ist-zeit-zu-handeln-fuer-europa\\\/#primaryimage\"},\"image\":{\"@id\":\"https:\\\/\\\/carl-humann.de\\\/en\\\/jetzt-ist-zeit-zu-handeln-fuer-europa\\\/#primaryimage\"},\"thumbnailUrl\":\"https:\\\/\\\/carl-humann.de\\\/wp-content\\\/uploads\\\/2024\\\/05\\\/P1050628.jpg\",\"datePublished\":\"2024-05-27T07:22:05+00:00\",\"dateModified\":\"2024-05-27T07:26:10+00:00\",\"breadcrumb\":{\"@id\":\"https:\\\/\\\/carl-humann.de\\\/en\\\/jetzt-ist-zeit-zu-handeln-fuer-europa\\\/#breadcrumb\"},\"inLanguage\":\"en-US\",\"potentialAction\":[{\"@type\":\"ReadAction\",\"target\":[\"https:\\\/\\\/carl-humann.de\\\/en\\\/jetzt-ist-zeit-zu-handeln-fuer-europa\\\/\"]}]},{\"@type\":\"ImageObject\",\"inLanguage\":\"en-US\",\"@id\":\"https:\\\/\\\/carl-humann.de\\\/en\\\/jetzt-ist-zeit-zu-handeln-fuer-europa\\\/#primaryimage\",\"url\":\"https:\\\/\\\/carl-humann.de\\\/wp-content\\\/uploads\\\/2024\\\/05\\\/P1050628.jpg\",\"contentUrl\":\"https:\\\/\\\/carl-humann.de\\\/wp-content\\\/uploads\\\/2024\\\/05\\\/P1050628.jpg\",\"width\":2560,\"height\":1920},{\"@type\":\"BreadcrumbList\",\"@id\":\"https:\\\/\\\/carl-humann.de\\\/en\\\/jetzt-ist-zeit-zu-handeln-fuer-europa\\\/#breadcrumb\",\"itemListElement\":[{\"@type\":\"ListItem\",\"position\":1,\"name\":\"Startseite\",\"item\":\"https:\\\/\\\/carl-humann.de\\\/\"},{\"@type\":\"ListItem\",\"position\":2,\"name\":\"Jetzt ist Zeit zu handeln f\u00fcr Europa!\"}]},{\"@type\":\"WebSite\",\"@id\":\"https:\\\/\\\/carl-humann.de\\\/#website\",\"url\":\"https:\\\/\\\/carl-humann.de\\\/\",\"name\":\"Carl-Humann-Gymnasium Essen\",\"description\":\"\",\"publisher\":{\"@id\":\"https:\\\/\\\/carl-humann.de\\\/#organization\"},\"potentialAction\":[{\"@type\":\"SearchAction\",\"target\":{\"@type\":\"EntryPoint\",\"urlTemplate\":\"https:\\\/\\\/carl-humann.de\\\/?s={search_term_string}\"},\"query-input\":{\"@type\":\"PropertyValueSpecification\",\"valueRequired\":true,\"valueName\":\"search_term_string\"}}],\"inLanguage\":\"en-US\"},{\"@type\":\"Organization\",\"@id\":\"https:\\\/\\\/carl-humann.de\\\/#organization\",\"name\":\"Carl-Humann-Gymnasium Essen\",\"url\":\"https:\\\/\\\/carl-humann.de\\\/\",\"logo\":{\"@type\":\"ImageObject\",\"inLanguage\":\"en-US\",\"@id\":\"https:\\\/\\\/carl-humann.de\\\/#\\\/schema\\\/logo\\\/image\\\/\",\"url\":\"https:\\\/\\\/carl-humann.de\\\/wp-content\\\/uploads\\\/2021\\\/09\\\/Logo_1c_222x85mm-1.png\",\"contentUrl\":\"https:\\\/\\\/carl-humann.de\\\/wp-content\\\/uploads\\\/2021\\\/09\\\/Logo_1c_222x85mm-1.png\",\"width\":2622,\"height\":1004,\"caption\":\"Carl-Humann-Gymnasium Essen\"},\"image\":{\"@id\":\"https:\\\/\\\/carl-humann.de\\\/#\\\/schema\\\/logo\\\/image\\\/\"}},{\"@type\":\"Person\",\"@id\":\"https:\\\/\\\/carl-humann.de\\\/#\\\/schema\\\/person\\\/11e850f41ea9f13a02e91c11f24dfb74\",\"name\":\"Max Baukrowitz\",\"url\":\"https:\\\/\\\/carl-humann.de\\\/en\\\/author\\\/max-baukrowitz\\\/\"}]}<\/script>\n<!-- \/ Yoast SEO plugin. -->","yoast_head_json":{"title":"Jetzt ist Zeit zu handeln f\u00fcr Europa! - Carl-Humann-Gymnasium Essen","robots":{"index":"index","follow":"follow","max-snippet":"max-snippet:-1","max-image-preview":"max-image-preview:large","max-video-preview":"max-video-preview:-1"},"canonical":"https:\/\/carl-humann.de\/en\/jetzt-ist-zeit-zu-handeln-fuer-europa\/","og_locale":"en_US","og_type":"article","og_title":"Jetzt ist Zeit zu handeln f\u00fcr Europa! - Carl-Humann-Gymnasium Essen","og_description":"Am Pfingstfest haben wir uns daran erinnert, dass die J\u00fcnger Jesu inspiriert wurden und in allen Sprachen sprechen konnten \u2013 ein sch\u00f6nes Bild f\u00fcr internationale Verst\u00e4ndigung. Dieser Gedanke passt auch zu Europa, das an unserer Schule in vielf\u00e4ltiger Weise pr\u00e4sent ist: im Fremdsprachenunterricht, bei Fahrten und Gegenbesuchen im Rahmen unseres Programms Erasmus+ und in diesem...","og_url":"https:\/\/carl-humann.de\/en\/jetzt-ist-zeit-zu-handeln-fuer-europa\/","og_site_name":"Carl-Humann-Gymnasium Essen","article_published_time":"2024-05-27T07:22:05+00:00","article_modified_time":"2024-05-27T07:26:10+00:00","og_image":[{"width":1024,"height":768,"url":"https:\/\/carl-humann.de\/wp-content\/uploads\/2024\/05\/P1050628-1024x768.jpg","type":"image\/jpeg"}],"author":"Max Baukrowitz","twitter_card":"summary_large_image","twitter_misc":{"Written by":"Max Baukrowitz"},"schema":{"@context":"https:\/\/schema.org","@graph":[{"@type":"Article","@id":"https:\/\/carl-humann.de\/en\/jetzt-ist-zeit-zu-handeln-fuer-europa\/#article","isPartOf":{"@id":"https:\/\/carl-humann.de\/en\/jetzt-ist-zeit-zu-handeln-fuer-europa\/"},"author":{"name":"Max Baukrowitz","@id":"https:\/\/carl-humann.de\/#\/schema\/person\/11e850f41ea9f13a02e91c11f24dfb74"},"headline":"Jetzt ist Zeit zu handeln f\u00fcr Europa!","datePublished":"2024-05-27T07:22:05+00:00","dateModified":"2024-05-27T07:26:10+00:00","mainEntityOfPage":{"@id":"https:\/\/carl-humann.de\/en\/jetzt-ist-zeit-zu-handeln-fuer-europa\/"},"wordCount":224,"publisher":{"@id":"https:\/\/carl-humann.de\/#organization"},"image":{"@id":"https:\/\/carl-humann.de\/en\/jetzt-ist-zeit-zu-handeln-fuer-europa\/#primaryimage"},"thumbnailUrl":"https:\/\/carl-humann.de\/wp-content\/uploads\/2024\/05\/P1050628.jpg","inLanguage":"en-US"},{"@type":"WebPage","@id":"https:\/\/carl-humann.de\/en\/jetzt-ist-zeit-zu-handeln-fuer-europa\/","url":"https:\/\/carl-humann.de\/en\/jetzt-ist-zeit-zu-handeln-fuer-europa\/","name":"Jetzt ist Zeit zu handeln f\u00fcr Europa! - Carl-Humann-Gymnasium Essen","isPartOf":{"@id":"https:\/\/carl-humann.de\/#website"},"primaryImageOfPage":{"@id":"https:\/\/carl-humann.de\/en\/jetzt-ist-zeit-zu-handeln-fuer-europa\/#primaryimage"},"image":{"@id":"https:\/\/carl-humann.de\/en\/jetzt-ist-zeit-zu-handeln-fuer-europa\/#primaryimage"},"thumbnailUrl":"https:\/\/carl-humann.de\/wp-content\/uploads\/2024\/05\/P1050628.jpg","datePublished":"2024-05-27T07:22:05+00:00","dateModified":"2024-05-27T07:26:10+00:00","breadcrumb":{"@id":"https:\/\/carl-humann.de\/en\/jetzt-ist-zeit-zu-handeln-fuer-europa\/#breadcrumb"},"inLanguage":"en-US","potentialAction":[{"@type":"ReadAction","target":["https:\/\/carl-humann.de\/en\/jetzt-ist-zeit-zu-handeln-fuer-europa\/"]}]},{"@type":"ImageObject","inLanguage":"en-US","@id":"https:\/\/carl-humann.de\/en\/jetzt-ist-zeit-zu-handeln-fuer-europa\/#primaryimage","url":"https:\/\/carl-humann.de\/wp-content\/uploads\/2024\/05\/P1050628.jpg","contentUrl":"https:\/\/carl-humann.de\/wp-content\/uploads\/2024\/05\/P1050628.jpg","width":2560,"height":1920},{"@type":"BreadcrumbList","@id":"https:\/\/carl-humann.de\/en\/jetzt-ist-zeit-zu-handeln-fuer-europa\/#breadcrumb","itemListElement":[{"@type":"ListItem","position":1,"name":"Startseite","item":"https:\/\/carl-humann.de\/"},{"@type":"ListItem","position":2,"name":"Jetzt ist Zeit zu handeln f\u00fcr Europa!"}]},{"@type":"WebSite","@id":"https:\/\/carl-humann.de\/#website","url":"https:\/\/carl-humann.de\/","name":"Carl-Humann-Gymnasium Essen","description":"","publisher":{"@id":"https:\/\/carl-humann.de\/#organization"},"potentialAction":[{"@type":"SearchAction","target":{"@type":"EntryPoint","urlTemplate":"https:\/\/carl-humann.de\/?s={search_term_string}"},"query-input":{"@type":"PropertyValueSpecification","valueRequired":true,"valueName":"search_term_string"}}],"inLanguage":"en-US"},{"@type":"Organization","@id":"https:\/\/carl-humann.de\/#organization","name":"Carl-Humann-Gymnasium Essen","url":"https:\/\/carl-humann.de\/","logo":{"@type":"ImageObject","inLanguage":"en-US","@id":"https:\/\/carl-humann.de\/#\/schema\/logo\/image\/","url":"https:\/\/carl-humann.de\/wp-content\/uploads\/2021\/09\/Logo_1c_222x85mm-1.png","contentUrl":"https:\/\/carl-humann.de\/wp-content\/uploads\/2021\/09\/Logo_1c_222x85mm-1.png","width":2622,"height":1004,"caption":"Carl-Humann-Gymnasium Essen"},"image":{"@id":"https:\/\/carl-humann.de\/#\/schema\/logo\/image\/"}},{"@type":"Person","@id":"https:\/\/carl-humann.de\/#\/schema\/person\/11e850f41ea9f13a02e91c11f24dfb74","name":"Max Baukrowitz","url":"https:\/\/carl-humann.de\/en\/author\/max-baukrowitz\/"}]}},"_links":{"self":[{"href":"https:\/\/carl-humann.de\/en\/wp-json\/wp\/v2\/posts\/1006408","targetHints":{"allow":["GET"]}}],"collection":[{"href":"https:\/\/carl-humann.de\/en\/wp-json\/wp\/v2\/posts"}],"about":[{"href":"https:\/\/carl-humann.de\/en\/wp-json\/wp\/v2\/types\/post"}],"author":[{"embeddable":true,"href":"https:\/\/carl-humann.de\/en\/wp-json\/wp\/v2\/users\/5"}],"replies":[{"embeddable":true,"href":"https:\/\/carl-humann.de\/en\/wp-json\/wp\/v2\/comments?post=1006408"}],"version-history":[{"count":1,"href":"https:\/\/carl-humann.de\/en\/wp-json\/wp\/v2\/posts\/1006408\/revisions"}],"predecessor-version":[{"id":1006409,"href":"https:\/\/carl-humann.de\/en\/wp-json\/wp\/v2\/posts\/1006408\/revisions\/1006409"}],"wp:featuredmedia":[{"embeddable":true,"href":"https:\/\/carl-humann.de\/en\/wp-json\/wp\/v2\/media\/1006401"}],"wp:attachment":[{"href":"https:\/\/carl-humann.de\/en\/wp-json\/wp\/v2\/media?parent=1006408"}],"wp:term":[{"taxonomy":"category","embeddable":true,"href":"https:\/\/carl-humann.de\/en\/wp-json\/wp\/v2\/categories?post=1006408"},{"taxonomy":"post_tag","embeddable":true,"href":"https:\/\/carl-humann.de\/en\/wp-json\/wp\/v2\/tags?post=1006408"}],"curies":[{"name":"wp","href":"https:\/\/api.w.org\/{rel}","templated":true}]}}