{"id":1006035,"date":"2024-04-22T01:45:21","date_gmt":"2024-04-21T23:45:21","guid":{"rendered":"https:\/\/carl-humann.de\/wir-feiern-das-lesen\/"},"modified":"2024-04-22T10:09:56","modified_gmt":"2024-04-22T08:09:56","slug":"wir-feiern-das-lesen-3","status":"publish","type":"post","link":"https:\/\/carl-humann.de\/en\/wir-feiern-das-lesen-3\/","title":{"rendered":"Wir feiern das Lesen!"},"content":{"rendered":"<div class=\"vgblk-rw-wrapper limit-wrapper\">\n<p style=\"font-weight: 400;\">Am 23. April wird der UNESCO-Welttag des Buches gefeiert.<\/p>\n<p style=\"font-weight: 400;\">Unter dem Motto \u201eIch schenk dir eine Geschichte!\u201c gibt es f\u00fcr alle F\u00fcnftkl\u00e4ssler ein Buch als Geschenk! Der Comic-Roman hei\u00dft in diesem Jahr &#8220;MISSION ROBOTER. Ein spannender Fall f\u00fcr die Gl\u00fccksagentur\u201c. Er handelt von zwei Kindern, die auf der Dachterrasse eine Gl\u00fcckagentur gegr\u00fcndet haben \u2013 und genau dort landet pl\u00f6tzlich ein Roboterkind namens A3B3. Das ist der Auftakt zu einem spannenden Abenteuer!<\/p>\n<p style=\"font-weight: 400;\">Zum Buch geh\u00f6rt ein Quiz, mit dem ihr einen Preis gewinnen k\u00f6nnt, au\u00dferdem gibt es einen Schreib- und Kreativwettbewerb der Stiftung Lesen.<\/p>\n<p style=\"font-weight: 400;\">Wir w\u00fcnschen euch viel Freude beim Lesen!!!<\/p>\n<p><img fetchpriority=\"high\" decoding=\"async\" class=\"alignnone size-full wp-image-1006032\" src=\"https:\/\/carl-humann.de\/wp-content\/uploads\/2024\/04\/18094_ISDEG24_Girod_abenteuer.jpg\" alt=\"\" width=\"1476\" height=\"2161\" srcset=\"https:\/\/carl-humann.de\/wp-content\/uploads\/2024\/04\/18094_ISDEG24_Girod_abenteuer.jpg 1476w, https:\/\/carl-humann.de\/wp-content\/uploads\/2024\/04\/18094_ISDEG24_Girod_abenteuer-205x300.jpg 205w, https:\/\/carl-humann.de\/wp-content\/uploads\/2024\/04\/18094_ISDEG24_Girod_abenteuer-699x1024.jpg 699w, https:\/\/carl-humann.de\/wp-content\/uploads\/2024\/04\/18094_ISDEG24_Girod_abenteuer-768x1124.jpg 768w, https:\/\/carl-humann.de\/wp-content\/uploads\/2024\/04\/18094_ISDEG24_Girod_abenteuer-1049x1536.jpg 1049w, https:\/\/carl-humann.de\/wp-content\/uploads\/2024\/04\/18094_ISDEG24_Girod_abenteuer-1399x2048.jpg 1399w\" sizes=\"(max-width: 1476px) 100vw, 1476px\" \/> <img decoding=\"async\" class=\"alignnone size-full wp-image-1006028\" src=\"https:\/\/carl-humann.de\/wp-content\/uploads\/2024\/04\/image.jpeg\" alt=\"\" width=\"1169\" height=\"2410\" srcset=\"https:\/\/carl-humann.de\/wp-content\/uploads\/2024\/04\/image.jpeg 1169w, https:\/\/carl-humann.de\/wp-content\/uploads\/2024\/04\/image-146x300.jpeg 146w, https:\/\/carl-humann.de\/wp-content\/uploads\/2024\/04\/image-497x1024.jpeg 497w, https:\/\/carl-humann.de\/wp-content\/uploads\/2024\/04\/image-768x1583.jpeg 768w, https:\/\/carl-humann.de\/wp-content\/uploads\/2024\/04\/image-745x1536.jpeg 745w, https:\/\/carl-humann.de\/wp-content\/uploads\/2024\/04\/image-993x2048.jpeg 993w\" sizes=\"(max-width: 1169px) 100vw, 1169px\" \/> <img decoding=\"async\" class=\"alignnone size-full wp-image-1006030\" src=\"https:\/\/carl-humann.de\/wp-content\/uploads\/2024\/04\/20230920bild_132_02-min-scaled.jpg\" alt=\"\" width=\"2560\" height=\"1708\" srcset=\"https:\/\/carl-humann.de\/wp-content\/uploads\/2024\/04\/20230920bild_132_02-min-scaled.jpg 2560w, https:\/\/carl-humann.de\/wp-content\/uploads\/2024\/04\/20230920bild_132_02-min-300x200.jpg 300w, https:\/\/carl-humann.de\/wp-content\/uploads\/2024\/04\/20230920bild_132_02-min-1024x683.jpg 1024w, https:\/\/carl-humann.de\/wp-content\/uploads\/2024\/04\/20230920bild_132_02-min-768x512.jpg 768w, https:\/\/carl-humann.de\/wp-content\/uploads\/2024\/04\/20230920bild_132_02-min-1536x1025.jpg 1536w, https:\/\/carl-humann.de\/wp-content\/uploads\/2024\/04\/20230920bild_132_02-min-2048x1366.jpg 2048w\" sizes=\"(max-width: 2560px) 100vw, 2560px\" \/><\/div>\n<p><!-- .vgblk-rw-wrapper --><\/p>\n","protected":false},"excerpt":{"rendered":"<p>Am 23. April wird der UNESCO-Welttag des Buches gefeiert. Unter dem Motto \u201eIch schenk dir eine Geschichte!\u201c gibt es f\u00fcr alle F\u00fcnftkl\u00e4ssler ein Buch als Geschenk! Der Comic-Roman hei\u00dft in diesem Jahr &#8220;MISSION ROBOTER. Ein spannender Fall f\u00fcr die Gl\u00fccksagentur\u201c. Er handelt von zwei Kindern, die auf der Dachterrasse eine Gl\u00fcckagentur gegr\u00fcndet haben \u2013 und&#8230;<\/p>\n","protected":false},"author":5,"featured_media":1006026,"comment_status":"closed","ping_status":"closed","sticky":false,"template":"","format":"standard","meta":{"inline_featured_image":false,"footnotes":""},"categories":[],"tags":[],"class_list":["post-1006035","post","type-post","status-publish","format-standard","has-post-thumbnail","hentry"],"yoast_head":"<!-- This site is optimized with the Yoast SEO plugin v27.4 - https:\/\/yoast.com\/product\/yoast-seo-wordpress\/ -->\n<title>Wir feiern das Lesen! - Carl-Humann-Gymnasium Essen<\/title>\n<meta name=\"robots\" content=\"index, follow, max-snippet:-1, max-image-preview:large, max-video-preview:-1\" \/>\n<link rel=\"canonical\" href=\"https:\/\/carl-humann.de\/en\/wir-feiern-das-lesen-3\/\" \/>\n<meta property=\"og:locale\" content=\"en_US\" \/>\n<meta property=\"og:type\" content=\"article\" \/>\n<meta property=\"og:title\" content=\"Wir feiern das Lesen! - Carl-Humann-Gymnasium Essen\" \/>\n<meta property=\"og:description\" content=\"Am 23. April wird der UNESCO-Welttag des Buches gefeiert. Unter dem Motto \u201eIch schenk dir eine Geschichte!\u201c gibt es f\u00fcr alle F\u00fcnftkl\u00e4ssler ein Buch als Geschenk! Der Comic-Roman hei\u00dft in diesem Jahr &#8220;MISSION ROBOTER. Ein spannender Fall f\u00fcr die Gl\u00fccksagentur\u201c. Er handelt von zwei Kindern, die auf der Dachterrasse eine Gl\u00fcckagentur gegr\u00fcndet haben \u2013 und...\" \/>\n<meta property=\"og:url\" content=\"https:\/\/carl-humann.de\/en\/wir-feiern-das-lesen-3\/\" \/>\n<meta property=\"og:site_name\" content=\"Carl-Humann-Gymnasium Essen\" \/>\n<meta property=\"article:published_time\" content=\"2024-04-21T23:45:21+00:00\" \/>\n<meta property=\"article:modified_time\" content=\"2024-04-22T08:09:56+00:00\" \/>\n<meta property=\"og:image\" content=\"https:\/\/carl-humann.de\/wp-content\/uploads\/2024\/04\/Welttag_des_Buches_064-scaled.jpg\" \/>\n\t<meta property=\"og:image:width\" content=\"2560\" \/>\n\t<meta property=\"og:image:height\" content=\"1707\" \/>\n\t<meta property=\"og:image:type\" content=\"image\/jpeg\" \/>\n<meta name=\"author\" content=\"Max Baukrowitz\" \/>\n<meta name=\"twitter:card\" content=\"summary_large_image\" \/>\n<meta name=\"twitter:label1\" content=\"Written by\" \/>\n\t<meta name=\"twitter:data1\" content=\"Max Baukrowitz\" \/>\n\t<meta name=\"twitter:label2\" content=\"Est. reading time\" \/>\n\t<meta name=\"twitter:data2\" content=\"2 minutes\" \/>\n<script type=\"application\/ld+json\" class=\"yoast-schema-graph\">{\"@context\":\"https:\\\/\\\/schema.org\",\"@graph\":[{\"@type\":\"Article\",\"@id\":\"https:\\\/\\\/carl-humann.de\\\/en\\\/wir-feiern-das-lesen-3\\\/#article\",\"isPartOf\":{\"@id\":\"https:\\\/\\\/carl-humann.de\\\/en\\\/wir-feiern-das-lesen-3\\\/\"},\"author\":{\"name\":\"Max Baukrowitz\",\"@id\":\"https:\\\/\\\/carl-humann.de\\\/#\\\/schema\\\/person\\\/11e850f41ea9f13a02e91c11f24dfb74\"},\"headline\":\"Wir feiern das Lesen!\",\"datePublished\":\"2024-04-21T23:45:21+00:00\",\"dateModified\":\"2024-04-22T08:09:56+00:00\",\"mainEntityOfPage\":{\"@id\":\"https:\\\/\\\/carl-humann.de\\\/en\\\/wir-feiern-das-lesen-3\\\/\"},\"wordCount\":116,\"publisher\":{\"@id\":\"https:\\\/\\\/carl-humann.de\\\/#organization\"},\"image\":{\"@id\":\"https:\\\/\\\/carl-humann.de\\\/en\\\/wir-feiern-das-lesen-3\\\/#primaryimage\"},\"thumbnailUrl\":\"https:\\\/\\\/carl-humann.de\\\/wp-content\\\/uploads\\\/2024\\\/04\\\/Welttag_des_Buches_064-scaled.jpg\",\"inLanguage\":\"en-US\"},{\"@type\":\"WebPage\",\"@id\":\"https:\\\/\\\/carl-humann.de\\\/en\\\/wir-feiern-das-lesen-3\\\/\",\"url\":\"https:\\\/\\\/carl-humann.de\\\/en\\\/wir-feiern-das-lesen-3\\\/\",\"name\":\"Wir feiern das Lesen! - Carl-Humann-Gymnasium Essen\",\"isPartOf\":{\"@id\":\"https:\\\/\\\/carl-humann.de\\\/#website\"},\"primaryImageOfPage\":{\"@id\":\"https:\\\/\\\/carl-humann.de\\\/en\\\/wir-feiern-das-lesen-3\\\/#primaryimage\"},\"image\":{\"@id\":\"https:\\\/\\\/carl-humann.de\\\/en\\\/wir-feiern-das-lesen-3\\\/#primaryimage\"},\"thumbnailUrl\":\"https:\\\/\\\/carl-humann.de\\\/wp-content\\\/uploads\\\/2024\\\/04\\\/Welttag_des_Buches_064-scaled.jpg\",\"datePublished\":\"2024-04-21T23:45:21+00:00\",\"dateModified\":\"2024-04-22T08:09:56+00:00\",\"breadcrumb\":{\"@id\":\"https:\\\/\\\/carl-humann.de\\\/en\\\/wir-feiern-das-lesen-3\\\/#breadcrumb\"},\"inLanguage\":\"en-US\",\"potentialAction\":[{\"@type\":\"ReadAction\",\"target\":[\"https:\\\/\\\/carl-humann.de\\\/en\\\/wir-feiern-das-lesen-3\\\/\"]}]},{\"@type\":\"ImageObject\",\"inLanguage\":\"en-US\",\"@id\":\"https:\\\/\\\/carl-humann.de\\\/en\\\/wir-feiern-das-lesen-3\\\/#primaryimage\",\"url\":\"https:\\\/\\\/carl-humann.de\\\/wp-content\\\/uploads\\\/2024\\\/04\\\/Welttag_des_Buches_064-scaled.jpg\",\"contentUrl\":\"https:\\\/\\\/carl-humann.de\\\/wp-content\\\/uploads\\\/2024\\\/04\\\/Welttag_des_Buches_064-scaled.jpg\",\"width\":2560,\"height\":1707,\"caption\":\"SV Krefeld-Duisburger SV, Wasserball, Trainer Krefeld Dusan Dragic, Jubel nach Spielende 6:6\"},{\"@type\":\"BreadcrumbList\",\"@id\":\"https:\\\/\\\/carl-humann.de\\\/en\\\/wir-feiern-das-lesen-3\\\/#breadcrumb\",\"itemListElement\":[{\"@type\":\"ListItem\",\"position\":1,\"name\":\"Startseite\",\"item\":\"https:\\\/\\\/carl-humann.de\\\/\"},{\"@type\":\"ListItem\",\"position\":2,\"name\":\"Wir feiern das Lesen!\"}]},{\"@type\":\"WebSite\",\"@id\":\"https:\\\/\\\/carl-humann.de\\\/#website\",\"url\":\"https:\\\/\\\/carl-humann.de\\\/\",\"name\":\"Carl-Humann-Gymnasium Essen\",\"description\":\"\",\"publisher\":{\"@id\":\"https:\\\/\\\/carl-humann.de\\\/#organization\"},\"potentialAction\":[{\"@type\":\"SearchAction\",\"target\":{\"@type\":\"EntryPoint\",\"urlTemplate\":\"https:\\\/\\\/carl-humann.de\\\/?s={search_term_string}\"},\"query-input\":{\"@type\":\"PropertyValueSpecification\",\"valueRequired\":true,\"valueName\":\"search_term_string\"}}],\"inLanguage\":\"en-US\"},{\"@type\":\"Organization\",\"@id\":\"https:\\\/\\\/carl-humann.de\\\/#organization\",\"name\":\"Carl-Humann-Gymnasium Essen\",\"url\":\"https:\\\/\\\/carl-humann.de\\\/\",\"logo\":{\"@type\":\"ImageObject\",\"inLanguage\":\"en-US\",\"@id\":\"https:\\\/\\\/carl-humann.de\\\/#\\\/schema\\\/logo\\\/image\\\/\",\"url\":\"https:\\\/\\\/carl-humann.de\\\/wp-content\\\/uploads\\\/2021\\\/09\\\/Logo_1c_222x85mm-1.png\",\"contentUrl\":\"https:\\\/\\\/carl-humann.de\\\/wp-content\\\/uploads\\\/2021\\\/09\\\/Logo_1c_222x85mm-1.png\",\"width\":2622,\"height\":1004,\"caption\":\"Carl-Humann-Gymnasium Essen\"},\"image\":{\"@id\":\"https:\\\/\\\/carl-humann.de\\\/#\\\/schema\\\/logo\\\/image\\\/\"}},{\"@type\":\"Person\",\"@id\":\"https:\\\/\\\/carl-humann.de\\\/#\\\/schema\\\/person\\\/11e850f41ea9f13a02e91c11f24dfb74\",\"name\":\"Max Baukrowitz\",\"url\":\"https:\\\/\\\/carl-humann.de\\\/en\\\/author\\\/max-baukrowitz\\\/\"}]}<\/script>\n<!-- \/ Yoast SEO plugin. -->","yoast_head_json":{"title":"Wir feiern das Lesen! - Carl-Humann-Gymnasium Essen","robots":{"index":"index","follow":"follow","max-snippet":"max-snippet:-1","max-image-preview":"max-image-preview:large","max-video-preview":"max-video-preview:-1"},"canonical":"https:\/\/carl-humann.de\/en\/wir-feiern-das-lesen-3\/","og_locale":"en_US","og_type":"article","og_title":"Wir feiern das Lesen! - Carl-Humann-Gymnasium Essen","og_description":"Am 23. April wird der UNESCO-Welttag des Buches gefeiert. Unter dem Motto \u201eIch schenk dir eine Geschichte!\u201c gibt es f\u00fcr alle F\u00fcnftkl\u00e4ssler ein Buch als Geschenk! Der Comic-Roman hei\u00dft in diesem Jahr &#8220;MISSION ROBOTER. Ein spannender Fall f\u00fcr die Gl\u00fccksagentur\u201c. Er handelt von zwei Kindern, die auf der Dachterrasse eine Gl\u00fcckagentur gegr\u00fcndet haben \u2013 und...","og_url":"https:\/\/carl-humann.de\/en\/wir-feiern-das-lesen-3\/","og_site_name":"Carl-Humann-Gymnasium Essen","article_published_time":"2024-04-21T23:45:21+00:00","article_modified_time":"2024-04-22T08:09:56+00:00","og_image":[{"width":2560,"height":1707,"url":"https:\/\/carl-humann.de\/wp-content\/uploads\/2024\/04\/Welttag_des_Buches_064-scaled.jpg","type":"image\/jpeg"}],"author":"Max Baukrowitz","twitter_card":"summary_large_image","twitter_misc":{"Written by":"Max Baukrowitz","Est. reading time":"2 minutes"},"schema":{"@context":"https:\/\/schema.org","@graph":[{"@type":"Article","@id":"https:\/\/carl-humann.de\/en\/wir-feiern-das-lesen-3\/#article","isPartOf":{"@id":"https:\/\/carl-humann.de\/en\/wir-feiern-das-lesen-3\/"},"author":{"name":"Max Baukrowitz","@id":"https:\/\/carl-humann.de\/#\/schema\/person\/11e850f41ea9f13a02e91c11f24dfb74"},"headline":"Wir feiern das Lesen!","datePublished":"2024-04-21T23:45:21+00:00","dateModified":"2024-04-22T08:09:56+00:00","mainEntityOfPage":{"@id":"https:\/\/carl-humann.de\/en\/wir-feiern-das-lesen-3\/"},"wordCount":116,"publisher":{"@id":"https:\/\/carl-humann.de\/#organization"},"image":{"@id":"https:\/\/carl-humann.de\/en\/wir-feiern-das-lesen-3\/#primaryimage"},"thumbnailUrl":"https:\/\/carl-humann.de\/wp-content\/uploads\/2024\/04\/Welttag_des_Buches_064-scaled.jpg","inLanguage":"en-US"},{"@type":"WebPage","@id":"https:\/\/carl-humann.de\/en\/wir-feiern-das-lesen-3\/","url":"https:\/\/carl-humann.de\/en\/wir-feiern-das-lesen-3\/","name":"Wir feiern das Lesen! - Carl-Humann-Gymnasium Essen","isPartOf":{"@id":"https:\/\/carl-humann.de\/#website"},"primaryImageOfPage":{"@id":"https:\/\/carl-humann.de\/en\/wir-feiern-das-lesen-3\/#primaryimage"},"image":{"@id":"https:\/\/carl-humann.de\/en\/wir-feiern-das-lesen-3\/#primaryimage"},"thumbnailUrl":"https:\/\/carl-humann.de\/wp-content\/uploads\/2024\/04\/Welttag_des_Buches_064-scaled.jpg","datePublished":"2024-04-21T23:45:21+00:00","dateModified":"2024-04-22T08:09:56+00:00","breadcrumb":{"@id":"https:\/\/carl-humann.de\/en\/wir-feiern-das-lesen-3\/#breadcrumb"},"inLanguage":"en-US","potentialAction":[{"@type":"ReadAction","target":["https:\/\/carl-humann.de\/en\/wir-feiern-das-lesen-3\/"]}]},{"@type":"ImageObject","inLanguage":"en-US","@id":"https:\/\/carl-humann.de\/en\/wir-feiern-das-lesen-3\/#primaryimage","url":"https:\/\/carl-humann.de\/wp-content\/uploads\/2024\/04\/Welttag_des_Buches_064-scaled.jpg","contentUrl":"https:\/\/carl-humann.de\/wp-content\/uploads\/2024\/04\/Welttag_des_Buches_064-scaled.jpg","width":2560,"height":1707,"caption":"SV Krefeld-Duisburger SV, Wasserball, Trainer Krefeld Dusan Dragic, Jubel nach Spielende 6:6"},{"@type":"BreadcrumbList","@id":"https:\/\/carl-humann.de\/en\/wir-feiern-das-lesen-3\/#breadcrumb","itemListElement":[{"@type":"ListItem","position":1,"name":"Startseite","item":"https:\/\/carl-humann.de\/"},{"@type":"ListItem","position":2,"name":"Wir feiern das Lesen!"}]},{"@type":"WebSite","@id":"https:\/\/carl-humann.de\/#website","url":"https:\/\/carl-humann.de\/","name":"Carl-Humann-Gymnasium Essen","description":"","publisher":{"@id":"https:\/\/carl-humann.de\/#organization"},"potentialAction":[{"@type":"SearchAction","target":{"@type":"EntryPoint","urlTemplate":"https:\/\/carl-humann.de\/?s={search_term_string}"},"query-input":{"@type":"PropertyValueSpecification","valueRequired":true,"valueName":"search_term_string"}}],"inLanguage":"en-US"},{"@type":"Organization","@id":"https:\/\/carl-humann.de\/#organization","name":"Carl-Humann-Gymnasium Essen","url":"https:\/\/carl-humann.de\/","logo":{"@type":"ImageObject","inLanguage":"en-US","@id":"https:\/\/carl-humann.de\/#\/schema\/logo\/image\/","url":"https:\/\/carl-humann.de\/wp-content\/uploads\/2021\/09\/Logo_1c_222x85mm-1.png","contentUrl":"https:\/\/carl-humann.de\/wp-content\/uploads\/2021\/09\/Logo_1c_222x85mm-1.png","width":2622,"height":1004,"caption":"Carl-Humann-Gymnasium Essen"},"image":{"@id":"https:\/\/carl-humann.de\/#\/schema\/logo\/image\/"}},{"@type":"Person","@id":"https:\/\/carl-humann.de\/#\/schema\/person\/11e850f41ea9f13a02e91c11f24dfb74","name":"Max Baukrowitz","url":"https:\/\/carl-humann.de\/en\/author\/max-baukrowitz\/"}]}},"_links":{"self":[{"href":"https:\/\/carl-humann.de\/en\/wp-json\/wp\/v2\/posts\/1006035","targetHints":{"allow":["GET"]}}],"collection":[{"href":"https:\/\/carl-humann.de\/en\/wp-json\/wp\/v2\/posts"}],"about":[{"href":"https:\/\/carl-humann.de\/en\/wp-json\/wp\/v2\/types\/post"}],"author":[{"embeddable":true,"href":"https:\/\/carl-humann.de\/en\/wp-json\/wp\/v2\/users\/5"}],"replies":[{"embeddable":true,"href":"https:\/\/carl-humann.de\/en\/wp-json\/wp\/v2\/comments?post=1006035"}],"version-history":[{"count":1,"href":"https:\/\/carl-humann.de\/en\/wp-json\/wp\/v2\/posts\/1006035\/revisions"}],"predecessor-version":[{"id":1006036,"href":"https:\/\/carl-humann.de\/en\/wp-json\/wp\/v2\/posts\/1006035\/revisions\/1006036"}],"wp:featuredmedia":[{"embeddable":true,"href":"https:\/\/carl-humann.de\/en\/wp-json\/wp\/v2\/media\/1006026"}],"wp:attachment":[{"href":"https:\/\/carl-humann.de\/en\/wp-json\/wp\/v2\/media?parent=1006035"}],"wp:term":[{"taxonomy":"category","embeddable":true,"href":"https:\/\/carl-humann.de\/en\/wp-json\/wp\/v2\/categories?post=1006035"},{"taxonomy":"post_tag","embeddable":true,"href":"https:\/\/carl-humann.de\/en\/wp-json\/wp\/v2\/tags?post=1006035"}],"curies":[{"name":"wp","href":"https:\/\/api.w.org\/{rel}","templated":true}]}}